{"id":4094,"date":"2023-01-24T15:00:30","date_gmt":"2023-01-24T18:00:30","guid":{"rendered":"http:\/\/blogdoarmindomaia.com.br\/?p=4094"},"modified":"2023-01-24T15:00:32","modified_gmt":"2023-01-24T18:00:32","slug":"cadastro-para-vagas-remanescentes-na-rede-municipal-de-ensino-de-araxa","status":"publish","type":"post","link":"http:\/\/blogdoarmindomaia.com.br\/?p=4094","title":{"rendered":"Cadastro para vagas remanescentes na Rede Municipal de Ensino de Arax\u00e1"},"content":{"rendered":"\n<figure class=\"wp-block-image size-full is-style-default\"><img loading=\"lazy\" decoding=\"async\" width=\"1024\" height=\"683\" src=\"http:\/\/blogdoarmindomaia.com.br\/wp-content\/uploads\/2023\/01\/Cadastro.jpeg\" alt=\"\" class=\"wp-image-4095\" srcset=\"http:\/\/blogdoarmindomaia.com.br\/wp-content\/uploads\/2023\/01\/Cadastro.jpeg 1024w, http:\/\/blogdoarmindomaia.com.br\/wp-content\/uploads\/2023\/01\/Cadastro-300x200.jpeg 300w, http:\/\/blogdoarmindomaia.com.br\/wp-content\/uploads\/2023\/01\/Cadastro-768x512.jpeg 768w\" sizes=\"auto, (max-width: 1024px) 100vw, 1024px\" \/><\/figure>\n\n\n\n<p>A Secretaria Municipal de Educa\u00e7\u00e3o informa que as fam\u00edlias de alunos que n\u00e3o foram matriculados nas escolas municipais de Arax\u00e1 ter\u00e3o mais uma oportunidade atrav\u00e9s das vagas que n\u00e3o foram preenchidas em algumas institui\u00e7\u00f5es de ensino.<br><br>O cadastro \u00e9 realizado na sede da Secretaria de Educa\u00e7\u00e3o, localizada na avenida Ros\u00e1lia Isaura de Ara\u00fajo, n\u00ba 275, Centro Administrativo. O hor\u00e1rio de funcionamento \u00e9 das 8h \u00e0s 17h.<br><br>De acordo com a secret\u00e1ria Zulma Moreira, o cadastro \u00e9 para atender aquele aluno que n\u00e3o fez a matr\u00edcula no tempo certo e perdeu a vaga. \u201cVamos estar realizando esse cadastro para as vagas remanescentes com o objetivo de conseguir alocar todos os alunos. \u00c9 importante que os pais fa\u00e7am esse cadastro o mais r\u00e1pido poss\u00edvel para que a crian\u00e7a n\u00e3o fique sem a vaga novamente\u201d, ressalta.<br><br><strong>Rede Estadual<br><\/strong><br>Para os alunos da Rede Estadual, o cadastro para vagas remanescentes come\u00e7a nesta sexta-feira, dia 27 de janeiro. Os pais devem fazer o cadastro dos filhos no Sistema \u00danico de Cadastramento e Encaminhamento de Matr\u00edcula (Sucem), atrav\u00e9s do site (&nbsp;<a href=\"http:\/\/www.cadastroescolar.educacao.mg.gov.br\/\" target=\"_blank\" rel=\"noreferrer noopener\">www.cadastroescolar.educacao.mg.gov.br<\/a>&nbsp;).<br><\/p>\n","protected":false},"excerpt":{"rendered":"<p>A Secretaria Municipal de Educa\u00e7\u00e3o informa que as fam\u00edlias de alunos que n\u00e3o foram matriculados nas escolas municipais de Arax\u00e1<\/p>\n","protected":false},"author":2,"featured_media":4095,"comment_status":"open","ping_status":"open","sticky":false,"template":"","format":"standard","meta":{"footnotes":""},"categories":[9,13],"tags":[],"class_list":["post-4094","post","type-post","status-publish","format-standard","has-post-thumbnail","hentry","category-araxa","category-educacao"],"_links":{"self":[{"href":"http:\/\/blogdoarmindomaia.com.br\/index.php?rest_route=\/wp\/v2\/posts\/4094","targetHints":{"allow":["GET"]}}],"collection":[{"href":"http:\/\/blogdoarmindomaia.com.br\/index.php?rest_route=\/wp\/v2\/posts"}],"about":[{"href":"http:\/\/blogdoarmindomaia.com.br\/index.php?rest_route=\/wp\/v2\/types\/post"}],"author":[{"embeddable":true,"href":"http:\/\/blogdoarmindomaia.com.br\/index.php?rest_route=\/wp\/v2\/users\/2"}],"replies":[{"embeddable":true,"href":"http:\/\/blogdoarmindomaia.com.br\/index.php?rest_route=%2Fwp%2Fv2%2Fcomments&post=4094"}],"version-history":[{"count":1,"href":"http:\/\/blogdoarmindomaia.com.br\/index.php?rest_route=\/wp\/v2\/posts\/4094\/revisions"}],"predecessor-version":[{"id":4096,"href":"http:\/\/blogdoarmindomaia.com.br\/index.php?rest_route=\/wp\/v2\/posts\/4094\/revisions\/4096"}],"wp:featuredmedia":[{"embeddable":true,"href":"http:\/\/blogdoarmindomaia.com.br\/index.php?rest_route=\/wp\/v2\/media\/4095"}],"wp:attachment":[{"href":"http:\/\/blogdoarmindomaia.com.br\/index.php?rest_route=%2Fwp%2Fv2%2Fmedia&parent=4094"}],"wp:term":[{"taxonomy":"category","embeddable":true,"href":"http:\/\/blogdoarmindomaia.com.br\/index.php?rest_route=%2Fwp%2Fv2%2Fcategories&post=4094"},{"taxonomy":"post_tag","embeddable":true,"href":"http:\/\/blogdoarmindomaia.com.br\/index.php?rest_route=%2Fwp%2Fv2%2Ftags&post=4094"}],"curies":[{"name":"wp","href":"https:\/\/api.w.org\/{rel}","templated":true}]}}