{"id":4101,"date":"2023-01-24T16:13:55","date_gmt":"2023-01-24T19:13:55","guid":{"rendered":"http:\/\/blogdoarmindomaia.com.br\/?p=4101"},"modified":"2023-01-24T16:13:57","modified_gmt":"2023-01-24T19:13:57","slug":"ronaldo-anuncia-que-cruzeiro-nao-jogara-no-mineirao-em-2023","status":"publish","type":"post","link":"http:\/\/blogdoarmindomaia.com.br\/?p=4101","title":{"rendered":"Ronaldo anuncia que Cruzeiro n\u00e3o jogar\u00e1 no Mineir\u00e3o em 2023"},"content":{"rendered":"\n<figure class=\"wp-block-image size-full is-style-default\"><img loading=\"lazy\" decoding=\"async\" width=\"1000\" height=\"559\" src=\"http:\/\/blogdoarmindomaia.com.br\/wp-content\/uploads\/2023\/01\/Ronaldo.jpg\" alt=\"\" class=\"wp-image-4102\" srcset=\"http:\/\/blogdoarmindomaia.com.br\/wp-content\/uploads\/2023\/01\/Ronaldo.jpg 1000w, http:\/\/blogdoarmindomaia.com.br\/wp-content\/uploads\/2023\/01\/Ronaldo-300x168.jpg 300w, http:\/\/blogdoarmindomaia.com.br\/wp-content\/uploads\/2023\/01\/Ronaldo-768x429.jpg 768w\" sizes=\"auto, (max-width: 1000px) 100vw, 1000px\" \/><\/figure>\n\n\n\n<p>No in\u00edcio desta semana o ex-jogador e atual dirigente Ronaldo anunciou que o Cruzeiro n\u00e3o mandar\u00e1 nenhum jogo no Mineir\u00e3o em 2023. O s\u00f3cio majorit\u00e1rio da SAF do clube mineiro informou o rompimento com o cons\u00f3rcio Minas Arena, empresa que administra o est\u00e1dio, durante live em seu canal na Twitch na noite da \u00faltima segunda-feira, 23. De acordo com o ex-jogador, o est\u00e1dio que receber\u00e1 o atual campe\u00e3o da S\u00e9rie B \u00e9 o Independ\u00eancia, do Am\u00e9rica Mineiro. Ap\u00f3s a Federa\u00e7\u00e3o Mineira de Futebol divulgar em seu site o cl\u00e1ssico entre Cruzeiro e Atl\u00e9tico Mineiro, dia 13 de fevereiro, no Independ\u00eancia, Ronaldo confirmou o rompimento com o Gigante da Pampulha.\u00a0 \u201cEste ano damos como rompida nossa rela\u00e7\u00e3o com a Minas Arena. N\u00e3o jogaremos nenhum jogo no Mineir\u00e3o neste ano. Eu acho que \u00e9 um problema importante que o Governo de Minas Gerais precisar\u00e1 resolver\u201d. \u00a0Bastante cr\u00edtico \u00e0 Minas Arena, cons\u00f3rcio formado pelas empresas de engenharia Construcap, Egesa e HAP, \u00a0Ronaldo ressaltou sua insatisfa\u00e7\u00e3o com as condi\u00e7\u00f5es e cutucou a posi\u00e7\u00e3o do Governo do Estado. \u00a0\u201cOs cruzeirenses t\u00eam o Mineir\u00e3o como a sua casa, mas estamos em um contrato muito mal feito. \u00c9 um dos piores contratos que o Estado tem, logicamente que a Minas Arena est\u00e1 muito confort\u00e1vel.\u201d O \u00eddolo do futebol mundial ainda fez refer\u00eancia ao aumento do n\u00famero de shows e eventos realizados no Mineir\u00e3o nos \u00faltimos anos, que muitas vezes impactaram negativamente no futebol. \u201cPara a gente,\u00a0 o Mineir\u00e3o vai virar uma casa de show muito bacana. Eles priorizaram isso.\u201d<\/p>\n","protected":false},"excerpt":{"rendered":"<p>No in\u00edcio desta semana o ex-jogador e atual dirigente Ronaldo anunciou que o Cruzeiro n\u00e3o mandar\u00e1 nenhum jogo no Mineir\u00e3o<\/p>\n","protected":false},"author":2,"featured_media":4102,"comment_status":"open","ping_status":"open","sticky":false,"template":"","format":"standard","meta":{"footnotes":""},"categories":[9,15],"tags":[],"class_list":["post-4101","post","type-post","status-publish","format-standard","has-post-thumbnail","hentry","category-araxa","category-esportes"],"_links":{"self":[{"href":"http:\/\/blogdoarmindomaia.com.br\/index.php?rest_route=\/wp\/v2\/posts\/4101","targetHints":{"allow":["GET"]}}],"collection":[{"href":"http:\/\/blogdoarmindomaia.com.br\/index.php?rest_route=\/wp\/v2\/posts"}],"about":[{"href":"http:\/\/blogdoarmindomaia.com.br\/index.php?rest_route=\/wp\/v2\/types\/post"}],"author":[{"embeddable":true,"href":"http:\/\/blogdoarmindomaia.com.br\/index.php?rest_route=\/wp\/v2\/users\/2"}],"replies":[{"embeddable":true,"href":"http:\/\/blogdoarmindomaia.com.br\/index.php?rest_route=%2Fwp%2Fv2%2Fcomments&post=4101"}],"version-history":[{"count":1,"href":"http:\/\/blogdoarmindomaia.com.br\/index.php?rest_route=\/wp\/v2\/posts\/4101\/revisions"}],"predecessor-version":[{"id":4103,"href":"http:\/\/blogdoarmindomaia.com.br\/index.php?rest_route=\/wp\/v2\/posts\/4101\/revisions\/4103"}],"wp:featuredmedia":[{"embeddable":true,"href":"http:\/\/blogdoarmindomaia.com.br\/index.php?rest_route=\/wp\/v2\/media\/4102"}],"wp:attachment":[{"href":"http:\/\/blogdoarmindomaia.com.br\/index.php?rest_route=%2Fwp%2Fv2%2Fmedia&parent=4101"}],"wp:term":[{"taxonomy":"category","embeddable":true,"href":"http:\/\/blogdoarmindomaia.com.br\/index.php?rest_route=%2Fwp%2Fv2%2Fcategories&post=4101"},{"taxonomy":"post_tag","embeddable":true,"href":"http:\/\/blogdoarmindomaia.com.br\/index.php?rest_route=%2Fwp%2Fv2%2Ftags&post=4101"}],"curies":[{"name":"wp","href":"https:\/\/api.w.org\/{rel}","templated":true}]}}