{"id":4107,"date":"2023-01-24T16:21:09","date_gmt":"2023-01-24T19:21:09","guid":{"rendered":"http:\/\/blogdoarmindomaia.com.br\/?p=4107"},"modified":"2023-01-24T16:21:12","modified_gmt":"2023-01-24T19:21:12","slug":"cavalgada-destina-recursos-em-prol-do-trabalho-da-ampara-em-araxa","status":"publish","type":"post","link":"http:\/\/blogdoarmindomaia.com.br\/?p=4107","title":{"rendered":"<strong>Cavalgada destina recursos em prol do trabalho da Ampara em Arax\u00e1<\/strong><br><br>"},"content":{"rendered":"\n<figure class=\"wp-block-image size-large is-style-default\"><img loading=\"lazy\" decoding=\"async\" width=\"933\" height=\"1024\" src=\"http:\/\/blogdoarmindomaia.com.br\/wp-content\/uploads\/2023\/01\/Cavalgada-em-prol-da-Ampara-1-933x1024.jpeg\" alt=\"\" class=\"wp-image-4108\" srcset=\"http:\/\/blogdoarmindomaia.com.br\/wp-content\/uploads\/2023\/01\/Cavalgada-em-prol-da-Ampara-1-933x1024.jpeg 933w, http:\/\/blogdoarmindomaia.com.br\/wp-content\/uploads\/2023\/01\/Cavalgada-em-prol-da-Ampara-1-273x300.jpeg 273w, http:\/\/blogdoarmindomaia.com.br\/wp-content\/uploads\/2023\/01\/Cavalgada-em-prol-da-Ampara-1-768x843.jpeg 768w, http:\/\/blogdoarmindomaia.com.br\/wp-content\/uploads\/2023\/01\/Cavalgada-em-prol-da-Ampara-1.jpeg 1166w\" sizes=\"auto, (max-width: 933px) 100vw, 933px\" \/><\/figure>\n\n\n\n<figure class=\"wp-block-image size-large is-style-default\"><img loading=\"lazy\" decoding=\"async\" width=\"1024\" height=\"768\" src=\"http:\/\/blogdoarmindomaia.com.br\/wp-content\/uploads\/2023\/01\/Cavalgada-em-prol-da-Ampara-3-1024x768.jpeg\" alt=\"\" class=\"wp-image-4109\" srcset=\"http:\/\/blogdoarmindomaia.com.br\/wp-content\/uploads\/2023\/01\/Cavalgada-em-prol-da-Ampara-3-1024x768.jpeg 1024w, http:\/\/blogdoarmindomaia.com.br\/wp-content\/uploads\/2023\/01\/Cavalgada-em-prol-da-Ampara-3-300x225.jpeg 300w, http:\/\/blogdoarmindomaia.com.br\/wp-content\/uploads\/2023\/01\/Cavalgada-em-prol-da-Ampara-3-768x576.jpeg 768w, http:\/\/blogdoarmindomaia.com.br\/wp-content\/uploads\/2023\/01\/Cavalgada-em-prol-da-Ampara-3-1536x1152.jpeg 1536w, http:\/\/blogdoarmindomaia.com.br\/wp-content\/uploads\/2023\/01\/Cavalgada-em-prol-da-Ampara-3.jpeg 1600w\" sizes=\"auto, (max-width: 1024px) 100vw, 1024px\" \/><\/figure>\n\n\n\n<p>Uma parceria do bem, que visou o aux\u00edlio no tratamento e recupera\u00e7\u00e3o das pessoas com c\u00e2ncer na cidade. No \u00faltimo dia 15, o Centro Equestre Recanto do Lago em parceria com a Comitiva Ch\u00e3o Mineiro e apoio das duplas Jhon Vitor &amp;&nbsp;Rafael e Jane &amp; Eliane, realizaram a Primeira Cavalgada Beneficente de Arax\u00e1.<br><br>O evento que contou ainda com a participa\u00e7\u00e3o de diversas empresas do munic\u00edpio, teve toda renda destinada \u00e0 Associa\u00e7\u00e3o de Amparo \u00e0s Pessoas com C\u00e2ncer de Arax\u00e1 (Ampara). De acordo com a coordenadora, Juliana Silva, o fomento de grandes parcerias traz sempre resultados significativos em prol do trabalho desenvolvido pela institui\u00e7\u00e3o.<br><br>\u201cFazemos quest\u00e3o de agradecer imensamente a todos que apoiaram e tornaram poss\u00edvel este evento. Toda arrecada\u00e7\u00e3o foi destinada com intuito de ajudar na realiza\u00e7\u00e3o das atividades de amparo \u00e0s necessidades dos nossos atendidos. Tudo isso aconteceu por meio de um momento especial, lindo e \u00fanico, que foi um sucesso\u201d, destaca.<br><br><strong>Sobre a Ampara<\/strong><br><br>A Ampara atua em Arax\u00e1 desde 2015, prestando assist\u00eancia a pacientes em tratamento de c\u00e2ncer. Aux\u00edlios com a doa\u00e7\u00e3o de caixas de leite, cestas b\u00e1sicas, suplementos alimentares, bolsa de colostomia, medicamentos n\u00e3o encontrados ou n\u00e3o fornecidos pelo SUS, fraldas geri\u00e1tricas e absorventes cir\u00fargicos s\u00e3o realizados pela institui\u00e7\u00e3o.<br><br>Al\u00e9m disso, a Associa\u00e7\u00e3o tamb\u00e9m realiza atendimentos psicol\u00f3gico, nutricional, de assessoria jur\u00eddica, assist\u00eancia social, oficinas, entre outros, auxiliando os atendidos e familiares.<br><br>Para a realiza\u00e7\u00e3o de doa\u00e7\u00f5es, os interessados podem comparecer \u00e0 sede da Ampara, localizada na Avenida Senador Montandon, n\u00b0 98, no Centro. O telefone para contato \u00e9 o (34) 3612-1611.<\/p>\n","protected":false},"excerpt":{"rendered":"<p>Uma parceria do bem, que visou o aux\u00edlio no tratamento e recupera\u00e7\u00e3o das pessoas com c\u00e2ncer na cidade. No \u00faltimo<\/p>\n","protected":false},"author":2,"featured_media":4108,"comment_status":"open","ping_status":"open","sticky":false,"template":"","format":"standard","meta":{"footnotes":""},"categories":[9,8],"tags":[],"class_list":["post-4107","post","type-post","status-publish","format-standard","has-post-thumbnail","hentry","category-araxa","category-cidades"],"_links":{"self":[{"href":"http:\/\/blogdoarmindomaia.com.br\/index.php?rest_route=\/wp\/v2\/posts\/4107","targetHints":{"allow":["GET"]}}],"collection":[{"href":"http:\/\/blogdoarmindomaia.com.br\/index.php?rest_route=\/wp\/v2\/posts"}],"about":[{"href":"http:\/\/blogdoarmindomaia.com.br\/index.php?rest_route=\/wp\/v2\/types\/post"}],"author":[{"embeddable":true,"href":"http:\/\/blogdoarmindomaia.com.br\/index.php?rest_route=\/wp\/v2\/users\/2"}],"replies":[{"embeddable":true,"href":"http:\/\/blogdoarmindomaia.com.br\/index.php?rest_route=%2Fwp%2Fv2%2Fcomments&post=4107"}],"version-history":[{"count":1,"href":"http:\/\/blogdoarmindomaia.com.br\/index.php?rest_route=\/wp\/v2\/posts\/4107\/revisions"}],"predecessor-version":[{"id":4110,"href":"http:\/\/blogdoarmindomaia.com.br\/index.php?rest_route=\/wp\/v2\/posts\/4107\/revisions\/4110"}],"wp:featuredmedia":[{"embeddable":true,"href":"http:\/\/blogdoarmindomaia.com.br\/index.php?rest_route=\/wp\/v2\/media\/4108"}],"wp:attachment":[{"href":"http:\/\/blogdoarmindomaia.com.br\/index.php?rest_route=%2Fwp%2Fv2%2Fmedia&parent=4107"}],"wp:term":[{"taxonomy":"category","embeddable":true,"href":"http:\/\/blogdoarmindomaia.com.br\/index.php?rest_route=%2Fwp%2Fv2%2Fcategories&post=4107"},{"taxonomy":"post_tag","embeddable":true,"href":"http:\/\/blogdoarmindomaia.com.br\/index.php?rest_route=%2Fwp%2Fv2%2Ftags&post=4107"}],"curies":[{"name":"wp","href":"https:\/\/api.w.org\/{rel}","templated":true}]}}