{"id":4124,"date":"2023-01-25T14:35:34","date_gmt":"2023-01-25T17:35:34","guid":{"rendered":"http:\/\/blogdoarmindomaia.com.br\/?p=4124"},"modified":"2023-01-25T14:35:36","modified_gmt":"2023-01-25T17:35:36","slug":"projeto-cesta-na-educacao-abre-inscricoes-para-criancas-e-adolescentes-em-araxa","status":"publish","type":"post","link":"http:\/\/blogdoarmindomaia.com.br\/?p=4124","title":{"rendered":"<strong>Projeto Cesta na Educa\u00e7\u00e3o abre inscri\u00e7\u00f5es para crian\u00e7as e adolescentes em Arax\u00e1<\/strong><br>"},"content":{"rendered":"\n<figure class=\"wp-block-image size-full is-style-default\"><img loading=\"lazy\" decoding=\"async\" width=\"1024\" height=\"683\" src=\"http:\/\/blogdoarmindomaia.com.br\/wp-content\/uploads\/2023\/01\/Vagas-abertas-Cestas-na-Educacao-2.jpeg\" alt=\"\" class=\"wp-image-4125\" srcset=\"http:\/\/blogdoarmindomaia.com.br\/wp-content\/uploads\/2023\/01\/Vagas-abertas-Cestas-na-Educacao-2.jpeg 1024w, http:\/\/blogdoarmindomaia.com.br\/wp-content\/uploads\/2023\/01\/Vagas-abertas-Cestas-na-Educacao-2-300x200.jpeg 300w, http:\/\/blogdoarmindomaia.com.br\/wp-content\/uploads\/2023\/01\/Vagas-abertas-Cestas-na-Educacao-2-768x512.jpeg 768w\" sizes=\"auto, (max-width: 1024px) 100vw, 1024px\" \/><\/figure>\n\n\n\n<p>O Projeto Social Cesta na Educa\u00e7\u00e3o est\u00e1 com inscri\u00e7\u00f5es abertas para turmas de basquete para crian\u00e7as e adolescentes (meninos e meninas) de 8 a 18 anos em Arax\u00e1. As matr\u00edculas ser\u00e3o realizadas no gin\u00e1sio Poliesportivo Jo\u00e3o Elmiro Manoel, do bairro S\u00e3o Geraldo, situado na avenida Amazonas, a partir do dia 2 de fevereiro, das 8h \u00e0s 11h e de 14h \u00e0s 18h, nas ter\u00e7as e quintas-feiras. O projeto \u00e9 gratuito e aberto para toda a comunidade.<br><br>Para inscri\u00e7\u00e3o \u00e9 necess\u00e1rio apresentar os documentos pessoais do aluno e do respons\u00e1vel (maior de 18 anos). S\u00e3o eles: RG, CPF e comprovante de resid\u00eancia. As turmas ser\u00e3o divididas em duas categorias: inicia\u00e7\u00e3o esportiva e intermedi\u00e1ria, no contra turno escolar.<br><br>O diretor de projetos, Yghor Queiroz Gomes, explica a import\u00e2ncia da pr\u00e1tica esportiva para o desenvolvimento do aluno. \u201cO esporte \u00e9 capaz de proporcionar in\u00fameros benef\u00edcios para a vida. Durante as aulas al\u00e9m das pr\u00e1ticas esportivas tamb\u00e9m trabalhamos o lado educacional, l\u00fadico e cultural, para formarmos grandes cidad\u00e3os\u201d, refor\u00e7a.<br><br>Para mais informa\u00e7\u00f5es, \u00e9 poss\u00edvel entrar em contato no telefone (34) 99990-1545 ou pelo Instagram @aedecbrasil.<br>&nbsp;<strong><br>Sobre o projeto<\/strong><br><br>O projeto Cesta na Educa\u00e7\u00e3o \u00e9 uma iniciativa da Associa\u00e7\u00e3o Educacional de Desenvolvimento Esportivo e Cultural (Aedec) que leva o basquete para crian\u00e7as e adolescentes em Arax\u00e1 desde setembro de 2021.<br><br>Durante as atividades s\u00e3o desenvolvidos valores de forma l\u00fadica e saud\u00e1vel e habilidades, visando o incentivo \u00e0 sa\u00fade e \u00e0 forma\u00e7\u00e3o social por meio do esporte.<br><br>O projeto \u00e9 viabilizado por meio da Lei Federal de Incentivo ao Esporte (LIE) e conta com apoio da Prefeitura de Arax\u00e1.<\/p>\n","protected":false},"excerpt":{"rendered":"<p>O Projeto Social Cesta na Educa\u00e7\u00e3o est\u00e1 com inscri\u00e7\u00f5es abertas para turmas de basquete para crian\u00e7as e adolescentes (meninos e<\/p>\n","protected":false},"author":2,"featured_media":4125,"comment_status":"open","ping_status":"open","sticky":false,"template":"","format":"standard","meta":{"footnotes":""},"categories":[9,11,15],"tags":[],"class_list":["post-4124","post","type-post","status-publish","format-standard","has-post-thumbnail","hentry","category-araxa","category-destaques","category-esportes"],"_links":{"self":[{"href":"http:\/\/blogdoarmindomaia.com.br\/index.php?rest_route=\/wp\/v2\/posts\/4124","targetHints":{"allow":["GET"]}}],"collection":[{"href":"http:\/\/blogdoarmindomaia.com.br\/index.php?rest_route=\/wp\/v2\/posts"}],"about":[{"href":"http:\/\/blogdoarmindomaia.com.br\/index.php?rest_route=\/wp\/v2\/types\/post"}],"author":[{"embeddable":true,"href":"http:\/\/blogdoarmindomaia.com.br\/index.php?rest_route=\/wp\/v2\/users\/2"}],"replies":[{"embeddable":true,"href":"http:\/\/blogdoarmindomaia.com.br\/index.php?rest_route=%2Fwp%2Fv2%2Fcomments&post=4124"}],"version-history":[{"count":1,"href":"http:\/\/blogdoarmindomaia.com.br\/index.php?rest_route=\/wp\/v2\/posts\/4124\/revisions"}],"predecessor-version":[{"id":4126,"href":"http:\/\/blogdoarmindomaia.com.br\/index.php?rest_route=\/wp\/v2\/posts\/4124\/revisions\/4126"}],"wp:featuredmedia":[{"embeddable":true,"href":"http:\/\/blogdoarmindomaia.com.br\/index.php?rest_route=\/wp\/v2\/media\/4125"}],"wp:attachment":[{"href":"http:\/\/blogdoarmindomaia.com.br\/index.php?rest_route=%2Fwp%2Fv2%2Fmedia&parent=4124"}],"wp:term":[{"taxonomy":"category","embeddable":true,"href":"http:\/\/blogdoarmindomaia.com.br\/index.php?rest_route=%2Fwp%2Fv2%2Fcategories&post=4124"},{"taxonomy":"post_tag","embeddable":true,"href":"http:\/\/blogdoarmindomaia.com.br\/index.php?rest_route=%2Fwp%2Fv2%2Ftags&post=4124"}],"curies":[{"name":"wp","href":"https:\/\/api.w.org\/{rel}","templated":true}]}}