{"id":413,"date":"2022-04-19T20:16:55","date_gmt":"2022-04-19T23:16:55","guid":{"rendered":"http:\/\/blogdoarmindomaia.com.br\/?p=413"},"modified":"2022-04-19T20:16:57","modified_gmt":"2022-04-19T23:16:57","slug":"com-retomada-das-atividades-culturais-e-turisticas-museus-de-araxa-atraem-mais-visitantes","status":"publish","type":"post","link":"http:\/\/blogdoarmindomaia.com.br\/?p=413","title":{"rendered":"Com retomada das atividades culturais e tur\u00edsticas, museus de Arax\u00e1 atraem mais visitantes"},"content":{"rendered":"\n<figure class=\"wp-block-image size-full is-style-default\"><img loading=\"lazy\" decoding=\"async\" width=\"1024\" height=\"683\" src=\"http:\/\/blogdoarmindomaia.com.br\/wp-content\/uploads\/2022\/04\/teatro-01.jpeg\" alt=\"\" class=\"wp-image-414\" srcset=\"http:\/\/blogdoarmindomaia.com.br\/wp-content\/uploads\/2022\/04\/teatro-01.jpeg 1024w, http:\/\/blogdoarmindomaia.com.br\/wp-content\/uploads\/2022\/04\/teatro-01-300x200.jpeg 300w, http:\/\/blogdoarmindomaia.com.br\/wp-content\/uploads\/2022\/04\/teatro-01-768x512.jpeg 768w\" sizes=\"auto, (max-width: 1024px) 100vw, 1024px\" \/><\/figure>\n\n\n\n<p>Os museus de Arax\u00e1 registraram aumento no n\u00famero de visitantes ap\u00f3s a retomada das atra\u00e7\u00f5es culturais e tur\u00edsticas. S\u00f3 nos primeiros dias de abril, foram 791 visitas aos espa\u00e7os, que tiveram o hor\u00e1rio de atendimento estendido aos s\u00e1bados, passando a funcionar das 9h \u00e0s 15h.<\/p>\n\n\n\n<p>Do dia 1\u00b0 ao dia 12 deste m\u00eas, o Museu Hist\u00f3rico Dona Beja recebeu 504 visitantes. Pelo Museu Calmon Barreto e Memorial de Arax\u00e1 passaram 168 pessoas, 87 visitaram os museus da Imagem e do Som e do Legislativo, enquanto 32 turistas visitaram o Museu Sacro.<\/p>\n\n\n\n<p>Para a presidente da Funda\u00e7\u00e3o Cultural Calmon Barreto (FCCB), Cynthia Ver\u00e7osa, o aumento do fluxo nos espa\u00e7os est\u00e1 ligado principalmente \u00e0 retomada das atividades.<\/p>\n\n\n\n<p>\u201cA cultura e o turismo andam juntos, e esse aumento das caravanas se deve principalmente porque Arax\u00e1 voltou a receber projetos culturais. Com as flexibiliza\u00e7\u00f5es, as pessoas est\u00e3o vindo para participar dos eventos e logicamente v\u00e3o conhecer a cidade. Por isso, expandimos tamb\u00e9m o hor\u00e1rio de funcionamento dos museus aos s\u00e1bados para dar mais tempo para que os turistas e os araxaenses aproveitem os espa\u00e7os com tranquilidade.\u201d<\/p>\n\n\n\n<p><strong>Visitas guiadas e gratuitas<br><\/strong><br>Durante a passagem pelos museus, os visitantes s\u00e3o acompanhados por monitores, que realizam um tour guiado e gratuito, onde \u00e9 contada toda hist\u00f3ria do local e dos objetos do acervo. As caravanas s\u00e3o separadas em grupos, de acordo com o espa\u00e7o de cada pr\u00e9dio.<\/p>\n\n\n\n<p>\u201cN\u00e3o temos limite m\u00ednimo ou m\u00e1ximo para a forma\u00e7\u00e3o do grupo de pessoas, mas buscamos nos adaptar de acordo com o tamanho das salas e ambientes. No Centro da cidade, temos como se fosse uma ilha de museus, com o Teatro Municipal no meio. Por isso, quando uma grande caravana chega, convidamos para que quando um grupo est\u00e1 em um espa\u00e7o, o restante da turma visite outro museu, aproveitando melhor o tempo\u201d, explica Cynthia.<\/p>\n\n\n\n<p>Outra op\u00e7\u00e3o para facilitar a chegada dos turistas \u00e9 o estacionamento exclusivo para \u00f4nibus de excurs\u00f5es que fica na porta do Museu Calmon Barreto e Memorial de Arax\u00e1.<\/p>\n\n\n\n<p><strong>Conhe\u00e7a os espa\u00e7os<br><\/strong><br>&#8211; Museu Hist\u00f3rico Dona Beja &#8211; Pra\u00e7a Coronel Adolfo, 98, Centro &#8211; Tel: (34) 9.9257-1160.<\/p>\n\n\n\n<p>&#8211; Museu Calmon Barreto e Memorial de Arax\u00e1 &#8211; Avenida Vereador Jo\u00e3o Sena, 98, Centro &#8211; Tel: (34) 9.9257-0982.<\/p>\n\n\n\n<p>Museus da Imagem e do Som e do Legislativo &#8211; Pra\u00e7a Coronel Adolfo, 9, Centro &#8211; Tel: (34) 9.9257-1165.<\/p>\n\n\n\n<p>Museu Sacro &#8211; Pra\u00e7a de S\u00e3o Sebasti\u00e3o, s\/n, Vila S\u00e3o Pedro &#8211; Tel: (34) 9.9257-1160.<\/p>\n\n\n\n<p><strong>Hor\u00e1rio de funcionamento<br><\/strong><br>&#8211; Ter\u00e7a a sexta-feira: 8h \u00e0s 18h;<br>&#8211; S\u00e1bados: 9h \u00e0s 15h;<br>&#8211; Domingos e feriados: 8h \u00e0s 12h.&nbsp;&nbsp;<\/p>\n","protected":false},"excerpt":{"rendered":"<p>Os museus de Arax\u00e1 registraram aumento no n\u00famero de visitantes ap\u00f3s a retomada das atra\u00e7\u00f5es culturais e tur\u00edsticas. S\u00f3 nos<\/p>\n","protected":false},"author":2,"featured_media":414,"comment_status":"open","ping_status":"open","sticky":false,"template":"","format":"standard","meta":{"footnotes":""},"categories":[32],"tags":[],"class_list":["post-413","post","type-post","status-publish","format-standard","has-post-thumbnail","hentry","category-turismo"],"_links":{"self":[{"href":"http:\/\/blogdoarmindomaia.com.br\/index.php?rest_route=\/wp\/v2\/posts\/413","targetHints":{"allow":["GET"]}}],"collection":[{"href":"http:\/\/blogdoarmindomaia.com.br\/index.php?rest_route=\/wp\/v2\/posts"}],"about":[{"href":"http:\/\/blogdoarmindomaia.com.br\/index.php?rest_route=\/wp\/v2\/types\/post"}],"author":[{"embeddable":true,"href":"http:\/\/blogdoarmindomaia.com.br\/index.php?rest_route=\/wp\/v2\/users\/2"}],"replies":[{"embeddable":true,"href":"http:\/\/blogdoarmindomaia.com.br\/index.php?rest_route=%2Fwp%2Fv2%2Fcomments&post=413"}],"version-history":[{"count":1,"href":"http:\/\/blogdoarmindomaia.com.br\/index.php?rest_route=\/wp\/v2\/posts\/413\/revisions"}],"predecessor-version":[{"id":415,"href":"http:\/\/blogdoarmindomaia.com.br\/index.php?rest_route=\/wp\/v2\/posts\/413\/revisions\/415"}],"wp:featuredmedia":[{"embeddable":true,"href":"http:\/\/blogdoarmindomaia.com.br\/index.php?rest_route=\/wp\/v2\/media\/414"}],"wp:attachment":[{"href":"http:\/\/blogdoarmindomaia.com.br\/index.php?rest_route=%2Fwp%2Fv2%2Fmedia&parent=413"}],"wp:term":[{"taxonomy":"category","embeddable":true,"href":"http:\/\/blogdoarmindomaia.com.br\/index.php?rest_route=%2Fwp%2Fv2%2Fcategories&post=413"},{"taxonomy":"post_tag","embeddable":true,"href":"http:\/\/blogdoarmindomaia.com.br\/index.php?rest_route=%2Fwp%2Fv2%2Ftags&post=413"}],"curies":[{"name":"wp","href":"https:\/\/api.w.org\/{rel}","templated":true}]}}