{"id":4135,"date":"2023-01-26T14:53:09","date_gmt":"2023-01-26T17:53:09","guid":{"rendered":"http:\/\/blogdoarmindomaia.com.br\/?p=4135"},"modified":"2023-01-26T14:53:10","modified_gmt":"2023-01-26T17:53:10","slug":"lancado-em-araxa-o-programa-colab-cidadao","status":"publish","type":"post","link":"http:\/\/blogdoarmindomaia.com.br\/?p=4135","title":{"rendered":"<strong>Lan\u00e7ado em Arax\u00e1 o Programa Colab Cidad\u00e3o<\/strong>"},"content":{"rendered":"\n<figure class=\"wp-block-image size-full is-style-default\"><img loading=\"lazy\" decoding=\"async\" width=\"1024\" height=\"683\" src=\"http:\/\/blogdoarmindomaia.com.br\/wp-content\/uploads\/2023\/01\/Lancado-em-Araxa-o-Programa-Colab-Cidadao-pag-04.jpeg\" alt=\"\" class=\"wp-image-4136\" srcset=\"http:\/\/blogdoarmindomaia.com.br\/wp-content\/uploads\/2023\/01\/Lancado-em-Araxa-o-Programa-Colab-Cidadao-pag-04.jpeg 1024w, http:\/\/blogdoarmindomaia.com.br\/wp-content\/uploads\/2023\/01\/Lancado-em-Araxa-o-Programa-Colab-Cidadao-pag-04-300x200.jpeg 300w, http:\/\/blogdoarmindomaia.com.br\/wp-content\/uploads\/2023\/01\/Lancado-em-Araxa-o-Programa-Colab-Cidadao-pag-04-768x512.jpeg 768w\" sizes=\"auto, (max-width: 1024px) 100vw, 1024px\" \/><\/figure>\n\n\n\n<figure class=\"wp-block-image size-full is-style-default\"><img loading=\"lazy\" decoding=\"async\" width=\"1024\" height=\"683\" src=\"http:\/\/blogdoarmindomaia.com.br\/wp-content\/uploads\/2023\/01\/colab-1.jpeg\" alt=\"\" class=\"wp-image-4137\" srcset=\"http:\/\/blogdoarmindomaia.com.br\/wp-content\/uploads\/2023\/01\/colab-1.jpeg 1024w, http:\/\/blogdoarmindomaia.com.br\/wp-content\/uploads\/2023\/01\/colab-1-300x200.jpeg 300w, http:\/\/blogdoarmindomaia.com.br\/wp-content\/uploads\/2023\/01\/colab-1-768x512.jpeg 768w\" sizes=\"auto, (max-width: 1024px) 100vw, 1024px\" \/><\/figure>\n\n\n\n<p>Uma ferramenta que promove a participa\u00e7\u00e3o direta da Prefeitura de Arax\u00e1 com a popula\u00e7\u00e3o, proporcionando mais efici\u00eancia na presta\u00e7\u00e3o dos servi\u00e7os p\u00fablicos e atendimento de demandas do cidad\u00e3o.<br><br>A Prefeitura de Arax\u00e1 lan\u00e7ou, na quarta-feira (25), o primeiro Programa de Inova\u00e7\u00e3o Tecnol\u00f3gica e Comunica\u00e7\u00e3o P\u00fablica do Munic\u00edpio. Por meio do Colab Cidad\u00e3o Arax\u00e1, a popula\u00e7\u00e3o consegue apontar problemas p\u00fablicos, fiscalizar, sugerir e avaliar os servi\u00e7os oferecidos pela Administra\u00e7\u00e3o Municipal.<br><br>O Colab \u00e9 um sistema de gest\u00e3o de relacionamento com o cidad\u00e3o, elaborado por uma rede social e um conjunto de softwares modernos que promovem uma gest\u00e3o p\u00fablica colaborativa e de atendimento \u00e0s demandas do cidad\u00e3o.<br><br>S\u00e3o 14 categorias e mais de 80 op\u00e7\u00f5es de servi\u00e7os e ferramentas dispon\u00edveis que permitem uma gest\u00e3o colaborativa com foco na satisfa\u00e7\u00e3o da comunidade, como por exemplo, consultas p\u00fablicas e servi\u00e7os digitais.<br>&nbsp;<br>A plataforma \u00e9 reconhecida e premiada mundialmente, estando presente em mais de 130 munic\u00edpios brasileiros, dentre eles grandes centros como Campinas (SP), Recife (PR) e Macei\u00f3 (AL). Dentre os pr\u00eamios reconhecidos, destacam-se o Melhor Aplicativo Urbano do Mundo (New Cities Foundation); Top 5 de solu\u00e7\u00e3o \u201cmobile\u201d para governos do Mundo (WSA Awards \u2013 Abu Dhabi); e Neg\u00f3cio com maior impacto social e potencial de globaliza\u00e7\u00e3o (BID \u2013 Washington, DC).<br><br>De acordo com o prefeito Robson Magela, o Colab Cidad\u00e3o coloca Arax\u00e1 entre as principais cidades do Brasil que levam o avan\u00e7o tecnol\u00f3gico para facilitar e estreitar o relacionamento da comunidade com a Gest\u00e3o Municipal.<br><br>\u201cA transforma\u00e7\u00e3o digital \u00e9 algo que avan\u00e7a a passos cada vez mais largos. As empresas p\u00fablicas e privadas precisam se estruturar para se adaptar o mais r\u00e1pido poss\u00edvel a essa realidade. Estamos usando tecnologia e inova\u00e7\u00e3o para melhorar a efici\u00eancia operacional dos servi\u00e7os p\u00fablicos, compartilhar mais informa\u00e7\u00f5es e fornecer mais qualidade de servi\u00e7o governamental e bem-estar ao cidad\u00e3o\u201d, destaca.<br><\/p>\n","protected":false},"excerpt":{"rendered":"<p>Uma ferramenta que promove a participa\u00e7\u00e3o direta da Prefeitura de Arax\u00e1 com a popula\u00e7\u00e3o, proporcionando mais efici\u00eancia na presta\u00e7\u00e3o dos<\/p>\n","protected":false},"author":2,"featured_media":4136,"comment_status":"open","ping_status":"open","sticky":false,"template":"","format":"standard","meta":{"footnotes":""},"categories":[9,11],"tags":[],"class_list":["post-4135","post","type-post","status-publish","format-standard","has-post-thumbnail","hentry","category-araxa","category-destaques"],"_links":{"self":[{"href":"http:\/\/blogdoarmindomaia.com.br\/index.php?rest_route=\/wp\/v2\/posts\/4135","targetHints":{"allow":["GET"]}}],"collection":[{"href":"http:\/\/blogdoarmindomaia.com.br\/index.php?rest_route=\/wp\/v2\/posts"}],"about":[{"href":"http:\/\/blogdoarmindomaia.com.br\/index.php?rest_route=\/wp\/v2\/types\/post"}],"author":[{"embeddable":true,"href":"http:\/\/blogdoarmindomaia.com.br\/index.php?rest_route=\/wp\/v2\/users\/2"}],"replies":[{"embeddable":true,"href":"http:\/\/blogdoarmindomaia.com.br\/index.php?rest_route=%2Fwp%2Fv2%2Fcomments&post=4135"}],"version-history":[{"count":1,"href":"http:\/\/blogdoarmindomaia.com.br\/index.php?rest_route=\/wp\/v2\/posts\/4135\/revisions"}],"predecessor-version":[{"id":4138,"href":"http:\/\/blogdoarmindomaia.com.br\/index.php?rest_route=\/wp\/v2\/posts\/4135\/revisions\/4138"}],"wp:featuredmedia":[{"embeddable":true,"href":"http:\/\/blogdoarmindomaia.com.br\/index.php?rest_route=\/wp\/v2\/media\/4136"}],"wp:attachment":[{"href":"http:\/\/blogdoarmindomaia.com.br\/index.php?rest_route=%2Fwp%2Fv2%2Fmedia&parent=4135"}],"wp:term":[{"taxonomy":"category","embeddable":true,"href":"http:\/\/blogdoarmindomaia.com.br\/index.php?rest_route=%2Fwp%2Fv2%2Fcategories&post=4135"},{"taxonomy":"post_tag","embeddable":true,"href":"http:\/\/blogdoarmindomaia.com.br\/index.php?rest_route=%2Fwp%2Fv2%2Ftags&post=4135"}],"curies":[{"name":"wp","href":"https:\/\/api.w.org\/{rel}","templated":true}]}}