{"id":4139,"date":"2023-01-27T16:14:41","date_gmt":"2023-01-27T19:14:41","guid":{"rendered":"http:\/\/blogdoarmindomaia.com.br\/?p=4139"},"modified":"2023-01-27T16:14:43","modified_gmt":"2023-01-27T19:14:43","slug":"vigilancia-em-saude-alerta-populacao-sobre-os-cuidados-contra-a-dengue","status":"publish","type":"post","link":"http:\/\/blogdoarmindomaia.com.br\/?p=4139","title":{"rendered":"Vigil\u00e2ncia em Sa\u00fade alerta popula\u00e7\u00e3o sobre os cuidados contra a dengue"},"content":{"rendered":"\n<figure class=\"wp-block-image size-full is-style-default\"><img loading=\"lazy\" decoding=\"async\" width=\"1024\" height=\"683\" src=\"http:\/\/blogdoarmindomaia.com.br\/wp-content\/uploads\/2023\/01\/Vigilancia-em-Saude-alerta-populacao-pag-03.jpeg\" alt=\"\" class=\"wp-image-4140\" srcset=\"http:\/\/blogdoarmindomaia.com.br\/wp-content\/uploads\/2023\/01\/Vigilancia-em-Saude-alerta-populacao-pag-03.jpeg 1024w, http:\/\/blogdoarmindomaia.com.br\/wp-content\/uploads\/2023\/01\/Vigilancia-em-Saude-alerta-populacao-pag-03-300x200.jpeg 300w, http:\/\/blogdoarmindomaia.com.br\/wp-content\/uploads\/2023\/01\/Vigilancia-em-Saude-alerta-populacao-pag-03-768x512.jpeg 768w\" sizes=\"auto, (max-width: 1024px) 100vw, 1024px\" \/><\/figure>\n\n\n\n<p>O primeiro Levantamento R\u00e1pido de \u00cdndices para Aedes aegypti (LIRAa) realizado em Arax\u00e1 em 2023 pela Secretaria Municipal de Sa\u00fade apontou taxa de 4,2% de infesta\u00e7\u00e3o do mosquito transmissor da dengue, febre amarela, zika e chikungunya. Os dados foram levantados entre os dias 9 e 12 de janeiro, percorrendo 2.241 im\u00f3veis em 119 bairros.<br><br>O \u00edndice \u00e9 maior que o registro feito em janeiro do ano passado, quando o munic\u00edpio apresentou infesta\u00e7\u00e3o de 1,8%. O n\u00famero compreende alto risco de contamina\u00e7\u00e3o alerta a popula\u00e7\u00e3o para a conscientiza\u00e7\u00e3o e preven\u00e7\u00e3o da doen\u00e7a.<br><br>A coordenadora da Vigil\u00e2ncia em Sa\u00fade, Leninha Severo, lembra que, al\u00e9m do trabalho preventivo, os Agentes de Combate \u00e0s Endemias t\u00eam a fun\u00e7\u00e3o de Educadores em Sa\u00fade tamb\u00e9m, podendo orientar os moradores sobre as medidas que devem ser adotadas para evitar a prolifera\u00e7\u00e3o do Aedes aegypti.<br><br>\u201cA nossa maior preocupa\u00e7\u00e3o neste momento \u00e9 em rela\u00e7\u00e3o \u00e0 conscientiza\u00e7\u00e3o da popula\u00e7\u00e3o para que possamos acabar com os focos da doen\u00e7a. Pedimos que todos araxaenses se mobilizem para realizar a limpeza no seu im\u00f3vel, pois mesmo com todas as a\u00e7\u00f5es feitas pela prefeitura \u00e9 preciso que todos estejam envolvidos no combate \u00e0 doen\u00e7a e fa\u00e7a a sua parte. A dengue \u00e9 uma doen\u00e7a s\u00e9ria e que pode ser evitada\u201d, diz.\u00a0<br><br>De acordo com o bi\u00f3logo da Vigil\u00e2ncia Ambiental, Fabr\u00edcio de \u00c1vila, o principal foco do mosquito observado na pesquisa foi o de vasos de plantas nas resid\u00eancias, baldes, tambores e latas. O Centro e os bairros Santa Luzia, Santa Maria, Urciano Lemos, Santo Ant\u00f4nio, P\u00e3o de A\u00e7\u00facar 4 e Jardim Nat\u00e1lia 2 apresentaram o maior n\u00famero de infesta\u00e7\u00e3o da dengue.<\/p>\n","protected":false},"excerpt":{"rendered":"<p>O primeiro Levantamento R\u00e1pido de \u00cdndices para Aedes aegypti (LIRAa) realizado em Arax\u00e1 em 2023 pela Secretaria Municipal de Sa\u00fade<\/p>\n","protected":false},"author":2,"featured_media":4140,"comment_status":"open","ping_status":"open","sticky":false,"template":"","format":"standard","meta":{"footnotes":""},"categories":[9,11],"tags":[],"class_list":["post-4139","post","type-post","status-publish","format-standard","has-post-thumbnail","hentry","category-araxa","category-destaques"],"_links":{"self":[{"href":"http:\/\/blogdoarmindomaia.com.br\/index.php?rest_route=\/wp\/v2\/posts\/4139","targetHints":{"allow":["GET"]}}],"collection":[{"href":"http:\/\/blogdoarmindomaia.com.br\/index.php?rest_route=\/wp\/v2\/posts"}],"about":[{"href":"http:\/\/blogdoarmindomaia.com.br\/index.php?rest_route=\/wp\/v2\/types\/post"}],"author":[{"embeddable":true,"href":"http:\/\/blogdoarmindomaia.com.br\/index.php?rest_route=\/wp\/v2\/users\/2"}],"replies":[{"embeddable":true,"href":"http:\/\/blogdoarmindomaia.com.br\/index.php?rest_route=%2Fwp%2Fv2%2Fcomments&post=4139"}],"version-history":[{"count":1,"href":"http:\/\/blogdoarmindomaia.com.br\/index.php?rest_route=\/wp\/v2\/posts\/4139\/revisions"}],"predecessor-version":[{"id":4141,"href":"http:\/\/blogdoarmindomaia.com.br\/index.php?rest_route=\/wp\/v2\/posts\/4139\/revisions\/4141"}],"wp:featuredmedia":[{"embeddable":true,"href":"http:\/\/blogdoarmindomaia.com.br\/index.php?rest_route=\/wp\/v2\/media\/4140"}],"wp:attachment":[{"href":"http:\/\/blogdoarmindomaia.com.br\/index.php?rest_route=%2Fwp%2Fv2%2Fmedia&parent=4139"}],"wp:term":[{"taxonomy":"category","embeddable":true,"href":"http:\/\/blogdoarmindomaia.com.br\/index.php?rest_route=%2Fwp%2Fv2%2Fcategories&post=4139"},{"taxonomy":"post_tag","embeddable":true,"href":"http:\/\/blogdoarmindomaia.com.br\/index.php?rest_route=%2Fwp%2Fv2%2Ftags&post=4139"}],"curies":[{"name":"wp","href":"https:\/\/api.w.org\/{rel}","templated":true}]}}