{"id":4142,"date":"2023-01-27T16:20:45","date_gmt":"2023-01-27T19:20:45","guid":{"rendered":"http:\/\/blogdoarmindomaia.com.br\/?p=4142"},"modified":"2023-01-27T16:20:47","modified_gmt":"2023-01-27T19:20:47","slug":"acia-apresenta-prestacao-de-contas-de-2022","status":"publish","type":"post","link":"http:\/\/blogdoarmindomaia.com.br\/?p=4142","title":{"rendered":"<strong>Acia apresenta presta\u00e7\u00e3o de contas de 2022<\/strong>"},"content":{"rendered":"\n<figure class=\"wp-block-image size-large is-style-default\"><img loading=\"lazy\" decoding=\"async\" width=\"1024\" height=\"768\" src=\"http:\/\/blogdoarmindomaia.com.br\/wp-content\/uploads\/2023\/01\/Acia-apresenta-prestacao-de-contas-de-2022-pag-07-1024x768.jpeg\" alt=\"\" class=\"wp-image-4143\" srcset=\"http:\/\/blogdoarmindomaia.com.br\/wp-content\/uploads\/2023\/01\/Acia-apresenta-prestacao-de-contas-de-2022-pag-07-1024x768.jpeg 1024w, http:\/\/blogdoarmindomaia.com.br\/wp-content\/uploads\/2023\/01\/Acia-apresenta-prestacao-de-contas-de-2022-pag-07-300x225.jpeg 300w, http:\/\/blogdoarmindomaia.com.br\/wp-content\/uploads\/2023\/01\/Acia-apresenta-prestacao-de-contas-de-2022-pag-07-768x576.jpeg 768w, http:\/\/blogdoarmindomaia.com.br\/wp-content\/uploads\/2023\/01\/Acia-apresenta-prestacao-de-contas-de-2022-pag-07-1536x1152.jpeg 1536w, http:\/\/blogdoarmindomaia.com.br\/wp-content\/uploads\/2023\/01\/Acia-apresenta-prestacao-de-contas-de-2022-pag-07.jpeg 1600w\" sizes=\"auto, (max-width: 1024px) 100vw, 1024px\" \/><\/figure>\n\n\n\n<p><em>Entidade e \u00f3rg\u00e3os orbitais apresentaram os n\u00fameros do \u00faltimo ano e o parecer da auditoria.<\/em><\/p>\n\n\n\n<p>Foi apresentada nesta quinta-feira 26, durante Assembleia Geral Ordin\u00e1ria, a presta\u00e7\u00e3o de contas do ano de 2022 da Associa\u00e7\u00e3o Comercial de Arax\u00e1 \u2013 ACIA. A AGO&nbsp;contou com a presen\u00e7a do presidente e diretores executivos, contabilidade, auditoria externa, diretores e presidentes dos \u00f3rg\u00e3os orbitais e associados, e marcou o encerramento da gest\u00e3o 2020\/2022, em que esteve \u00e0 frente o empres\u00e1rio Em\u00edlio Neumann.<\/p>\n\n\n\n<p>Desde o in\u00edcio da gest\u00e3o o trabalho foi focado na transpar\u00eancia e no fortalecimento do associativismo. Em 2018 a diretoria apresentou uma recupera\u00e7\u00e3o financeira de mais de um milh\u00e3o de reais, desta vez a Acia mostrou que por meio do trabalho, compet\u00eancia e voluntariado de toda a diretoria, cumpriu o objetivo lan\u00e7ado no in\u00edcio da gest\u00e3o, de superar as dificuldades e manter a Entidade em constante crescimento.<\/p>\n\n\n\n<p>\u201cCome\u00e7amos o primeiro mandato focados na recupera\u00e7\u00e3o, e conseguimos ir al\u00e9m. Cada \u00f3rg\u00e3o orbital teve sua autonomia e todos contribu\u00edram para que esse resultado permanecesse positivo. Conseguimos lan\u00e7ar mais uma grande campanha comercial sem custos para os associados e estamos realizando uma grande reforma, necess\u00e1ria, na sede da Entidade, um legado que vamos deixar para as futuras gest\u00f5es\u201d, afirmou o presidente Em\u00edlio Neumann.<\/p>\n\n\n\n<p><strong>Balan\u00e7o<\/strong><\/p>\n\n\n\n<p>Durante a AGO o segundo tesoureiro da Acia, Wagner Bueno de Paula apresentou os n\u00fameros referentes ao balan\u00e7o de 2022 que mostraram uma estabilidade financeira, tendo sido todas as contas aprovadas sem ressalvas. Al\u00e9m disso, os \u00f3rg\u00e3os orbitais, o Instituto de Cr\u00e9dito Acia \u2013 Aciacred e a Funda\u00e7\u00e3o Cultural Acia \u2013 Facia tamb\u00e9m realizaram suas presta\u00e7\u00f5es, todos com resultados positivos e aprovados por unanimidade.<\/p>\n\n\n\n<p><strong>Auditoria<\/strong><\/p>\n\n\n\n<p>Durante toda a gest\u00e3o, a diretoria viu a necessidade de contratar uma auditoria externa tendo em vista o compromisso da Acia com seus associados e com a comunidade araxaense, e por isso a R&amp;R Auditoria, de Belo Horizonte, foi contratada. De acordo com o auditor Warley Dias que acompanha a Acia desde ent\u00e3o, o objetivo deste trabalho \u00e9 confirmar se os n\u00fameros s\u00e3o fidedignos tanto na parte administrativa como na financeira.<\/p>\n\n\n\n<p>\u201cN\u00f3s da auditoria temos o compromisso de avaliar todas as demonstra\u00e7\u00f5es cont\u00e1beis desde 2016, quando come\u00e7amos nosso trabalho junto \u00e0 Acia. Avaliamos notas fiscais, contratos, demonstrativos, todos os documentos que s\u00e3o repassados pela contadora para verificar qualquer irregularidade, se tudo est\u00e1 de acordo com a lei e se os n\u00fameros representam a realidade\u201d, explicou Warley.<\/p>\n\n\n\n<p>Warley acrescenta ainda que o parecer atual da auditoria \u00e9 sem ressalvas \u201cEm nossa opini\u00e3o, as demonstra\u00e7\u00f5es cont\u00e1beis apresentam adequadamente, em todos os aspectos relevantes, a posi\u00e7\u00e3o patrimonial e financeira da Acia at\u00e9 o dia 31 de dezembro de 2022, o desempenho de suas opera\u00e7\u00f5es e os seus fluxos de caixa para o exerc\u00edcio findo nessa data, de acordo com as pr\u00e1ticas cont\u00e1beis adotadas no Brasil, aplic\u00e1veis \u00e0s entidades sem fins lucrativos\u201d, concluiu.<\/p>\n","protected":false},"excerpt":{"rendered":"<p>Entidade e \u00f3rg\u00e3os orbitais apresentaram os n\u00fameros do \u00faltimo ano e o parecer da auditoria. Foi apresentada nesta quinta-feira 26,<\/p>\n","protected":false},"author":2,"featured_media":4143,"comment_status":"open","ping_status":"open","sticky":false,"template":"","format":"standard","meta":{"footnotes":""},"categories":[9,11],"tags":[],"class_list":["post-4142","post","type-post","status-publish","format-standard","has-post-thumbnail","hentry","category-araxa","category-destaques"],"_links":{"self":[{"href":"http:\/\/blogdoarmindomaia.com.br\/index.php?rest_route=\/wp\/v2\/posts\/4142","targetHints":{"allow":["GET"]}}],"collection":[{"href":"http:\/\/blogdoarmindomaia.com.br\/index.php?rest_route=\/wp\/v2\/posts"}],"about":[{"href":"http:\/\/blogdoarmindomaia.com.br\/index.php?rest_route=\/wp\/v2\/types\/post"}],"author":[{"embeddable":true,"href":"http:\/\/blogdoarmindomaia.com.br\/index.php?rest_route=\/wp\/v2\/users\/2"}],"replies":[{"embeddable":true,"href":"http:\/\/blogdoarmindomaia.com.br\/index.php?rest_route=%2Fwp%2Fv2%2Fcomments&post=4142"}],"version-history":[{"count":1,"href":"http:\/\/blogdoarmindomaia.com.br\/index.php?rest_route=\/wp\/v2\/posts\/4142\/revisions"}],"predecessor-version":[{"id":4144,"href":"http:\/\/blogdoarmindomaia.com.br\/index.php?rest_route=\/wp\/v2\/posts\/4142\/revisions\/4144"}],"wp:featuredmedia":[{"embeddable":true,"href":"http:\/\/blogdoarmindomaia.com.br\/index.php?rest_route=\/wp\/v2\/media\/4143"}],"wp:attachment":[{"href":"http:\/\/blogdoarmindomaia.com.br\/index.php?rest_route=%2Fwp%2Fv2%2Fmedia&parent=4142"}],"wp:term":[{"taxonomy":"category","embeddable":true,"href":"http:\/\/blogdoarmindomaia.com.br\/index.php?rest_route=%2Fwp%2Fv2%2Fcategories&post=4142"},{"taxonomy":"post_tag","embeddable":true,"href":"http:\/\/blogdoarmindomaia.com.br\/index.php?rest_route=%2Fwp%2Fv2%2Ftags&post=4142"}],"curies":[{"name":"wp","href":"https:\/\/api.w.org\/{rel}","templated":true}]}}