{"id":4145,"date":"2023-01-27T16:33:24","date_gmt":"2023-01-27T19:33:24","guid":{"rendered":"http:\/\/blogdoarmindomaia.com.br\/?p=4145"},"modified":"2023-01-27T16:33:26","modified_gmt":"2023-01-27T19:33:26","slug":"deputado-bosco-participa-de-cerimonia-para-anunciar-novos-voos-de-araxa-para-bh","status":"publish","type":"post","link":"http:\/\/blogdoarmindomaia.com.br\/?p=4145","title":{"rendered":"Deputado Bosco participa de cerim\u00f4nia para anunciar novos voos de Arax\u00e1 para BH"},"content":{"rendered":"\n<figure class=\"wp-block-image size-large is-style-default\"><img loading=\"lazy\" decoding=\"async\" width=\"1024\" height=\"461\" src=\"http:\/\/blogdoarmindomaia.com.br\/wp-content\/uploads\/2023\/01\/Deputado-Bosco-participa-de-cerimonia-pag-07-1024x461.jpeg\" alt=\"\" class=\"wp-image-4146\" srcset=\"http:\/\/blogdoarmindomaia.com.br\/wp-content\/uploads\/2023\/01\/Deputado-Bosco-participa-de-cerimonia-pag-07-1024x461.jpeg 1024w, http:\/\/blogdoarmindomaia.com.br\/wp-content\/uploads\/2023\/01\/Deputado-Bosco-participa-de-cerimonia-pag-07-300x135.jpeg 300w, http:\/\/blogdoarmindomaia.com.br\/wp-content\/uploads\/2023\/01\/Deputado-Bosco-participa-de-cerimonia-pag-07-768x346.jpeg 768w, http:\/\/blogdoarmindomaia.com.br\/wp-content\/uploads\/2023\/01\/Deputado-Bosco-participa-de-cerimonia-pag-07-1536x691.jpeg 1536w, http:\/\/blogdoarmindomaia.com.br\/wp-content\/uploads\/2023\/01\/Deputado-Bosco-participa-de-cerimonia-pag-07.jpeg 1600w\" sizes=\"auto, (max-width: 1024px) 100vw, 1024px\" \/><\/figure>\n\n\n\n<figure class=\"wp-block-image size-large is-style-default\"><img loading=\"lazy\" decoding=\"async\" width=\"1024\" height=\"461\" src=\"http:\/\/blogdoarmindomaia.com.br\/wp-content\/uploads\/2023\/01\/4-1024x461.jpeg\" alt=\"\" class=\"wp-image-4147\" srcset=\"http:\/\/blogdoarmindomaia.com.br\/wp-content\/uploads\/2023\/01\/4-1024x461.jpeg 1024w, http:\/\/blogdoarmindomaia.com.br\/wp-content\/uploads\/2023\/01\/4-300x135.jpeg 300w, http:\/\/blogdoarmindomaia.com.br\/wp-content\/uploads\/2023\/01\/4-768x346.jpeg 768w, http:\/\/blogdoarmindomaia.com.br\/wp-content\/uploads\/2023\/01\/4-1536x691.jpeg 1536w, http:\/\/blogdoarmindomaia.com.br\/wp-content\/uploads\/2023\/01\/4.jpeg 1600w\" sizes=\"auto, (max-width: 1024px) 100vw, 1024px\" \/><\/figure>\n\n\n\n<p><strong>Arax\u00e1 ter\u00e1 voos da Azul para Belo Horizonte<\/strong><\/p>\n\n\n\n<p><br>Esta boa not\u00edcia foi anunciada pela Azul, pelo governo do Estado e pela BHAirport com grande entusiasmo, na quinta-feira (26\/1).<br><br>\u201cEstamos felizes com esta conquista para todos os araxaenses. Com o retorno da opera\u00e7\u00e3o dos voos em Arax\u00e1, a nossa cidade vai ampliar o potencial econ\u00f4mico e tur\u00edstico da regi\u00e3o, possibilitando a conex\u00e3o, n\u00e3o s\u00f3 com a Capital Mineira, mas com outras regi\u00f5es do Brasil e do exterior. E, isso s\u00f3 foi poss\u00edvel gra\u00e7as ao empenho do nosso governo em parceria a\u00e9rea atrav\u00e9s de incentivos fiscais\u201d, comemora o deputado Bosco.<br><br>A previs\u00e3o \u00e9 que os voos iniciem ainda neste primeiro semestre de 2023, de acordo com o vice-presidente de Rela\u00e7\u00f5es Institucionais da Azul, F\u00e1bio Campos.<br><br>O diretor-presidente da Invest Minas, Jo\u00e3o Paulo, destacou o empenho do deputado Bosco com o estado, que sempre esteve \u00e0 frente desta pauta. \u201cO deputado Bosco defende com muito vigor os interesses de Arax\u00e1 e regi\u00e3o. E, hoje, podemos comemorar esta importante conquista\u201d.<br><br>Al\u00e9m de Arax\u00e1, novas&nbsp;rotas no estado e internacionais foram anunciadas.<\/p>\n\n\n\n<p>Na foto est\u00e3o; o deputado Bosco, governador Romeu Zema e Lizete Ribeiro<\/p>\n","protected":false},"excerpt":{"rendered":"<p>Arax\u00e1 ter\u00e1 voos da Azul para Belo Horizonte Esta boa not\u00edcia foi anunciada pela Azul, pelo governo do Estado e<\/p>\n","protected":false},"author":2,"featured_media":4146,"comment_status":"open","ping_status":"open","sticky":false,"template":"","format":"standard","meta":{"footnotes":""},"categories":[9,11],"tags":[],"class_list":["post-4145","post","type-post","status-publish","format-standard","has-post-thumbnail","hentry","category-araxa","category-destaques"],"_links":{"self":[{"href":"http:\/\/blogdoarmindomaia.com.br\/index.php?rest_route=\/wp\/v2\/posts\/4145","targetHints":{"allow":["GET"]}}],"collection":[{"href":"http:\/\/blogdoarmindomaia.com.br\/index.php?rest_route=\/wp\/v2\/posts"}],"about":[{"href":"http:\/\/blogdoarmindomaia.com.br\/index.php?rest_route=\/wp\/v2\/types\/post"}],"author":[{"embeddable":true,"href":"http:\/\/blogdoarmindomaia.com.br\/index.php?rest_route=\/wp\/v2\/users\/2"}],"replies":[{"embeddable":true,"href":"http:\/\/blogdoarmindomaia.com.br\/index.php?rest_route=%2Fwp%2Fv2%2Fcomments&post=4145"}],"version-history":[{"count":1,"href":"http:\/\/blogdoarmindomaia.com.br\/index.php?rest_route=\/wp\/v2\/posts\/4145\/revisions"}],"predecessor-version":[{"id":4148,"href":"http:\/\/blogdoarmindomaia.com.br\/index.php?rest_route=\/wp\/v2\/posts\/4145\/revisions\/4148"}],"wp:featuredmedia":[{"embeddable":true,"href":"http:\/\/blogdoarmindomaia.com.br\/index.php?rest_route=\/wp\/v2\/media\/4146"}],"wp:attachment":[{"href":"http:\/\/blogdoarmindomaia.com.br\/index.php?rest_route=%2Fwp%2Fv2%2Fmedia&parent=4145"}],"wp:term":[{"taxonomy":"category","embeddable":true,"href":"http:\/\/blogdoarmindomaia.com.br\/index.php?rest_route=%2Fwp%2Fv2%2Fcategories&post=4145"},{"taxonomy":"post_tag","embeddable":true,"href":"http:\/\/blogdoarmindomaia.com.br\/index.php?rest_route=%2Fwp%2Fv2%2Ftags&post=4145"}],"curies":[{"name":"wp","href":"https:\/\/api.w.org\/{rel}","templated":true}]}}