{"id":4154,"date":"2023-01-30T16:14:56","date_gmt":"2023-01-30T19:14:56","guid":{"rendered":"http:\/\/blogdoarmindomaia.com.br\/?p=4154"},"modified":"2023-01-30T16:14:58","modified_gmt":"2023-01-30T19:14:58","slug":"iniciada-a-implantacao-de-lampadas-de-led-em-araxa","status":"publish","type":"post","link":"http:\/\/blogdoarmindomaia.com.br\/?p=4154","title":{"rendered":"<strong>Iniciada a implanta\u00e7\u00e3o de l\u00e2mpadas de LED em Arax\u00e1<\/strong>"},"content":{"rendered":"\n<p><\/p>\n\n\n\n<p><\/p>\n\n\n\n<figure class=\"wp-block-image size-full is-style-default\"><img loading=\"lazy\" decoding=\"async\" width=\"1024\" height=\"683\" src=\"http:\/\/blogdoarmindomaia.com.br\/wp-content\/uploads\/2023\/01\/Iniciada-a-implantacao-de-lampadas-de-LED-em-Araxa-pag-07.jpeg\" alt=\"\" class=\"wp-image-4155\" srcset=\"http:\/\/blogdoarmindomaia.com.br\/wp-content\/uploads\/2023\/01\/Iniciada-a-implantacao-de-lampadas-de-LED-em-Araxa-pag-07.jpeg 1024w, http:\/\/blogdoarmindomaia.com.br\/wp-content\/uploads\/2023\/01\/Iniciada-a-implantacao-de-lampadas-de-LED-em-Araxa-pag-07-300x200.jpeg 300w, http:\/\/blogdoarmindomaia.com.br\/wp-content\/uploads\/2023\/01\/Iniciada-a-implantacao-de-lampadas-de-LED-em-Araxa-pag-07-768x512.jpeg 768w\" sizes=\"auto, (max-width: 1024px) 100vw, 1024px\" \/><\/figure>\n\n\n\n<p>Economia, seguran\u00e7a e durabilidade. A Prefeitura de Arax\u00e1 iniciou a moderniza\u00e7\u00e3o do sistema de ilumina\u00e7\u00e3o em toda a cidade, com a substitui\u00e7\u00e3o de l\u00e2mpadas convencionais pela tecnologia LED. Os bairros Boa Vista e Max Neumann s\u00e3o os primeiros contemplados e as trocas iniciaram no \u00faltimo dia 26.<br><br>O Munic\u00edpio vai realizar a substitui\u00e7\u00e3o de l\u00e2mpadas em toda a cidade, al\u00e9m de manuten\u00e7\u00e3o preventiva, desenvolvimento de projetos e implanta\u00e7\u00e3o de um call center para que o cidad\u00e3o possa fazer suas solicita\u00e7\u00f5es para manuten\u00e7\u00e3o do servi\u00e7o. A a\u00e7\u00e3o \u00e9 um dos principais investimentos do setor p\u00fablico nos \u00faltimos anos.<br><br>De acordo com o prefeito Robson Magela, a iniciativa, al\u00e9m de trazer economia, tem por objetivo melhorar a sensa\u00e7\u00e3o de seguran\u00e7a nos bairros da cidade.<br><br>\u201cEsse \u00e9 o in\u00edcio de um sonho, \u00e9 um dia marcante para a hist\u00f3ria de Arax\u00e1. Estamos muito felizes em dar esse importante passo para moderniza\u00e7\u00e3o da nossa infraestrutura urbana. A ilumina\u00e7\u00e3o p\u00fablica de qualidade tamb\u00e9m \u00e9 sin\u00f4nimo de seguran\u00e7a, e essa era uma necessidade e uma demanda principalmente da popula\u00e7\u00e3o dos bairros\u201d, refor\u00e7a o prefeito.<br><br>O secret\u00e1rio municipal de Servi\u00e7os Urbanos, Ricardo Alexandre da Silva (Kak\u00e1), explica que existe uma estimativa de economia no consumo e que se for constatado haver\u00e1 uma reavalia\u00e7\u00e3o na taxa de contribui\u00e7\u00e3o de ilumina\u00e7\u00e3o p\u00fablica.<br><br>\u201cEsse \u00e9 um dos projetos mais importantes desta gest\u00e3o, vai trazer seguran\u00e7a e economia para toda a popula\u00e7\u00e3o. Vamos seguir um cronograma, com quatro equipes trabalhando todos os dias. Queremos finalizar essa substitui\u00e7\u00e3o em toda cidade em um prazo de 12 meses\u201d, destaca.<br><\/p>\n","protected":false},"excerpt":{"rendered":"<p>Economia, seguran\u00e7a e durabilidade. A Prefeitura de Arax\u00e1 iniciou a moderniza\u00e7\u00e3o do sistema de ilumina\u00e7\u00e3o em toda a cidade, com<\/p>\n","protected":false},"author":2,"featured_media":4155,"comment_status":"open","ping_status":"open","sticky":false,"template":"","format":"standard","meta":{"footnotes":""},"categories":[9,11],"tags":[],"class_list":["post-4154","post","type-post","status-publish","format-standard","has-post-thumbnail","hentry","category-araxa","category-destaques"],"_links":{"self":[{"href":"http:\/\/blogdoarmindomaia.com.br\/index.php?rest_route=\/wp\/v2\/posts\/4154","targetHints":{"allow":["GET"]}}],"collection":[{"href":"http:\/\/blogdoarmindomaia.com.br\/index.php?rest_route=\/wp\/v2\/posts"}],"about":[{"href":"http:\/\/blogdoarmindomaia.com.br\/index.php?rest_route=\/wp\/v2\/types\/post"}],"author":[{"embeddable":true,"href":"http:\/\/blogdoarmindomaia.com.br\/index.php?rest_route=\/wp\/v2\/users\/2"}],"replies":[{"embeddable":true,"href":"http:\/\/blogdoarmindomaia.com.br\/index.php?rest_route=%2Fwp%2Fv2%2Fcomments&post=4154"}],"version-history":[{"count":1,"href":"http:\/\/blogdoarmindomaia.com.br\/index.php?rest_route=\/wp\/v2\/posts\/4154\/revisions"}],"predecessor-version":[{"id":4156,"href":"http:\/\/blogdoarmindomaia.com.br\/index.php?rest_route=\/wp\/v2\/posts\/4154\/revisions\/4156"}],"wp:featuredmedia":[{"embeddable":true,"href":"http:\/\/blogdoarmindomaia.com.br\/index.php?rest_route=\/wp\/v2\/media\/4155"}],"wp:attachment":[{"href":"http:\/\/blogdoarmindomaia.com.br\/index.php?rest_route=%2Fwp%2Fv2%2Fmedia&parent=4154"}],"wp:term":[{"taxonomy":"category","embeddable":true,"href":"http:\/\/blogdoarmindomaia.com.br\/index.php?rest_route=%2Fwp%2Fv2%2Fcategories&post=4154"},{"taxonomy":"post_tag","embeddable":true,"href":"http:\/\/blogdoarmindomaia.com.br\/index.php?rest_route=%2Fwp%2Fv2%2Ftags&post=4154"}],"curies":[{"name":"wp","href":"https:\/\/api.w.org\/{rel}","templated":true}]}}