{"id":4157,"date":"2023-01-30T16:32:03","date_gmt":"2023-01-30T19:32:03","guid":{"rendered":"http:\/\/blogdoarmindomaia.com.br\/?p=4157"},"modified":"2023-01-30T16:32:05","modified_gmt":"2023-01-30T19:32:05","slug":"ampara-recebe-repasse-da-camara-da-mulher-empreendedora-de-araxa","status":"publish","type":"post","link":"http:\/\/blogdoarmindomaia.com.br\/?p=4157","title":{"rendered":"<strong>Ampara recebe repasse da C\u00e2mara da Mulher Empreendedora de Arax\u00e1<\/strong>"},"content":{"rendered":"\n<figure class=\"wp-block-image size-large is-style-default\"><img loading=\"lazy\" decoding=\"async\" width=\"1024\" height=\"683\" src=\"http:\/\/blogdoarmindomaia.com.br\/wp-content\/uploads\/2023\/01\/Ampara-recebe-repasse-da-Camara-da-Mulher-Empreendedora-de-Araxa-pag-03-1024x683.jpeg\" alt=\"\" class=\"wp-image-4158\" srcset=\"http:\/\/blogdoarmindomaia.com.br\/wp-content\/uploads\/2023\/01\/Ampara-recebe-repasse-da-Camara-da-Mulher-Empreendedora-de-Araxa-pag-03-1024x683.jpeg 1024w, http:\/\/blogdoarmindomaia.com.br\/wp-content\/uploads\/2023\/01\/Ampara-recebe-repasse-da-Camara-da-Mulher-Empreendedora-de-Araxa-pag-03-300x200.jpeg 300w, http:\/\/blogdoarmindomaia.com.br\/wp-content\/uploads\/2023\/01\/Ampara-recebe-repasse-da-Camara-da-Mulher-Empreendedora-de-Araxa-pag-03-768x512.jpeg 768w, http:\/\/blogdoarmindomaia.com.br\/wp-content\/uploads\/2023\/01\/Ampara-recebe-repasse-da-Camara-da-Mulher-Empreendedora-de-Araxa-pag-03.jpeg 1078w\" sizes=\"auto, (max-width: 1024px) 100vw, 1024px\" \/><\/figure>\n\n\n\n<p><br><br>A Associa\u00e7\u00e3o de Ampara \u00e0s Pessoas com C\u00e2ncer de Arax\u00e1 (Ampara) recebeu da C\u00e2mara da Mulher Empreendedora da Acia (CME), na \u00faltima semana, as doa\u00e7\u00f5es da Campanha Outubro Rosa e Novembro Azul, realizadas no ano passado. A institui\u00e7\u00e3o foi contemplada com o repasse de R$ 4.300,00.<br><br>A verba ser\u00e1 revertida no fortalecimento da divulga\u00e7\u00e3o, preven\u00e7\u00e3o e no tratamento das pessoas com c\u00e2ncer de mama em Arax\u00e1. No evento, a Ampara foi representada pelo vice-presidente, Le\u00f4nidas Borges, e pela coordenadora Juliana Machado e Silva. Outra institui\u00e7\u00e3o tamb\u00e9m beneficiada foi a Funda\u00e7\u00e3o de Assist\u00eancia \u00e0 Mulher Araxaense (Fama).<br><br>\u201cIniciativas como essas s\u00e3o importantes para fomentar o nosso trabalho em prol das pessoas com c\u00e2ncer em Arax\u00e1. Todo o dinheiro recebido ser\u00e1 revestido para essas a\u00e7\u00f5es. Agradecemos a C\u00e2mara da Mulher Empreendedora pela parceria e apoio\u201d, ressalta o vice-presidente, Le\u00f4nidas Borges.<\/p>\n\n\n\n<p><\/p>\n","protected":false},"excerpt":{"rendered":"<p>A Associa\u00e7\u00e3o de Ampara \u00e0s Pessoas com C\u00e2ncer de Arax\u00e1 (Ampara) recebeu da C\u00e2mara da Mulher Empreendedora da Acia (CME),<\/p>\n","protected":false},"author":2,"featured_media":4158,"comment_status":"open","ping_status":"open","sticky":false,"template":"","format":"standard","meta":{"footnotes":""},"categories":[9,11],"tags":[],"class_list":["post-4157","post","type-post","status-publish","format-standard","has-post-thumbnail","hentry","category-araxa","category-destaques"],"_links":{"self":[{"href":"http:\/\/blogdoarmindomaia.com.br\/index.php?rest_route=\/wp\/v2\/posts\/4157","targetHints":{"allow":["GET"]}}],"collection":[{"href":"http:\/\/blogdoarmindomaia.com.br\/index.php?rest_route=\/wp\/v2\/posts"}],"about":[{"href":"http:\/\/blogdoarmindomaia.com.br\/index.php?rest_route=\/wp\/v2\/types\/post"}],"author":[{"embeddable":true,"href":"http:\/\/blogdoarmindomaia.com.br\/index.php?rest_route=\/wp\/v2\/users\/2"}],"replies":[{"embeddable":true,"href":"http:\/\/blogdoarmindomaia.com.br\/index.php?rest_route=%2Fwp%2Fv2%2Fcomments&post=4157"}],"version-history":[{"count":1,"href":"http:\/\/blogdoarmindomaia.com.br\/index.php?rest_route=\/wp\/v2\/posts\/4157\/revisions"}],"predecessor-version":[{"id":4159,"href":"http:\/\/blogdoarmindomaia.com.br\/index.php?rest_route=\/wp\/v2\/posts\/4157\/revisions\/4159"}],"wp:featuredmedia":[{"embeddable":true,"href":"http:\/\/blogdoarmindomaia.com.br\/index.php?rest_route=\/wp\/v2\/media\/4158"}],"wp:attachment":[{"href":"http:\/\/blogdoarmindomaia.com.br\/index.php?rest_route=%2Fwp%2Fv2%2Fmedia&parent=4157"}],"wp:term":[{"taxonomy":"category","embeddable":true,"href":"http:\/\/blogdoarmindomaia.com.br\/index.php?rest_route=%2Fwp%2Fv2%2Fcategories&post=4157"},{"taxonomy":"post_tag","embeddable":true,"href":"http:\/\/blogdoarmindomaia.com.br\/index.php?rest_route=%2Fwp%2Fv2%2Ftags&post=4157"}],"curies":[{"name":"wp","href":"https:\/\/api.w.org\/{rel}","templated":true}]}}