{"id":4168,"date":"2023-01-31T14:30:08","date_gmt":"2023-01-31T17:30:08","guid":{"rendered":"http:\/\/blogdoarmindomaia.com.br\/?p=4168"},"modified":"2023-01-31T14:30:10","modified_gmt":"2023-01-31T17:30:10","slug":"moradores-do-parque-das-flores-apresentam-reivindicacoes","status":"publish","type":"post","link":"http:\/\/blogdoarmindomaia.com.br\/?p=4168","title":{"rendered":"Moradores do Parque das Flores apresentam reivindica\u00e7\u00f5es"},"content":{"rendered":"\n<figure class=\"wp-block-image size-large is-style-default\"><img loading=\"lazy\" decoding=\"async\" width=\"1024\" height=\"1024\" src=\"http:\/\/blogdoarmindomaia.com.br\/wp-content\/uploads\/2023\/01\/Moradores-do-Parque-das-Flores-apresentam-reivindicacoes-pag-04-1024x1024.jpeg\" alt=\"\" class=\"wp-image-4169\" srcset=\"http:\/\/blogdoarmindomaia.com.br\/wp-content\/uploads\/2023\/01\/Moradores-do-Parque-das-Flores-apresentam-reivindicacoes-pag-04-1024x1024.jpeg 1024w, http:\/\/blogdoarmindomaia.com.br\/wp-content\/uploads\/2023\/01\/Moradores-do-Parque-das-Flores-apresentam-reivindicacoes-pag-04-300x300.jpeg 300w, http:\/\/blogdoarmindomaia.com.br\/wp-content\/uploads\/2023\/01\/Moradores-do-Parque-das-Flores-apresentam-reivindicacoes-pag-04-150x150.jpeg 150w, http:\/\/blogdoarmindomaia.com.br\/wp-content\/uploads\/2023\/01\/Moradores-do-Parque-das-Flores-apresentam-reivindicacoes-pag-04-768x768.jpeg 768w, http:\/\/blogdoarmindomaia.com.br\/wp-content\/uploads\/2023\/01\/Moradores-do-Parque-das-Flores-apresentam-reivindicacoes-pag-04.jpeg 1280w\" sizes=\"auto, (max-width: 1024px) 100vw, 1024px\" \/><\/figure>\n\n\n\n<p>Uma reuni\u00e3o com moradores do Parque das Flores, o vereador Raphael Rios e secret\u00e1rios municipais tratou sobre as principais demandas do bairro. Entre os principais pedidos, apresentados no final da semana passada (26), est\u00e3o a entrega da reforma do gin\u00e1sio, novo asfaltamento da avenida das Palmeiras e rua dos Hibiscos, al\u00e9m de manuten\u00e7\u00e3o, limpeza e troca da ilumina\u00e7\u00e3o por l\u00e2mpadas LED.<\/p>\n\n\n\n<p>Participaram da reuni\u00e3o os secret\u00e1rios de Governo e Obras, Rick Paranhos e \u00c2ngelo Fran\u00e7a, respectivamente. O superintendente da secretaria de Servi\u00e7os Urbanos, Frederico Carneiro, tamb\u00e9m recebeu as reivindica\u00e7\u00f5es dos moradores sobre a ilumina\u00e7\u00e3o e limpeza.<\/p>\n\n\n\n<p>O di\u00e1logo com os moradores foi intermediado pelo vereador Raphael Rios. \u201cDesde o ano passado estamos recebendo diversas solicita\u00e7\u00f5es referentes ao bairro. Abrir essa conversa com os moradores e demonstrar os projetos, a\u00e7\u00f5es que ser\u00e3o feitas e cobrar prazos \u00e9 muito importante para que as medidas sejam atendidas\u201d, destaca.<\/p>\n\n\n\n<p>Os representantes do Poder Executivo se comprometeram em realizar a revitaliza\u00e7\u00e3o asf\u00e1ltica na avenida das Palmeiras e asfaltamento da rua dos Hibiscos. Nesse primeiro momento as ruas paralelas receber\u00e3o a opera\u00e7\u00e3o tapa buracos.<\/p>\n\n\n\n<p>O gin\u00e1sio do bairro passar\u00e1 por obras finais em rela\u00e7\u00e3o ao piso e deve ser entregue aos moradores j\u00e1 nos pr\u00f3ximos meses.<\/p>\n\n\n\n<p>H\u00e1 uma expectativa de que um trecho na rua das Primaveras possa receber melhorias por meio de um projeto da Companhia Brasileira de Metalurgia e Minera\u00e7\u00e3o (CBMM) de revitaliza\u00e7\u00e3o do trevo de entrada sul de Arax\u00e1 pela BR-146. O projeto j\u00e1 deu entrada no Instituto de Planejamento e Desenvolvimento Sustent\u00e1vel de Arax\u00e1 e est\u00e1 em fase de adequa\u00e7\u00f5es.&nbsp;<\/p>\n","protected":false},"excerpt":{"rendered":"<p>Uma reuni\u00e3o com moradores do Parque das Flores, o vereador Raphael Rios e secret\u00e1rios municipais tratou sobre as principais demandas<\/p>\n","protected":false},"author":2,"featured_media":4169,"comment_status":"open","ping_status":"open","sticky":false,"template":"","format":"standard","meta":{"footnotes":""},"categories":[9,8],"tags":[],"class_list":["post-4168","post","type-post","status-publish","format-standard","has-post-thumbnail","hentry","category-araxa","category-cidades"],"_links":{"self":[{"href":"http:\/\/blogdoarmindomaia.com.br\/index.php?rest_route=\/wp\/v2\/posts\/4168","targetHints":{"allow":["GET"]}}],"collection":[{"href":"http:\/\/blogdoarmindomaia.com.br\/index.php?rest_route=\/wp\/v2\/posts"}],"about":[{"href":"http:\/\/blogdoarmindomaia.com.br\/index.php?rest_route=\/wp\/v2\/types\/post"}],"author":[{"embeddable":true,"href":"http:\/\/blogdoarmindomaia.com.br\/index.php?rest_route=\/wp\/v2\/users\/2"}],"replies":[{"embeddable":true,"href":"http:\/\/blogdoarmindomaia.com.br\/index.php?rest_route=%2Fwp%2Fv2%2Fcomments&post=4168"}],"version-history":[{"count":1,"href":"http:\/\/blogdoarmindomaia.com.br\/index.php?rest_route=\/wp\/v2\/posts\/4168\/revisions"}],"predecessor-version":[{"id":4170,"href":"http:\/\/blogdoarmindomaia.com.br\/index.php?rest_route=\/wp\/v2\/posts\/4168\/revisions\/4170"}],"wp:featuredmedia":[{"embeddable":true,"href":"http:\/\/blogdoarmindomaia.com.br\/index.php?rest_route=\/wp\/v2\/media\/4169"}],"wp:attachment":[{"href":"http:\/\/blogdoarmindomaia.com.br\/index.php?rest_route=%2Fwp%2Fv2%2Fmedia&parent=4168"}],"wp:term":[{"taxonomy":"category","embeddable":true,"href":"http:\/\/blogdoarmindomaia.com.br\/index.php?rest_route=%2Fwp%2Fv2%2Fcategories&post=4168"},{"taxonomy":"post_tag","embeddable":true,"href":"http:\/\/blogdoarmindomaia.com.br\/index.php?rest_route=%2Fwp%2Fv2%2Ftags&post=4168"}],"curies":[{"name":"wp","href":"https:\/\/api.w.org\/{rel}","templated":true}]}}