{"id":4171,"date":"2023-01-31T14:40:51","date_gmt":"2023-01-31T17:40:51","guid":{"rendered":"http:\/\/blogdoarmindomaia.com.br\/?p=4171"},"modified":"2023-01-31T14:40:53","modified_gmt":"2023-01-31T17:40:53","slug":"prefeitura-de-araxa-decreta-situacao-de-emergencia-devido-ao-intenso-periodo-chuvoso","status":"publish","type":"post","link":"http:\/\/blogdoarmindomaia.com.br\/?p=4171","title":{"rendered":"<strong>Prefeitura de Arax\u00e1 decreta situa\u00e7\u00e3o de emerg\u00eancia devido ao intenso per\u00edodo chuvoso<\/strong>"},"content":{"rendered":"\n<figure class=\"wp-block-image size-full is-style-default\"><img loading=\"lazy\" decoding=\"async\" width=\"1024\" height=\"683\" src=\"http:\/\/blogdoarmindomaia.com.br\/wp-content\/uploads\/2023\/01\/Prefeitura-de-Araxa-decreta-situacao-de-emergencia-pag03.jpeg\" alt=\"\" class=\"wp-image-4172\" srcset=\"http:\/\/blogdoarmindomaia.com.br\/wp-content\/uploads\/2023\/01\/Prefeitura-de-Araxa-decreta-situacao-de-emergencia-pag03.jpeg 1024w, http:\/\/blogdoarmindomaia.com.br\/wp-content\/uploads\/2023\/01\/Prefeitura-de-Araxa-decreta-situacao-de-emergencia-pag03-300x200.jpeg 300w, http:\/\/blogdoarmindomaia.com.br\/wp-content\/uploads\/2023\/01\/Prefeitura-de-Araxa-decreta-situacao-de-emergencia-pag03-768x512.jpeg 768w\" sizes=\"auto, (max-width: 1024px) 100vw, 1024px\" \/><\/figure>\n\n\n\n<p>O prefeito Robson Magela decretou situa\u00e7\u00e3o de emerg\u00eancia em \u00e1reas de Arax\u00e1 afetadas por fortes chuvas que ocasionaram significativo impacto estrutural, provocando, por exemplo, a eros\u00e3o da rua Wagner Fulg\u00eancio, no bairro P\u00e3o de A\u00e7\u00facar 3.<\/p>\n\n\n\n<p>Para garantir a seguran\u00e7a das fam\u00edlias atingidas, a Defesa Civil Municipal realizou a interdi\u00e7\u00e3o e desocupa\u00e7\u00e3o das resid\u00eancias. A reuni\u00e3o para a elabora\u00e7\u00e3o do decreto aconteceu no s\u00e1bado (28), com a presen\u00e7a de secret\u00e1rios municipais e representantes da Defesa Civil Municipal e Estadual.<\/p>\n\n\n\n<p>O decreto permitir\u00e1 que o Munic\u00edpio fa\u00e7a remanejamento interno do or\u00e7amento para atender as urg\u00eancias e emerg\u00eancias da cidade, assim como para prestar aux\u00edlio \u00e0s fam\u00edlias afetadas. Caso necess\u00e1rio, a prefeitura poder\u00e1 acionar as companhias de energia e \u00e1gua para promoverem os devidos reparos e evitar que problemas se agravem. As vias pr\u00f3ximas tamb\u00e9m poder\u00e3o ser interditadas para que n\u00e3o haja circula\u00e7\u00e3o de ve\u00edculos no local.<\/p>\n\n\n\n<p>O prefeito Robson Magela explica que a prefeitura est\u00e1 prestando todo o apoio necess\u00e1rio para as fam\u00edlias afetadas no P\u00e3o de A\u00e7\u00facar 3. \u201cDisponibilizamos transporte para a mudan\u00e7a dos m\u00f3veis, aux\u00edlio moradia para transfer\u00eancia a im\u00f3veis alugados at\u00e9 que o problema seja solucionado, e estamos tamb\u00e9m pagando hotel para aquelas pessoas que n\u00e3o foram para a casa de familiares. Al\u00e9m disso, estiveram presentes no local psic\u00f3logos e assistente social para dar todo o suporte necess\u00e1rio\u201d, destaca.<\/p>\n\n\n\n<p>De acordo com o agente da 5\u00aa Regional da Defesa Civil do Estado, subtenente Armeiro Lino J\u00fanior, a medida emergencial se faz necess\u00e1ria para garantir a seguran\u00e7a da popula\u00e7\u00e3o. \u201cAgora deve-se fazer um estudo para detectar todas as causas dessa eros\u00e3o, a come\u00e7ar pela an\u00e1lise do solo, que dar\u00e1 um melhor direcionamento e mostrar\u00e1 quais provid\u00eancias devem ser tomadas no local\u201d, refor\u00e7a.<\/p>\n\n\n\n<p><strong>Comiss\u00e3o Municipal \u2013 Grupo de Trabalho<\/strong><\/p>\n\n\n\n<p>A Prefeitura de Arax\u00e1 estabeleceu uma Comiss\u00e3o Municipal \u2013 Grupo de Trabalho para promover a recupera\u00e7\u00e3o da \u00e1rea afetada, possibilitando o acompanhamento da situa\u00e7\u00e3o de emerg\u00eancia, conforme legisla\u00e7\u00e3o em vigor.<\/p>\n\n\n\n<p>Foram designadas as Secretarias Municipais de Seguran\u00e7a P\u00fablica, de A\u00e7\u00e3o Social, de Obras P\u00fablicas e Mobilidade Urbana, de Servi\u00e7os Urbanos e o Instituto de Planejamento e Desenvolvimento Sustent\u00e1vel de Arax\u00e1 (IPDSA), com apoio da Procuradoria Geral do Munic\u00edpio, Controladoria e Auditoria Geral e Secretaria Municipal de Governo.<\/p>\n\n\n\n<p>Segundo o secret\u00e1rio municipal de Governo, Rick Paranhos, a comiss\u00e3o vai exercer um papel fundamental para a recupera\u00e7\u00e3o e preven\u00e7\u00e3o das \u00e1reas afetadas.<\/p>\n\n\n\n<p>\u201cO trabalho da comiss\u00e3o \u00e9 fazer os levantamentos, or\u00e7amentos, checar quais s\u00e3o as interven\u00e7\u00f5es mais importantes que precisam ser feitas para evitar que aquela situa\u00e7\u00e3o como a do P\u00e3o de A\u00e7\u00facar 3 volte a acontecer no futuro. Ela tem por responsabilidade analisar tudo, at\u00e9 mesmo a contrata\u00e7\u00e3o da empresa que vai executar o servi\u00e7o, al\u00e9m de monitorar e auxiliar as fam\u00edlias at\u00e9 que a situa\u00e7\u00e3o seja resolvida\u201d, explica.<\/p>\n","protected":false},"excerpt":{"rendered":"<p>O prefeito Robson Magela decretou situa\u00e7\u00e3o de emerg\u00eancia em \u00e1reas de Arax\u00e1 afetadas por fortes chuvas que ocasionaram significativo impacto<\/p>\n","protected":false},"author":2,"featured_media":4172,"comment_status":"open","ping_status":"open","sticky":false,"template":"","format":"standard","meta":{"footnotes":""},"categories":[9,11],"tags":[],"class_list":["post-4171","post","type-post","status-publish","format-standard","has-post-thumbnail","hentry","category-araxa","category-destaques"],"_links":{"self":[{"href":"http:\/\/blogdoarmindomaia.com.br\/index.php?rest_route=\/wp\/v2\/posts\/4171","targetHints":{"allow":["GET"]}}],"collection":[{"href":"http:\/\/blogdoarmindomaia.com.br\/index.php?rest_route=\/wp\/v2\/posts"}],"about":[{"href":"http:\/\/blogdoarmindomaia.com.br\/index.php?rest_route=\/wp\/v2\/types\/post"}],"author":[{"embeddable":true,"href":"http:\/\/blogdoarmindomaia.com.br\/index.php?rest_route=\/wp\/v2\/users\/2"}],"replies":[{"embeddable":true,"href":"http:\/\/blogdoarmindomaia.com.br\/index.php?rest_route=%2Fwp%2Fv2%2Fcomments&post=4171"}],"version-history":[{"count":1,"href":"http:\/\/blogdoarmindomaia.com.br\/index.php?rest_route=\/wp\/v2\/posts\/4171\/revisions"}],"predecessor-version":[{"id":4173,"href":"http:\/\/blogdoarmindomaia.com.br\/index.php?rest_route=\/wp\/v2\/posts\/4171\/revisions\/4173"}],"wp:featuredmedia":[{"embeddable":true,"href":"http:\/\/blogdoarmindomaia.com.br\/index.php?rest_route=\/wp\/v2\/media\/4172"}],"wp:attachment":[{"href":"http:\/\/blogdoarmindomaia.com.br\/index.php?rest_route=%2Fwp%2Fv2%2Fmedia&parent=4171"}],"wp:term":[{"taxonomy":"category","embeddable":true,"href":"http:\/\/blogdoarmindomaia.com.br\/index.php?rest_route=%2Fwp%2Fv2%2Fcategories&post=4171"},{"taxonomy":"post_tag","embeddable":true,"href":"http:\/\/blogdoarmindomaia.com.br\/index.php?rest_route=%2Fwp%2Fv2%2Ftags&post=4171"}],"curies":[{"name":"wp","href":"https:\/\/api.w.org\/{rel}","templated":true}]}}