{"id":4186,"date":"2023-02-01T14:41:14","date_gmt":"2023-02-01T17:41:14","guid":{"rendered":"http:\/\/blogdoarmindomaia.com.br\/?p=4186"},"modified":"2023-02-01T14:41:15","modified_gmt":"2023-02-01T17:41:15","slug":"fca-de-araxa-divulga-classificacao-final-do-concurso-publico","status":"publish","type":"post","link":"http:\/\/blogdoarmindomaia.com.br\/?p=4186","title":{"rendered":"FCA\u00a0 de Arax\u00e1 divulga classifica\u00e7\u00e3o final do concurso p\u00fablico"},"content":{"rendered":"\n<figure class=\"wp-block-image size-full is-style-default\"><img loading=\"lazy\" decoding=\"async\" width=\"1024\" height=\"683\" src=\"http:\/\/blogdoarmindomaia.com.br\/wp-content\/uploads\/2023\/02\/FCA-de-Araxa-divulga-classificacao-final-do-concurso-publico-pag-04.jpeg\" alt=\"\" class=\"wp-image-4187\" srcset=\"http:\/\/blogdoarmindomaia.com.br\/wp-content\/uploads\/2023\/02\/FCA-de-Araxa-divulga-classificacao-final-do-concurso-publico-pag-04.jpeg 1024w, http:\/\/blogdoarmindomaia.com.br\/wp-content\/uploads\/2023\/02\/FCA-de-Araxa-divulga-classificacao-final-do-concurso-publico-pag-04-300x200.jpeg 300w, http:\/\/blogdoarmindomaia.com.br\/wp-content\/uploads\/2023\/02\/FCA-de-Araxa-divulga-classificacao-final-do-concurso-publico-pag-04-768x512.jpeg 768w\" sizes=\"auto, (max-width: 1024px) 100vw, 1024px\" \/><\/figure>\n\n\n\n<p>A Funda\u00e7\u00e3o da Crian\u00e7a e do Adolescente de Arax\u00e1 (FCAA) divulgou a classifica\u00e7\u00e3o final do concurso p\u00fablico para provimento de cargos\/fun\u00e7\u00f5es para o quadro de pessoal. S\u00e3o 54 vagas, cinco delas reservadas para pessoas com defici\u00eancia (PcD).<br><br>Os cargos ofertados s\u00e3o agente de servi\u00e7os gerais, auxiliar de cozinha, auxiliar de servi\u00e7os gerais, motorista, auxiliar administrativo, auxiliar de apoio operacional, cozinheiro, educador social feminino, educador social masculino, recepcionista, assistente social, coordenador, enfermeiro, pedagogo e psic\u00f3logo. A remunera\u00e7\u00e3o mensal varia entre R$ 1.276,40 e R$ 3.395,65.<br><br>A homologa\u00e7\u00e3o e convoca\u00e7\u00e3o sair\u00e1 no Di\u00e1rio Oficial Eletr\u00f4nico do Munic\u00edpio de Arax\u00e1 (e.Doma) no in\u00edcio de fevereiro. Mais informa\u00e7\u00f5es, pelo telefone (34) 3691-7192.<br><br>Confira a lista da classifica\u00e7\u00e3o final:&nbsp;<a href=\"https:\/\/bit.ly\/3WWSOFy\" target=\"_blank\" rel=\"noreferrer noopener\">https:\/\/bit.ly\/3WWSOFy<\/a><br><\/p>\n","protected":false},"excerpt":{"rendered":"<p>A Funda\u00e7\u00e3o da Crian\u00e7a e do Adolescente de Arax\u00e1 (FCAA) divulgou a classifica\u00e7\u00e3o final do concurso p\u00fablico para provimento de<\/p>\n","protected":false},"author":2,"featured_media":4187,"comment_status":"open","ping_status":"open","sticky":false,"template":"","format":"standard","meta":{"footnotes":""},"categories":[9,11],"tags":[],"class_list":["post-4186","post","type-post","status-publish","format-standard","has-post-thumbnail","hentry","category-araxa","category-destaques"],"_links":{"self":[{"href":"http:\/\/blogdoarmindomaia.com.br\/index.php?rest_route=\/wp\/v2\/posts\/4186","targetHints":{"allow":["GET"]}}],"collection":[{"href":"http:\/\/blogdoarmindomaia.com.br\/index.php?rest_route=\/wp\/v2\/posts"}],"about":[{"href":"http:\/\/blogdoarmindomaia.com.br\/index.php?rest_route=\/wp\/v2\/types\/post"}],"author":[{"embeddable":true,"href":"http:\/\/blogdoarmindomaia.com.br\/index.php?rest_route=\/wp\/v2\/users\/2"}],"replies":[{"embeddable":true,"href":"http:\/\/blogdoarmindomaia.com.br\/index.php?rest_route=%2Fwp%2Fv2%2Fcomments&post=4186"}],"version-history":[{"count":1,"href":"http:\/\/blogdoarmindomaia.com.br\/index.php?rest_route=\/wp\/v2\/posts\/4186\/revisions"}],"predecessor-version":[{"id":4188,"href":"http:\/\/blogdoarmindomaia.com.br\/index.php?rest_route=\/wp\/v2\/posts\/4186\/revisions\/4188"}],"wp:featuredmedia":[{"embeddable":true,"href":"http:\/\/blogdoarmindomaia.com.br\/index.php?rest_route=\/wp\/v2\/media\/4187"}],"wp:attachment":[{"href":"http:\/\/blogdoarmindomaia.com.br\/index.php?rest_route=%2Fwp%2Fv2%2Fmedia&parent=4186"}],"wp:term":[{"taxonomy":"category","embeddable":true,"href":"http:\/\/blogdoarmindomaia.com.br\/index.php?rest_route=%2Fwp%2Fv2%2Fcategories&post=4186"},{"taxonomy":"post_tag","embeddable":true,"href":"http:\/\/blogdoarmindomaia.com.br\/index.php?rest_route=%2Fwp%2Fv2%2Ftags&post=4186"}],"curies":[{"name":"wp","href":"https:\/\/api.w.org\/{rel}","templated":true}]}}