{"id":4192,"date":"2023-02-01T14:46:23","date_gmt":"2023-02-01T17:46:23","guid":{"rendered":"http:\/\/blogdoarmindomaia.com.br\/?p=4192"},"modified":"2023-02-01T14:46:24","modified_gmt":"2023-02-01T17:46:24","slug":"fccb-abre-processo-seletivo-para-contratacao-temporaria","status":"publish","type":"post","link":"http:\/\/blogdoarmindomaia.com.br\/?p=4192","title":{"rendered":"<strong>FCCB abre processo seletivo para contrata\u00e7\u00e3o tempor\u00e1ria<\/strong>"},"content":{"rendered":"\n<figure class=\"wp-block-image size-large is-style-default\"><img loading=\"lazy\" decoding=\"async\" width=\"1024\" height=\"682\" src=\"http:\/\/blogdoarmindomaia.com.br\/wp-content\/uploads\/2023\/02\/escola_musica-1024x682.jpeg\" alt=\"\" class=\"wp-image-4193\" srcset=\"http:\/\/blogdoarmindomaia.com.br\/wp-content\/uploads\/2023\/02\/escola_musica-1024x682.jpeg 1024w, http:\/\/blogdoarmindomaia.com.br\/wp-content\/uploads\/2023\/02\/escola_musica-300x200.jpeg 300w, http:\/\/blogdoarmindomaia.com.br\/wp-content\/uploads\/2023\/02\/escola_musica-768x512.jpeg 768w, http:\/\/blogdoarmindomaia.com.br\/wp-content\/uploads\/2023\/02\/escola_musica.jpeg 1280w\" sizes=\"auto, (max-width: 1024px) 100vw, 1024px\" \/><\/figure>\n\n\n\n<p>A Funda\u00e7\u00e3o Cultural Calmon Barreto (FCCB) est\u00e1 com processo seletivo aberto para a contrata\u00e7\u00e3o tempor\u00e1ria de 36 vagas de ampla concorr\u00eancia para a fun\u00e7\u00e3o de Instrutor T\u00e9cnico Musical na Escola Municipal de M\u00fasica Maestro Elias Porf\u00edrio de Azevedo. O contrato ter\u00e1 dura\u00e7\u00e3o de 6 meses e as inscri\u00e7\u00f5es v\u00e3o at\u00e9 o dia 27 de janeiro (sexta). O sal\u00e1rio \u00e9 de R$ 1.800,00, mais vale-alimenta\u00e7\u00e3o, para 36 horas semanais de trabalho.<\/p>\n\n\n\n<p>O edital exige forma\u00e7\u00e3o m\u00ednima do curso t\u00e9cnico espec\u00edfico para as vagas ofertadas. S\u00e3o elas: Instrutor m\u00fasica II\/T\u00e9cnica Vocal (2); Instrutor m\u00fasica II\/Piano (2); Instrutor m\u00fasica II\/Teclado (3); Instrutor m\u00fasica II\/Viol\u00e3o (6); Instrutor m\u00fasica II \/Instrumento de Sopro\/Flauta Transversal (2); Instrutor m\u00fasica II\/ Instrumento de Sopro\/Sax\/Trompete e Clarineta (2); Instrutor m\u00fasica II\/Bateria (2); Instrutor m\u00fasica II\/Arranjador (2); Instrutor m\u00fasica II\/Maestro de Banda (2); Instrutor m\u00fasica II\/Violoncelo (2); Instrutor m\u00fasica II\/Violino (5); Instrutor m\u00fasica II\/Guitarra (2) e Instrutor m\u00fasica II\/Teoria Musical (4).<\/p>\n\n\n\n<p>As inscri\u00e7\u00f5es terminam nesta sexta-feira (27), at\u00e9 \u00e0s 18h, presencialmente na secretaria da Escola de M\u00fasica (Pra\u00e7a Arthur Bernardes, n\u00b0 18, Centro), em envelope lacrado com protocolo de recebimento; ou at\u00e9 \u00e0s 23h59 pelo e-mail:&nbsp;<a href=\"mailto:escolademusica@fundacaocalmonbarreto.mg.gov.br\" target=\"_blank\" rel=\"noreferrer noopener\">escolademusica@fundacaocalmonbarreto.mg.gov.br<\/a>, onde dever\u00e3o ser enviados todos os documentos solicitados.<\/p>\n\n\n\n<p>O resultado da sele\u00e7\u00e3o ser\u00e1 publicado no dia 17 de fevereiro. O edital completo, com demais informa\u00e7\u00f5es e ficha de inscri\u00e7\u00e3o, est\u00e1 dispon\u00edvel no site da Funda\u00e7\u00e3o Cultural Calmon Barreto (&nbsp;<a href=\"http:\/\/www.fundacaocalmonbarreto.mg.gov.br\/\" target=\"_blank\" rel=\"noreferrer noopener\">www.fundacaocalmonbarreto.mg.gov.br<\/a>&nbsp;).<\/p>\n\n\n\n<p>\u201cEste edital busca democratizar o processo e dar a oportunidade para que todos os profissionais da \u00e1rea participem. \u00c9 um meio de valorizar quem j\u00e1 tem um bom curr\u00edculo e tempo de trabalho na \u00e1rea. Nossa preocupa\u00e7\u00e3o \u00e9 de fazer uma sele\u00e7\u00e3o transparente e contratar estes professores temporariamente para exercerem os cargos, at\u00e9 que seja realizado o concurso p\u00fablico que acontecer\u00e1 nos pr\u00f3ximos meses\u201d, destaca a presidente da FCCB, Cynthia Ver\u00e7osa.<\/p>\n","protected":false},"excerpt":{"rendered":"<p>A Funda\u00e7\u00e3o Cultural Calmon Barreto (FCCB) est\u00e1 com processo seletivo aberto para a contrata\u00e7\u00e3o tempor\u00e1ria de 36 vagas de ampla<\/p>\n","protected":false},"author":2,"featured_media":4193,"comment_status":"open","ping_status":"open","sticky":false,"template":"","format":"standard","meta":{"footnotes":""},"categories":[9,5],"tags":[],"class_list":["post-4192","post","type-post","status-publish","format-standard","has-post-thumbnail","hentry","category-araxa","category-arte-e-cultura"],"_links":{"self":[{"href":"http:\/\/blogdoarmindomaia.com.br\/index.php?rest_route=\/wp\/v2\/posts\/4192","targetHints":{"allow":["GET"]}}],"collection":[{"href":"http:\/\/blogdoarmindomaia.com.br\/index.php?rest_route=\/wp\/v2\/posts"}],"about":[{"href":"http:\/\/blogdoarmindomaia.com.br\/index.php?rest_route=\/wp\/v2\/types\/post"}],"author":[{"embeddable":true,"href":"http:\/\/blogdoarmindomaia.com.br\/index.php?rest_route=\/wp\/v2\/users\/2"}],"replies":[{"embeddable":true,"href":"http:\/\/blogdoarmindomaia.com.br\/index.php?rest_route=%2Fwp%2Fv2%2Fcomments&post=4192"}],"version-history":[{"count":1,"href":"http:\/\/blogdoarmindomaia.com.br\/index.php?rest_route=\/wp\/v2\/posts\/4192\/revisions"}],"predecessor-version":[{"id":4194,"href":"http:\/\/blogdoarmindomaia.com.br\/index.php?rest_route=\/wp\/v2\/posts\/4192\/revisions\/4194"}],"wp:featuredmedia":[{"embeddable":true,"href":"http:\/\/blogdoarmindomaia.com.br\/index.php?rest_route=\/wp\/v2\/media\/4193"}],"wp:attachment":[{"href":"http:\/\/blogdoarmindomaia.com.br\/index.php?rest_route=%2Fwp%2Fv2%2Fmedia&parent=4192"}],"wp:term":[{"taxonomy":"category","embeddable":true,"href":"http:\/\/blogdoarmindomaia.com.br\/index.php?rest_route=%2Fwp%2Fv2%2Fcategories&post=4192"},{"taxonomy":"post_tag","embeddable":true,"href":"http:\/\/blogdoarmindomaia.com.br\/index.php?rest_route=%2Fwp%2Fv2%2Ftags&post=4192"}],"curies":[{"name":"wp","href":"https:\/\/api.w.org\/{rel}","templated":true}]}}