{"id":4195,"date":"2023-02-01T14:53:03","date_gmt":"2023-02-01T17:53:03","guid":{"rendered":"http:\/\/blogdoarmindomaia.com.br\/?p=4195"},"modified":"2023-02-01T14:53:05","modified_gmt":"2023-02-01T17:53:05","slug":"febre-em-criancas-quando-os-pais-devem-se-preocupar","status":"publish","type":"post","link":"http:\/\/blogdoarmindomaia.com.br\/?p=4195","title":{"rendered":"<strong>Febre em crian\u00e7as: quando os pais devem se preocupar?<\/strong>"},"content":{"rendered":"\n<figure class=\"wp-block-image size-full is-style-default\"><img loading=\"lazy\" decoding=\"async\" width=\"1024\" height=\"683\" src=\"http:\/\/blogdoarmindomaia.com.br\/wp-content\/uploads\/2023\/02\/dra_juliana.jpeg\" alt=\"\" class=\"wp-image-4196\" srcset=\"http:\/\/blogdoarmindomaia.com.br\/wp-content\/uploads\/2023\/02\/dra_juliana.jpeg 1024w, http:\/\/blogdoarmindomaia.com.br\/wp-content\/uploads\/2023\/02\/dra_juliana-300x200.jpeg 300w, http:\/\/blogdoarmindomaia.com.br\/wp-content\/uploads\/2023\/02\/dra_juliana-768x512.jpeg 768w\" sizes=\"auto, (max-width: 1024px) 100vw, 1024px\" \/><\/figure>\n\n\n\n<p><em>Pediatra da Unimed Arax\u00e1 explica o que \u00e9, causas e os casos que demandam procurar um m\u00e9dico ou mesmo o pronto atendimento<\/em><\/p>\n\n\n\n<p>A febre \u00e9 uma das queixas mais comuns tanto no consult\u00f3rio quanto na emerg\u00eancia pedi\u00e1trica. Segundo a m\u00e9dica pediatra da Unimed Arax\u00e1, Juliana Guimar\u00e3es Lacerda Abdanur, ela \u00e9 uma resposta fisiol\u00f3gica do organismo, n\u00e3o uma doen\u00e7a. \u201cEla \u00e9 uma rea\u00e7\u00e3o de defesa, um sinal de que estamos sofrendo uma agress\u00e3o f\u00edsica, qu\u00edmica ou biol\u00f3gica. Ela ajuda a aumentar nossa imunidade ou defesas contra agentes agressores, provocando vasodilata\u00e7\u00e3o para levar mais sangue ao local agredido, aumentar a produ\u00e7\u00e3o de anticorpos e gl\u00f3bulos brancos, visando defender, dificultar ou at\u00e9 inibir a multiplica\u00e7\u00e3o dos agentes agressores\u201d, explica.<\/p>\n\n\n\n<p>No \u00faltimo consenso da Sociedade Brasileira de Pediatria, a febre foi definida como o aumento da temperatura axilar em valores acima de 37,3 graus. A recomenda\u00e7\u00e3o para o uso do antit\u00e9rmico, no entanto, est\u00e1 indicada para crian\u00e7as que, al\u00e9m do aumento da temperatura, apresentam sintomas como prostra\u00e7\u00e3o, irritabilidade, choro excessivo, falta de apetite e sonol\u00eancia. \u201cTendo em vista que a febre \u00e9 uma defesa, ela n\u00e3o deve causar p\u00e2nico, medo nos pais. Com a orienta\u00e7\u00e3o adequada do pediatra, os pais devem medicar a febre, hidratar bem a crian\u00e7a e observar os sinais de gravidade. O uso de antit\u00e9rmicos alternados e compressas com \u00e1lcool n\u00e3o tem comprova\u00e7\u00e3o cient\u00edfica de melhora da febre. A medida n\u00e3o farmacol\u00f3gica mais efetiva para diminui\u00e7\u00e3o da temperatura \u00e9 a hidrata\u00e7\u00e3o da crian\u00e7a\u201d, recomenda.<\/p>\n\n\n\n<p><strong>Quando devemos nos preocupar e levar a crian\u00e7a imediatamente ao pronto atendimento?<\/strong><\/p>\n\n\n\n<p>Ainda de acordo com a m\u00e9dica, em beb\u00eas abaixo de tr\u00eas meses de idade, o primeiro epis\u00f3dio de febre j\u00e1 deve ser avaliado por um pediatra. Tamb\u00e9m \u00e9 necess\u00e1rio avaliar crian\u00e7as que apresentam febre persistente por mais de 72 horas; a crian\u00e7a que mesmo quando a febre cessa apresenta prostra\u00e7\u00e3o, sonol\u00eancia ou irritabilidade; febre acompanhada de sintomas persistentes como dores de cabe\u00e7a, v\u00f4mitos, manchas avermelhadas pelo corpo, dificuldade em dobrar o pesco\u00e7o e dificuldade para respirar.<\/p>\n\n\n\n<p>\u201cA febre n\u00e3o \u00e9 inimiga, ela \u00e9 um sinal de que nosso potente sistema de defesa est\u00e1 funcionando a todo vapor. Converse com seu pediatra, observe seu filho, fique atendo a sinais de gravidade e n\u00e3o deixe que o medo da febre leve a idas desnecess\u00e1rias ao pronto atendimento e ao uso indiscriminado de antibi\u00f3ticos\u201d, diz a Dra. Juliana Guimar\u00e3es Lacerda Abdanur.<\/p>\n","protected":false},"excerpt":{"rendered":"<p>Pediatra da Unimed Arax\u00e1 explica o que \u00e9, causas e os casos que demandam procurar um m\u00e9dico ou mesmo o<\/p>\n","protected":false},"author":2,"featured_media":4196,"comment_status":"open","ping_status":"open","sticky":false,"template":"","format":"standard","meta":{"footnotes":""},"categories":[9,29],"tags":[],"class_list":["post-4195","post","type-post","status-publish","format-standard","has-post-thumbnail","hentry","category-araxa","category-saude"],"_links":{"self":[{"href":"http:\/\/blogdoarmindomaia.com.br\/index.php?rest_route=\/wp\/v2\/posts\/4195","targetHints":{"allow":["GET"]}}],"collection":[{"href":"http:\/\/blogdoarmindomaia.com.br\/index.php?rest_route=\/wp\/v2\/posts"}],"about":[{"href":"http:\/\/blogdoarmindomaia.com.br\/index.php?rest_route=\/wp\/v2\/types\/post"}],"author":[{"embeddable":true,"href":"http:\/\/blogdoarmindomaia.com.br\/index.php?rest_route=\/wp\/v2\/users\/2"}],"replies":[{"embeddable":true,"href":"http:\/\/blogdoarmindomaia.com.br\/index.php?rest_route=%2Fwp%2Fv2%2Fcomments&post=4195"}],"version-history":[{"count":1,"href":"http:\/\/blogdoarmindomaia.com.br\/index.php?rest_route=\/wp\/v2\/posts\/4195\/revisions"}],"predecessor-version":[{"id":4197,"href":"http:\/\/blogdoarmindomaia.com.br\/index.php?rest_route=\/wp\/v2\/posts\/4195\/revisions\/4197"}],"wp:featuredmedia":[{"embeddable":true,"href":"http:\/\/blogdoarmindomaia.com.br\/index.php?rest_route=\/wp\/v2\/media\/4196"}],"wp:attachment":[{"href":"http:\/\/blogdoarmindomaia.com.br\/index.php?rest_route=%2Fwp%2Fv2%2Fmedia&parent=4195"}],"wp:term":[{"taxonomy":"category","embeddable":true,"href":"http:\/\/blogdoarmindomaia.com.br\/index.php?rest_route=%2Fwp%2Fv2%2Fcategories&post=4195"},{"taxonomy":"post_tag","embeddable":true,"href":"http:\/\/blogdoarmindomaia.com.br\/index.php?rest_route=%2Fwp%2Fv2%2Ftags&post=4195"}],"curies":[{"name":"wp","href":"https:\/\/api.w.org\/{rel}","templated":true}]}}