{"id":4198,"date":"2023-02-01T14:56:42","date_gmt":"2023-02-01T17:56:42","guid":{"rendered":"http:\/\/blogdoarmindomaia.com.br\/?p=4198"},"modified":"2023-02-01T14:56:43","modified_gmt":"2023-02-01T17:56:43","slug":"muita-musica-e-animacao-no-carnaval-do-projeto-tri-ciclo-espetaculos","status":"publish","type":"post","link":"http:\/\/blogdoarmindomaia.com.br\/?p=4198","title":{"rendered":"<strong>Muita m\u00fasica e anima\u00e7\u00e3o no Carnaval do projeto TRI CICLO Espet\u00e1culos<\/strong>"},"content":{"rendered":"\n<figure class=\"wp-block-image size-large is-style-default\"><img loading=\"lazy\" decoding=\"async\" width=\"1024\" height=\"640\" src=\"http:\/\/blogdoarmindomaia.com.br\/wp-content\/uploads\/2023\/02\/Muita-musica-e-animacao-no-Carnaval-do-projeto-TRI-CICLO-Espetaculos-pag-09-1024x640.jpeg\" alt=\"\" class=\"wp-image-4199\" srcset=\"http:\/\/blogdoarmindomaia.com.br\/wp-content\/uploads\/2023\/02\/Muita-musica-e-animacao-no-Carnaval-do-projeto-TRI-CICLO-Espetaculos-pag-09-1024x640.jpeg 1024w, http:\/\/blogdoarmindomaia.com.br\/wp-content\/uploads\/2023\/02\/Muita-musica-e-animacao-no-Carnaval-do-projeto-TRI-CICLO-Espetaculos-pag-09-300x188.jpeg 300w, http:\/\/blogdoarmindomaia.com.br\/wp-content\/uploads\/2023\/02\/Muita-musica-e-animacao-no-Carnaval-do-projeto-TRI-CICLO-Espetaculos-pag-09-768x480.jpeg 768w, http:\/\/blogdoarmindomaia.com.br\/wp-content\/uploads\/2023\/02\/Muita-musica-e-animacao-no-Carnaval-do-projeto-TRI-CICLO-Espetaculos-pag-09.jpeg 1280w\" sizes=\"auto, (max-width: 1024px) 100vw, 1024px\" \/><\/figure>\n\n\n\n<p>Oh abre alas! Tem TRI CICLO Espet\u00e1culos no Carnaval em Arax\u00e1. Come\u00e7a no dia 8 de fevereiro e segue at\u00e9 dia 17, deste mesmo m\u00eas, a programa\u00e7\u00e3o do projeto. Blocos de Carnaval fazendo cortejo nas ruas do Centro de Arax\u00e1 e shows no estacionamento do est\u00e1dio Municipal Fausto Alvim est\u00e3o no cronograma. Alunos de escolas p\u00fablicas de Arax\u00e1 e Perdizes come\u00e7am o ano letivo com apresenta\u00e7\u00f5es teatrais. A Cia. Deu Na Telha, de Arax\u00e1, \u00e9 a atra\u00e7\u00e3o em Perdizes nos dias 8 e 9 de fevereiro com a pela \u201cRetalhos de Hist\u00f3rias\u201d. E o Grupo Maria Cutia (Belo Horizonte) retorna \u00e0 Arax\u00e1 apresentando a pe\u00e7a \u201cPara Chicos\u201d nos dias 14, 15 e 16 com seis apresenta\u00e7\u00f5es.<\/p>\n\n\n\n<p>Tudo gratuito! Os foli\u00f5es podem come\u00e7ar o feriad\u00e3o de Carnaval conosco, no dia 17 de fevereiro. O <strong>bloco Magn\u00f3lia<\/strong> (BH) inicia o cortejo carnavalesco \u00e0s 19 horas, saindo de frente o Teatro Municipal Maximiliano Rocha at\u00e9 o estacionamento do est\u00e1dio Fausto Alvim, com repert\u00f3rio de Jazz no estilo Second Line, tendo como refer\u00eancia os cortejos de Jazz de Nova Orleans. J\u00e1 no Est\u00e1dio estrutura prontinha pra continuarmos a noite, s\u00e3o mais duas atra\u00e7\u00f5es: 20 horas a alegria e a energia do Carnaval continuam com o show do <strong>bloco Havayanas Usadas<\/strong> (BH), prometendo proporcionar uma experi\u00eancia marcante com muita percuss\u00e3o, cl\u00e1ssicos do ax\u00e9, releituras, enfim, tudo que a maior festa do pa\u00eds n\u00e3o pode faltar. E \u00e0s 21h30 nossa atra\u00e7\u00e3o araxaense <strong>Grupo DennissambA<\/strong> num repert\u00f3rio mesclando estilos que agradam quem quer come\u00e7ar o feriado em grande estilo.<\/p>\n\n\n\n<p>Realizado pela Tri Ciclo Produ\u00e7\u00f5es a execu\u00e7\u00e3o do projeto TRI CICLO Espet\u00e1culos \u00e9 atrav\u00e9s da Lei Federal de Incentivo \u00e0 Cultura \u2013 10\u00ba Projeto TRI CICLO Espet\u00e1culos, PRONAC 202593 \u2013 Minist\u00e9rio do Turismo, Secretaria Especial de Cultura. Patroc\u00ednio: CBMM (Companhia Brasileira de Metalurgia e Minera\u00e7\u00e3o) e Bem Brasil Alimentos. Apoio: Prefeitura Municipal de Arax\u00e1 e Tv Integra\u00e7\u00e3o.<\/p>\n\n\n\n<p>\u201cPra n\u00f3s do TRI CICLO \u00e9 uma enorme satisfa\u00e7\u00e3o, grande alegria poder come\u00e7ar o ano com essas atividades culturais dentro das cidades de Arax\u00e1 e Perdizes, com apoio das empresas CBMM e Bem Brasil. Estamos muito felizes em realizar essa programa\u00e7\u00e3o, inclusive com a\u00e7\u00f5es conjuntas, que j\u00e1 acontecem na cidade, criando essa integra\u00e7\u00e3o dentro do calend\u00e1rio cultural. No dia que precede o feriado trazemos blocos de Carnaval de grande renome da cidade de Belo Horizonte, , al\u00e9m das atra\u00e7\u00f5es de Arax\u00e1, tudo gratuitamente. Vai ser lindo, maravilhoso!\u201d, diz a diretora geral da Tri Ciclo Produ\u00e7\u00f5es, L\u00edvia Ferolla.<\/p>\n\n\n\n<p><strong>Estrutura<\/strong><\/p>\n\n\n\n<p>O estacionamento do Est\u00e1dio Fausto Alvim foi o local escolhido para nossa sexta-feira de Carnaval, dia 17 de fevereiro. A estrutura vai ser conter tendas, caso chova no dia, pra\u00e7a de alimenta\u00e7\u00e3o, \u00e1rea kids, al\u00e9m do palco para as apresenta\u00e7\u00f5es que come\u00e7am 19h30 no Est\u00e1dio. Para quem quiser acompanhar todo o trajeto da primeira atra\u00e7\u00e3o a gente aguarda. Sa\u00edmos da porta do Teatro Municipal Maximiliano Rocha (avenida Ant\u00f4nio Carlos, s\/n\u00ba) \u00e0s 19 horas, em ponto. Seguimos a avenida Ant\u00f4nio Carlos, contornamos a Igreja Matriz de S\u00e3o Domingos de Gusm\u00e3o, na avenida Imbiara vamos at\u00e9 o destino final, o estacionamento do Est\u00e1dio Fausto Alvim.<\/p>\n\n\n\n<p><strong>Teatro<\/strong><\/p>\n\n\n\n<p>A crian\u00e7ada da rede municipal de Perdizes\/MG inicia a grade cultural. Dia 08.02 os alunos da E. M. L\u00facio dos Santos e no dia 09.02 os estudantes da E. M. Olinda Maria da Cunha assistem a pe\u00e7a <strong>\u201cRetalhos de Hist\u00f3ria\u201d da Cia. Deu Na Telha<\/strong> (Arax\u00e1), que retrata de forma leve e bem humorada algumas lendas que permeiam o imagin\u00e1rio do povo mineiro. Na semana seguinte os contemplados s\u00e3o alunos de cinco escolas de Arax\u00e1: dia 14.02 \u2013 E. M. Jos\u00e9 Bento e E. M. Padre Jo\u00e3o Botelho, dia 15.02 \u2013 E. M. Lia Salgado, e quinta-feira dia 16.02 \u2013 E. M. Alice Moura que recebe alunos do Cemei Dom Pixote e a E. M. Dona Gabriela. Eles v\u00e3o assistir ao espet\u00e1culo <strong>\u201cPara Chicos\u201d do Grupo Maria Cutia<\/strong> de BH, um show c\u00eanico com can\u00e7\u00f5es de Chico Buarque e um olhar l\u00fadico da palha\u00e7a Beg\u00f4nia, que tenta ser bailarina, mas vira palha\u00e7a e entra no mundo do Circo Roli\u00fade juntamente com sua banda animal.<\/p>\n\n\n\n<p><strong>Servi\u00e7o<\/strong><\/p>\n\n\n\n<p><strong>TRI CICLO Espet\u00e1culos<\/strong><\/p>\n\n\n\n<p><strong>Data: <\/strong>8 a 17 de fevereiro de 2023<\/p>\n\n\n\n<p><strong>Local: <\/strong>Arax\u00e1 e Perdizes\/MG<\/p>\n\n\n\n<p><strong>Entrada Gratuita<\/strong><\/p>\n","protected":false},"excerpt":{"rendered":"<p>Oh abre alas! Tem TRI CICLO Espet\u00e1culos no Carnaval em Arax\u00e1. Come\u00e7a no dia 8 de fevereiro e segue at\u00e9<\/p>\n","protected":false},"author":2,"featured_media":4199,"comment_status":"open","ping_status":"open","sticky":false,"template":"","format":"standard","meta":{"footnotes":""},"categories":[9,5,11],"tags":[],"class_list":["post-4198","post","type-post","status-publish","format-standard","has-post-thumbnail","hentry","category-araxa","category-arte-e-cultura","category-destaques"],"_links":{"self":[{"href":"http:\/\/blogdoarmindomaia.com.br\/index.php?rest_route=\/wp\/v2\/posts\/4198","targetHints":{"allow":["GET"]}}],"collection":[{"href":"http:\/\/blogdoarmindomaia.com.br\/index.php?rest_route=\/wp\/v2\/posts"}],"about":[{"href":"http:\/\/blogdoarmindomaia.com.br\/index.php?rest_route=\/wp\/v2\/types\/post"}],"author":[{"embeddable":true,"href":"http:\/\/blogdoarmindomaia.com.br\/index.php?rest_route=\/wp\/v2\/users\/2"}],"replies":[{"embeddable":true,"href":"http:\/\/blogdoarmindomaia.com.br\/index.php?rest_route=%2Fwp%2Fv2%2Fcomments&post=4198"}],"version-history":[{"count":1,"href":"http:\/\/blogdoarmindomaia.com.br\/index.php?rest_route=\/wp\/v2\/posts\/4198\/revisions"}],"predecessor-version":[{"id":4200,"href":"http:\/\/blogdoarmindomaia.com.br\/index.php?rest_route=\/wp\/v2\/posts\/4198\/revisions\/4200"}],"wp:featuredmedia":[{"embeddable":true,"href":"http:\/\/blogdoarmindomaia.com.br\/index.php?rest_route=\/wp\/v2\/media\/4199"}],"wp:attachment":[{"href":"http:\/\/blogdoarmindomaia.com.br\/index.php?rest_route=%2Fwp%2Fv2%2Fmedia&parent=4198"}],"wp:term":[{"taxonomy":"category","embeddable":true,"href":"http:\/\/blogdoarmindomaia.com.br\/index.php?rest_route=%2Fwp%2Fv2%2Fcategories&post=4198"},{"taxonomy":"post_tag","embeddable":true,"href":"http:\/\/blogdoarmindomaia.com.br\/index.php?rest_route=%2Fwp%2Fv2%2Ftags&post=4198"}],"curies":[{"name":"wp","href":"https:\/\/api.w.org\/{rel}","templated":true}]}}