{"id":4204,"date":"2023-02-01T15:02:10","date_gmt":"2023-02-01T18:02:10","guid":{"rendered":"http:\/\/blogdoarmindomaia.com.br\/?p=4204"},"modified":"2023-02-01T15:02:13","modified_gmt":"2023-02-01T18:02:13","slug":"zema-apresenta-principais-demandas-de-minas-gerais-para-o-presidente","status":"publish","type":"post","link":"http:\/\/blogdoarmindomaia.com.br\/?p=4204","title":{"rendered":"Zema apresenta principais demandas de Minas Gerais para o presidente"},"content":{"rendered":"\n<figure class=\"wp-block-image size-full is-style-default\"><img loading=\"lazy\" decoding=\"async\" width=\"593\" height=\"287\" src=\"http:\/\/blogdoarmindomaia.com.br\/wp-content\/uploads\/2023\/02\/Zema-apresenta-principais-demandas-de-Minas-Gerais-para-o-presidente-pag-07.jpg\" alt=\"\" class=\"wp-image-4205\" srcset=\"http:\/\/blogdoarmindomaia.com.br\/wp-content\/uploads\/2023\/02\/Zema-apresenta-principais-demandas-de-Minas-Gerais-para-o-presidente-pag-07.jpg 593w, http:\/\/blogdoarmindomaia.com.br\/wp-content\/uploads\/2023\/02\/Zema-apresenta-principais-demandas-de-Minas-Gerais-para-o-presidente-pag-07-300x145.jpg 300w\" sizes=\"auto, (max-width: 593px) 100vw, 593px\" \/><\/figure>\n\n\n\n<p>O governador Romeu Zema participou, na \u00faltima sexta-feira (27\/1), do encontro de governadores com o presidente da Rep\u00fablica, Luiz In\u00e1cio Lula da Silva, em Bras\u00edlia. A convite do governo federal, os representantes do executivo de cada ente federativo tiveram a oportunidade de apresentar as principais demandas do estado e discutir propostas com a Uni\u00e3o.&nbsp;<br><br>O governador entregou um of\u00edcio \u00e0 presid\u00eancia elencando prioridades para o estado, como as quest\u00f5es de infraestrutura, essenciais para os mineiros.&nbsp;<br><br>\u201cA infraestrutura das rodovias federais que cruzam o estado deixam muito a desejar e est\u00e3o em situa\u00e7\u00e3o ruim. Queremos que essas estradas sejam recuperadas o quanto antes, entre elas a BR-262, a 040 e a 381, que s\u00e3o vias federais que precisam de investimento e melhorias. A segunda parte \u00e9 a regi\u00e3o do semi\u00e1rido mineiro que precisa ser atendida com rela\u00e7\u00e3o a obras que est\u00e3o h\u00e1 d\u00e9cadas paralisadas. Por exemplo, Berizal e Jequita\u00ed, que s\u00e3o duas represas fundamentais para o progresso do Norte de Minas e n\u00e3o foram conclu\u00eddas\u201d, afirma o governador.<\/p>\n\n\n\n<p><strong>Continuidade de projetos<\/strong><br><br>Romeu Zema tamb\u00e9m solicitou ao governo federal a continuidade de projetos que j\u00e1 estavam em andamento em parceria com a gest\u00e3o anterior. \u201cQueremos agilidade do governo federal em programas que est\u00e3o em andamento, como o metr\u00f4 de Belo Horizonte, que j\u00e1 foi concedido, e tamb\u00e9m o Regime de Recupera\u00e7\u00e3o Fiscal que j\u00e1 est\u00e1 avan\u00e7ado na Secretaria do Tesouro Nacional e que vai possibilitar um equil\u00edbrio nas contas do estado\u201d, disse.&nbsp;<br><br>\u201cAl\u00e9m disso, temos ainda o ponto principal, que \u00e9 a conclus\u00e3o do acordo do Termo de Repara\u00e7\u00e3o referente \u00e0 trag\u00e9dia do rompimento de barragem em Mariana. S\u00e3o pontos fundamentais para o povo mineiro, pois vai possibilitar que obras importantes sejam executadas, principalmente na regi\u00e3o da bacia do Rio Doce, j\u00e1 que a maior parte desse recurso ser\u00e1 destinado para estas cidades. Esp\u00edrito Santo, Minas Gerais e Uni\u00e3o est\u00e3o com tratativas avan\u00e7adas e queremos que o Governo Federal encerre esse processo, que ser\u00e1 bom para ambas as partes\u201d, finalizou Zema.&nbsp;<br><br><strong>Di\u00e1logo<\/strong><br><br>A reuni\u00e3o foi o segundo compromisso do governador ao longo de dois dias de agenda de trabalho em Bras\u00edlia. Na quinta-feira (26\/1), ele participou do F\u00f3rum &nbsp;Nacional de Governadores, que tamb\u00e9m contou com os chefes do executivo e representantes dos 27 estados brasileiros e do Distrito Federal. Os governadores debateram quest\u00f5es fiscais e econ\u00f4micas dos estados e, tamb\u00e9m, sobre as al\u00edquotas do Imposto sobre Circula\u00e7\u00e3o de Mercadorias e Servi\u00e7os (ICMS).<\/p>\n","protected":false},"excerpt":{"rendered":"<p>O governador Romeu Zema participou, na \u00faltima sexta-feira (27\/1), do encontro de governadores com o presidente da Rep\u00fablica, Luiz In\u00e1cio<\/p>\n","protected":false},"author":2,"featured_media":4205,"comment_status":"open","ping_status":"open","sticky":false,"template":"","format":"standard","meta":{"footnotes":""},"categories":[9,11,25],"tags":[],"class_list":["post-4204","post","type-post","status-publish","format-standard","has-post-thumbnail","hentry","category-araxa","category-destaques","category-politica"],"_links":{"self":[{"href":"http:\/\/blogdoarmindomaia.com.br\/index.php?rest_route=\/wp\/v2\/posts\/4204","targetHints":{"allow":["GET"]}}],"collection":[{"href":"http:\/\/blogdoarmindomaia.com.br\/index.php?rest_route=\/wp\/v2\/posts"}],"about":[{"href":"http:\/\/blogdoarmindomaia.com.br\/index.php?rest_route=\/wp\/v2\/types\/post"}],"author":[{"embeddable":true,"href":"http:\/\/blogdoarmindomaia.com.br\/index.php?rest_route=\/wp\/v2\/users\/2"}],"replies":[{"embeddable":true,"href":"http:\/\/blogdoarmindomaia.com.br\/index.php?rest_route=%2Fwp%2Fv2%2Fcomments&post=4204"}],"version-history":[{"count":1,"href":"http:\/\/blogdoarmindomaia.com.br\/index.php?rest_route=\/wp\/v2\/posts\/4204\/revisions"}],"predecessor-version":[{"id":4206,"href":"http:\/\/blogdoarmindomaia.com.br\/index.php?rest_route=\/wp\/v2\/posts\/4204\/revisions\/4206"}],"wp:featuredmedia":[{"embeddable":true,"href":"http:\/\/blogdoarmindomaia.com.br\/index.php?rest_route=\/wp\/v2\/media\/4205"}],"wp:attachment":[{"href":"http:\/\/blogdoarmindomaia.com.br\/index.php?rest_route=%2Fwp%2Fv2%2Fmedia&parent=4204"}],"wp:term":[{"taxonomy":"category","embeddable":true,"href":"http:\/\/blogdoarmindomaia.com.br\/index.php?rest_route=%2Fwp%2Fv2%2Fcategories&post=4204"},{"taxonomy":"post_tag","embeddable":true,"href":"http:\/\/blogdoarmindomaia.com.br\/index.php?rest_route=%2Fwp%2Fv2%2Ftags&post=4204"}],"curies":[{"name":"wp","href":"https:\/\/api.w.org\/{rel}","templated":true}]}}