{"id":4219,"date":"2023-02-02T14:20:29","date_gmt":"2023-02-02T17:20:29","guid":{"rendered":"http:\/\/blogdoarmindomaia.com.br\/?p=4219"},"modified":"2023-02-02T14:20:31","modified_gmt":"2023-02-02T17:20:31","slug":"prefeitura-de-araxa-atende-reivindicacao-de-mais-de-30-anos-e-inaugura-a-praca-thomasia-de-moura-santos","status":"publish","type":"post","link":"http:\/\/blogdoarmindomaia.com.br\/?p=4219","title":{"rendered":"<strong>Prefeitura de Arax\u00e1 atende reivindica\u00e7\u00e3o de mais de 30 anos e inaugura a Pra\u00e7a Thom\u00e1sia de Moura Santos<\/strong>"},"content":{"rendered":"\n<figure class=\"wp-block-image size-full is-style-default\"><img loading=\"lazy\" decoding=\"async\" width=\"1024\" height=\"683\" src=\"http:\/\/blogdoarmindomaia.com.br\/wp-content\/uploads\/2023\/02\/inauguracao-praca-1.jpeg\" alt=\"\" class=\"wp-image-4220\" srcset=\"http:\/\/blogdoarmindomaia.com.br\/wp-content\/uploads\/2023\/02\/inauguracao-praca-1.jpeg 1024w, http:\/\/blogdoarmindomaia.com.br\/wp-content\/uploads\/2023\/02\/inauguracao-praca-1-300x200.jpeg 300w, http:\/\/blogdoarmindomaia.com.br\/wp-content\/uploads\/2023\/02\/inauguracao-praca-1-768x512.jpeg 768w\" sizes=\"auto, (max-width: 1024px) 100vw, 1024px\" \/><\/figure>\n\n\n\n<figure class=\"wp-block-image size-full is-style-default\"><img loading=\"lazy\" decoding=\"async\" width=\"1024\" height=\"683\" src=\"http:\/\/blogdoarmindomaia.com.br\/wp-content\/uploads\/2023\/02\/inauguracao-praca-5.jpeg\" alt=\"\" class=\"wp-image-4221\" srcset=\"http:\/\/blogdoarmindomaia.com.br\/wp-content\/uploads\/2023\/02\/inauguracao-praca-5.jpeg 1024w, http:\/\/blogdoarmindomaia.com.br\/wp-content\/uploads\/2023\/02\/inauguracao-praca-5-300x200.jpeg 300w, http:\/\/blogdoarmindomaia.com.br\/wp-content\/uploads\/2023\/02\/inauguracao-praca-5-768x512.jpeg 768w\" sizes=\"auto, (max-width: 1024px) 100vw, 1024px\" \/><\/figure>\n\n\n\n<figure class=\"wp-block-image size-full is-style-default\"><img loading=\"lazy\" decoding=\"async\" width=\"1024\" height=\"683\" src=\"http:\/\/blogdoarmindomaia.com.br\/wp-content\/uploads\/2023\/02\/inauguracao-praca-11.jpeg\" alt=\"\" class=\"wp-image-4222\" srcset=\"http:\/\/blogdoarmindomaia.com.br\/wp-content\/uploads\/2023\/02\/inauguracao-praca-11.jpeg 1024w, http:\/\/blogdoarmindomaia.com.br\/wp-content\/uploads\/2023\/02\/inauguracao-praca-11-300x200.jpeg 300w, http:\/\/blogdoarmindomaia.com.br\/wp-content\/uploads\/2023\/02\/inauguracao-praca-11-768x512.jpeg 768w\" sizes=\"auto, (max-width: 1024px) 100vw, 1024px\" \/><\/figure>\n\n\n\n<p>O lugar \u00e9 o mesmo, mas o espa\u00e7o foi totalmente revitalizado. A Prefeitura de Arax\u00e1 inaugurou a Pra\u00e7a Thom\u00e1sia de Moura Santos na ter\u00e7a-feira (31), no bairro Odilon Jos\u00e9 Carneiro (Regi\u00e3o do Santo Ant\u00f4nio), na \u00e1rea onde tinha o antigo campinho de futebol da Nestl\u00e9, que foi se acabando com o tempo e gerou diversos transtornos pelo estado de abandono.<br><br>Agora a realidade \u00e9 diferente. O espa\u00e7o recebeu cal\u00e7amento ao entorno, bancos de madeira ecol\u00f3gica, ilumina\u00e7\u00e3o de LED, bebedouro, academia de gin\u00e1stica ao ar livre, incluindo aparelhos para pessoa com defici\u00eancia (PcD) e campo de futebol society.<br><br>Durante a solenidade de inaugura\u00e7\u00e3o, o prefeito Robson Magela destacou que a revitaliza\u00e7\u00e3o foi executada atendendo demandas de moradores da regi\u00e3o. \u201cEu fico muito feliz com a inaugura\u00e7\u00e3o, essa era uma antiga reivindica\u00e7\u00e3o da popula\u00e7\u00e3o que at\u00e9 ent\u00e3o n\u00e3o havia sido atendida. Quando eles procuraram a gest\u00e3o, foram recebidos na sede da prefeitura e n\u00f3s apresentamos o projeto, que foi aprovado e hoje estamos aqui realizando esse sonho\u201d, reiterou o prefeito.<br><br>Para a aposentada \u00c2ngela Maria, o local que antes causava transtornos agora \u00e9 motivo de alegria para os moradores. \u201cH\u00e1 mais de 30 anos que moro ao lado desse espa\u00e7o. Antes era um matagal, sempre buscamos e pedimos para que gest\u00f5es passadas fizessem algo por n\u00f3s, e nunca fomos atendidos. Ent\u00e3o, tanto eu quanto todos os moradores aqui da regi\u00e3o estamos felizes demais, esse \u00e9 um marco na hist\u00f3ria e somos muito gratos \u00e0 Prefeitura de Arax\u00e1 por ter feito isso por n\u00f3s\u201d, relata.<br><br>A pra\u00e7a funciona das 8h \u00e0s 22h e conta com a zeladoria de um servidor da Secretaria Municipal de Esportes. O campo pode ser reservado gratuitamente pelos moradores junto \u00e0 Secretaria Municipal de Esportes, por meio dos telefones 3691-2031 ou 3669-8055.<br><br><strong>Homenagem<br><\/strong><br>A homenageada Thom\u00e1sia de Moura Santos foi uma personagem marcante, dotada de uma bondade sem limite e enriquecia a todos com sua imagem acolhedora, de fala d\u00f3cil e confortadora. Ela foi casada com Donato Pinheiro dos Santos, um dos farmac\u00eauticos pioneiros da cidade, propriet\u00e1ria da Farm\u00e1cia Pinheiro, que faz parte da hist\u00f3ria de Arax\u00e1.<br><br>Nasceu no dia 27 de fevereiro de 1893 e faleceu em 11 de outubro de 1977, aos 84 anos, deixando na saudade a sabedoria de uma mulher forte e ao mesmo tempo am\u00e1vel e carinhosa, que soube educar seus 13 filhos na f\u00e9 e no exemplo. A homenagem ao nome de Thom\u00e1sia para esta pra\u00e7a \u00e9 de autoria da ex-vereadora Elisa Maria Alves da Costa.<br><br>A homenageada foi representada durante a solenidade pelas netas Maria Marta, Nice e Luciana.<\/p>\n","protected":false},"excerpt":{"rendered":"<p>O lugar \u00e9 o mesmo, mas o espa\u00e7o foi totalmente revitalizado. A Prefeitura de Arax\u00e1 inaugurou a Pra\u00e7a Thom\u00e1sia de<\/p>\n","protected":false},"author":2,"featured_media":4220,"comment_status":"open","ping_status":"open","sticky":false,"template":"","format":"standard","meta":{"footnotes":""},"categories":[9,11],"tags":[],"class_list":["post-4219","post","type-post","status-publish","format-standard","has-post-thumbnail","hentry","category-araxa","category-destaques"],"_links":{"self":[{"href":"http:\/\/blogdoarmindomaia.com.br\/index.php?rest_route=\/wp\/v2\/posts\/4219","targetHints":{"allow":["GET"]}}],"collection":[{"href":"http:\/\/blogdoarmindomaia.com.br\/index.php?rest_route=\/wp\/v2\/posts"}],"about":[{"href":"http:\/\/blogdoarmindomaia.com.br\/index.php?rest_route=\/wp\/v2\/types\/post"}],"author":[{"embeddable":true,"href":"http:\/\/blogdoarmindomaia.com.br\/index.php?rest_route=\/wp\/v2\/users\/2"}],"replies":[{"embeddable":true,"href":"http:\/\/blogdoarmindomaia.com.br\/index.php?rest_route=%2Fwp%2Fv2%2Fcomments&post=4219"}],"version-history":[{"count":1,"href":"http:\/\/blogdoarmindomaia.com.br\/index.php?rest_route=\/wp\/v2\/posts\/4219\/revisions"}],"predecessor-version":[{"id":4223,"href":"http:\/\/blogdoarmindomaia.com.br\/index.php?rest_route=\/wp\/v2\/posts\/4219\/revisions\/4223"}],"wp:featuredmedia":[{"embeddable":true,"href":"http:\/\/blogdoarmindomaia.com.br\/index.php?rest_route=\/wp\/v2\/media\/4220"}],"wp:attachment":[{"href":"http:\/\/blogdoarmindomaia.com.br\/index.php?rest_route=%2Fwp%2Fv2%2Fmedia&parent=4219"}],"wp:term":[{"taxonomy":"category","embeddable":true,"href":"http:\/\/blogdoarmindomaia.com.br\/index.php?rest_route=%2Fwp%2Fv2%2Fcategories&post=4219"},{"taxonomy":"post_tag","embeddable":true,"href":"http:\/\/blogdoarmindomaia.com.br\/index.php?rest_route=%2Fwp%2Fv2%2Ftags&post=4219"}],"curies":[{"name":"wp","href":"https:\/\/api.w.org\/{rel}","templated":true}]}}