{"id":4224,"date":"2023-02-02T14:23:43","date_gmt":"2023-02-02T17:23:43","guid":{"rendered":"http:\/\/blogdoarmindomaia.com.br\/?p=4224"},"modified":"2023-02-02T14:23:45","modified_gmt":"2023-02-02T17:23:45","slug":"araxa-podera-sediar-mundial-de-ciclismo-revela-rogerio-bernardes","status":"publish","type":"post","link":"http:\/\/blogdoarmindomaia.com.br\/?p=4224","title":{"rendered":"\u201cArax\u00e1 poder\u00e1 sediar Mundial de Ciclismo\u201d; revela Rog\u00e9rio Bernardes"},"content":{"rendered":"\n<figure class=\"wp-block-image size-full is-style-default\"><img loading=\"lazy\" decoding=\"async\" width=\"554\" height=\"513\" src=\"http:\/\/blogdoarmindomaia.com.br\/wp-content\/uploads\/2023\/02\/Araxa-podera-sediar-Mundial-de-Ciclismo-pag-12.jpg\" alt=\"\" class=\"wp-image-4225\" srcset=\"http:\/\/blogdoarmindomaia.com.br\/wp-content\/uploads\/2023\/02\/Araxa-podera-sediar-Mundial-de-Ciclismo-pag-12.jpg 554w, http:\/\/blogdoarmindomaia.com.br\/wp-content\/uploads\/2023\/02\/Araxa-podera-sediar-Mundial-de-Ciclismo-pag-12-300x278.jpg 300w\" sizes=\"auto, (max-width: 554px) 100vw, 554px\" \/><\/figure>\n\n\n\n<p>Em entrevista ao Jornal Intera\u00e7\u00e3o no final da semana passada, o&nbsp; organizador da CIMTB \u2013 Copa Internacional de Ciclismo, Rog\u00e9rio Bernardes, revelou que Arax\u00e1 est\u00e1 muito perto de sediar uma etapa do Campeonato Mundial de Ciclismo. Segundo ele, &#8220;parece que esse sonho de Arax\u00e1 sediar uma etapa do Campeonato Mundial de Ciclismo, est\u00e1 quase virando realidade. Para 2023, eu acho dif\u00edcil, pois ter\u00edamos que ter uma avalia\u00e7\u00e3o da organiza\u00e7\u00e3o do evento e tamb\u00e9m realizar algumas&nbsp; interven\u00e7\u00f5es estruturais e de log\u00edstica para receber atletas, equipes, patrocinadores, visitantes e a imprensa especializada de todo o mundo. A nossa inten\u00e7\u00e3o \u00e9 unir for\u00e7as com apoiadores e parceiros para que em 2024, o Mundial de Ciclismo possa ter Arax\u00e1 como palco. \u00c9 um evento muito grande e a gente teria atletas, os melhores do mundo aqui em Arax\u00e1. Toda a m\u00eddia especializada do planeta estar\u00e1 com os olhos voltados para Arax\u00e1&#8221;. Rog\u00e9rio tamb\u00e9m disse que, &#8221; a parceria com a CBMM tamb\u00e9m \u00e9 um grande diferencial neste caso. A gente sabe da pot\u00eancia da empresa e da sua credibilidade mundial. Com certeza existem algumas regras e adequa\u00e7\u00f5es que dever\u00e3o ser cumpridas para que Arax\u00e1 possa receber um evento da magnitude de um Mundial de Ciclismo, mas&nbsp; a cidade j\u00e1 est\u00e1 quase pronta. A gente tem que priorizar principalmente as quest\u00f5es de hospedagem, transporte a\u00e9reo, rodovias e acessibilidade. Na verdade, durante a realiza\u00e7\u00e3o do Mundial na cidade de Petr\u00f3polis no Rio de Janeiro, terra natal de Avancini, muita gente falou da possibilidade do evento ter acontecido em Arax\u00e1&#8221;. Finalizando, Rog\u00e9rio disse que, &#8220;mas agora, a gente j\u00e1 est\u00e1 pensando e fazendo planos para que uma etapa do Mundial aconte\u00e7a aqui em Arax\u00e1. E n\u00e3o \u00e9 mais sonho. Ele est\u00e1 muito perto de se tornar realidade&#8221;. S\u00f3 lembrando que o comiss\u00e1rio da Uni\u00e3o Cicl\u00edstica Internacional (UCI), o sueco Ludwig Johannsen, que esteve em Arax\u00e1 em temporadas passadas da CIMTB, levou&nbsp; \u00f3timas impress\u00f5es da cidade e at\u00e9 fez coro para Arax\u00e1 receber uma etapa do Mundial de MTB. Na \u00e9poca&nbsp; Ludwig disse que, \u201ceu gostei muito da prova, assim como desta gente e todas as pessoas que compareceram e torceram para os atletas com um ambiente de respeito. A organiza\u00e7\u00e3o foi muito boa. A pista \u00e9 maravilhosa e logo se v\u00ea que os ciclistas tamb\u00e9m aprovaram aa estrutura e a pista de Arax\u00e1.\u201d Ludwig destacou tamb\u00e9m &nbsp;que a UCI est\u00e1 atenta \u00e0s provas do Brasil e poucas coisas precisam ser feitas para Arax\u00e1 sediar o Mundial. \u201cO mais importante \u00e9 Arax\u00e1 e a organiza\u00e7\u00e3o possam mostrar &nbsp;\u00e1 UCI o que podem fazer para receber o Mundial\u201d.<\/p>\n","protected":false},"excerpt":{"rendered":"<p>Em entrevista ao Jornal Intera\u00e7\u00e3o no final da semana passada, o&nbsp; organizador da CIMTB \u2013 Copa Internacional de Ciclismo, Rog\u00e9rio<\/p>\n","protected":false},"author":2,"featured_media":4225,"comment_status":"open","ping_status":"open","sticky":false,"template":"","format":"standard","meta":{"footnotes":""},"categories":[9,11],"tags":[],"class_list":["post-4224","post","type-post","status-publish","format-standard","has-post-thumbnail","hentry","category-araxa","category-destaques"],"_links":{"self":[{"href":"http:\/\/blogdoarmindomaia.com.br\/index.php?rest_route=\/wp\/v2\/posts\/4224","targetHints":{"allow":["GET"]}}],"collection":[{"href":"http:\/\/blogdoarmindomaia.com.br\/index.php?rest_route=\/wp\/v2\/posts"}],"about":[{"href":"http:\/\/blogdoarmindomaia.com.br\/index.php?rest_route=\/wp\/v2\/types\/post"}],"author":[{"embeddable":true,"href":"http:\/\/blogdoarmindomaia.com.br\/index.php?rest_route=\/wp\/v2\/users\/2"}],"replies":[{"embeddable":true,"href":"http:\/\/blogdoarmindomaia.com.br\/index.php?rest_route=%2Fwp%2Fv2%2Fcomments&post=4224"}],"version-history":[{"count":1,"href":"http:\/\/blogdoarmindomaia.com.br\/index.php?rest_route=\/wp\/v2\/posts\/4224\/revisions"}],"predecessor-version":[{"id":4226,"href":"http:\/\/blogdoarmindomaia.com.br\/index.php?rest_route=\/wp\/v2\/posts\/4224\/revisions\/4226"}],"wp:featuredmedia":[{"embeddable":true,"href":"http:\/\/blogdoarmindomaia.com.br\/index.php?rest_route=\/wp\/v2\/media\/4225"}],"wp:attachment":[{"href":"http:\/\/blogdoarmindomaia.com.br\/index.php?rest_route=%2Fwp%2Fv2%2Fmedia&parent=4224"}],"wp:term":[{"taxonomy":"category","embeddable":true,"href":"http:\/\/blogdoarmindomaia.com.br\/index.php?rest_route=%2Fwp%2Fv2%2Fcategories&post=4224"},{"taxonomy":"post_tag","embeddable":true,"href":"http:\/\/blogdoarmindomaia.com.br\/index.php?rest_route=%2Fwp%2Fv2%2Ftags&post=4224"}],"curies":[{"name":"wp","href":"https:\/\/api.w.org\/{rel}","templated":true}]}}