{"id":4227,"date":"2023-02-02T15:37:16","date_gmt":"2023-02-02T18:37:16","guid":{"rendered":"http:\/\/blogdoarmindomaia.com.br\/?p=4227"},"modified":"2023-02-02T15:37:18","modified_gmt":"2023-02-02T18:37:18","slug":"prefeitura-de-araxa-realiza-vistoria-em-areas-com-potencial-de-risco-devido-ao-intenso-periodo-chuvoso","status":"publish","type":"post","link":"http:\/\/blogdoarmindomaia.com.br\/?p=4227","title":{"rendered":"Prefeitura de Arax\u00e1 realiza vistoria em \u00e1reas com potencial de risco devido ao intenso per\u00edodo chuvoso"},"content":{"rendered":"\n<figure class=\"wp-block-image size-full is-style-default\"><img loading=\"lazy\" decoding=\"async\" width=\"1024\" height=\"683\" src=\"http:\/\/blogdoarmindomaia.com.br\/wp-content\/uploads\/2023\/02\/Vistorias-2.jpeg\" alt=\"\" class=\"wp-image-4228\" srcset=\"http:\/\/blogdoarmindomaia.com.br\/wp-content\/uploads\/2023\/02\/Vistorias-2.jpeg 1024w, http:\/\/blogdoarmindomaia.com.br\/wp-content\/uploads\/2023\/02\/Vistorias-2-300x200.jpeg 300w, http:\/\/blogdoarmindomaia.com.br\/wp-content\/uploads\/2023\/02\/Vistorias-2-768x512.jpeg 768w\" sizes=\"auto, (max-width: 1024px) 100vw, 1024px\" \/><\/figure>\n\n\n\n<figure class=\"wp-block-image size-full is-style-default\"><img loading=\"lazy\" decoding=\"async\" width=\"1024\" height=\"683\" src=\"http:\/\/blogdoarmindomaia.com.br\/wp-content\/uploads\/2023\/02\/Vistorias-6.jpeg\" alt=\"\" class=\"wp-image-4229\" srcset=\"http:\/\/blogdoarmindomaia.com.br\/wp-content\/uploads\/2023\/02\/Vistorias-6.jpeg 1024w, http:\/\/blogdoarmindomaia.com.br\/wp-content\/uploads\/2023\/02\/Vistorias-6-300x200.jpeg 300w, http:\/\/blogdoarmindomaia.com.br\/wp-content\/uploads\/2023\/02\/Vistorias-6-768x512.jpeg 768w\" sizes=\"auto, (max-width: 1024px) 100vw, 1024px\" \/><\/figure>\n\n\n\n<p>A Prefeitura de Arax\u00e1 vistoriou nove pontos com potencial de risco ou iminente a desastres naturais e acidentes. O trabalho envolveu o Instituto de Planejamento e Desenvolvimento Sustent\u00e1vel de Arax\u00e1 (IPDSA), a Secretaria Municipal de Obras P\u00fablicas e Mobilidade Urbana e a Defesa Civil Municipal.<br><br>Al\u00e9m do bairro P\u00e3o de A\u00e7\u00facar 3, que foi atingido por uma eros\u00e3o no s\u00e1bado (28), as equipes vistoriaram pontos nos bairros P\u00e3o de A\u00e7\u00facar 2, Jardim Nat\u00e1lia, Jardim Am\u00e9rica, Camu\u00e1, \u00c1rea 3 e Jardim das Oliveiras, al\u00e9m da avenida Hitalo Ros e a rua Gustavo Rios, na Morada do Sol.<br><br>De acordo com o superintendente do IPDSA, Vin\u00edcius Martins, o objetivo principal das vistorias \u00e9 mapear e monitorar a real situa\u00e7\u00e3o dessas \u00e1reas e estabelecer diretrizes e estrat\u00e9gias de adequa\u00e7\u00e3o e preven\u00e7\u00e3o, com intuito principal de preservar vidas, dar mais seguran\u00e7a \u00e0 popula\u00e7\u00e3o e minimizar as consequ\u00eancias sociais, ambientais e econ\u00f4micas causadas pelos eventos que possam vir ocorrer.<br><br>Ele diz que as visitas t\u00e9cnicas ainda buscam analisar os riscos, impactos, danos ambientais, e identifica\u00e7\u00e3o de patologias existentes nos locais vistoriados e suas poss\u00edveis causas. \u201cEntre os principais problemas enfrentados est\u00e3o inclusos danos ambientais, invas\u00e3o asf\u00e1ltica e em alguns casos, comprometimento da seguran\u00e7a e moradia da popula\u00e7\u00e3o. Al\u00e9m disso, a \u00e1rea verde e nascentes tamb\u00e9m podem ser prejudicadas&#8221;, afirma.<br><br>No caso do P\u00e3o de A\u00e7\u00facar 3, Vin\u00edcius relata que antes do deslizamento acontecer o local n\u00e3o aparentava nenhum ind\u00edcio de que poderia ocorrer algum acidente.<br><br>\u201cPor isso, atrav\u00e9s dessa vistoria, vamos obter informa\u00e7\u00f5es junto \u00e0 equipe da Secretaria de Obras e verificar quais medidas devem ser adotadas pelo respons\u00e1vel, descrever as poss\u00edveis \u00c1reas de Preserva\u00e7\u00e3o Permanente (APP) e analisar quantas est\u00e3o em risco\u201d, relata.<br><br>Uma Comiss\u00e3o de Trabalho foi montada para promover a recupera\u00e7\u00e3o da \u00e1rea afetada, possibilitando o acompanhamento da situa\u00e7\u00e3o de emerg\u00eancia e realizou a interdi\u00e7\u00e3o e desocupa\u00e7\u00e3o de resid\u00eancias pr\u00f3ximas da eros\u00e3o, prestando todo o apoio necess\u00e1rio para as fam\u00edlias atingidas no P\u00e3o de A\u00e7\u00facar 3.<\/p>\n","protected":false},"excerpt":{"rendered":"<p>A Prefeitura de Arax\u00e1 vistoriou nove pontos com potencial de risco ou iminente a desastres naturais e acidentes. O trabalho<\/p>\n","protected":false},"author":2,"featured_media":4228,"comment_status":"open","ping_status":"open","sticky":false,"template":"","format":"standard","meta":{"footnotes":""},"categories":[9,11],"tags":[],"class_list":["post-4227","post","type-post","status-publish","format-standard","has-post-thumbnail","hentry","category-araxa","category-destaques"],"_links":{"self":[{"href":"http:\/\/blogdoarmindomaia.com.br\/index.php?rest_route=\/wp\/v2\/posts\/4227","targetHints":{"allow":["GET"]}}],"collection":[{"href":"http:\/\/blogdoarmindomaia.com.br\/index.php?rest_route=\/wp\/v2\/posts"}],"about":[{"href":"http:\/\/blogdoarmindomaia.com.br\/index.php?rest_route=\/wp\/v2\/types\/post"}],"author":[{"embeddable":true,"href":"http:\/\/blogdoarmindomaia.com.br\/index.php?rest_route=\/wp\/v2\/users\/2"}],"replies":[{"embeddable":true,"href":"http:\/\/blogdoarmindomaia.com.br\/index.php?rest_route=%2Fwp%2Fv2%2Fcomments&post=4227"}],"version-history":[{"count":1,"href":"http:\/\/blogdoarmindomaia.com.br\/index.php?rest_route=\/wp\/v2\/posts\/4227\/revisions"}],"predecessor-version":[{"id":4230,"href":"http:\/\/blogdoarmindomaia.com.br\/index.php?rest_route=\/wp\/v2\/posts\/4227\/revisions\/4230"}],"wp:featuredmedia":[{"embeddable":true,"href":"http:\/\/blogdoarmindomaia.com.br\/index.php?rest_route=\/wp\/v2\/media\/4228"}],"wp:attachment":[{"href":"http:\/\/blogdoarmindomaia.com.br\/index.php?rest_route=%2Fwp%2Fv2%2Fmedia&parent=4227"}],"wp:term":[{"taxonomy":"category","embeddable":true,"href":"http:\/\/blogdoarmindomaia.com.br\/index.php?rest_route=%2Fwp%2Fv2%2Fcategories&post=4227"},{"taxonomy":"post_tag","embeddable":true,"href":"http:\/\/blogdoarmindomaia.com.br\/index.php?rest_route=%2Fwp%2Fv2%2Ftags&post=4227"}],"curies":[{"name":"wp","href":"https:\/\/api.w.org\/{rel}","templated":true}]}}