{"id":4231,"date":"2023-02-03T11:10:38","date_gmt":"2023-02-03T14:10:38","guid":{"rendered":"http:\/\/blogdoarmindomaia.com.br\/?p=4231"},"modified":"2023-02-03T11:10:40","modified_gmt":"2023-02-03T14:10:40","slug":"leonardo-drummond-assume-presidencia-da-acia-e-promete-gestao-participativa-e-crescimento","status":"publish","type":"post","link":"http:\/\/blogdoarmindomaia.com.br\/?p=4231","title":{"rendered":"<strong>Leonardo Drummond assume presid\u00eancia da Acia e promete gest\u00e3o participativa e crescimento<\/strong>"},"content":{"rendered":"\n<figure class=\"wp-block-image size-large is-style-default\"><img loading=\"lazy\" decoding=\"async\" width=\"683\" height=\"1024\" src=\"http:\/\/blogdoarmindomaia.com.br\/wp-content\/uploads\/2023\/02\/leonardo_drummond-683x1024.jpg\" alt=\"\" class=\"wp-image-4232\" srcset=\"http:\/\/blogdoarmindomaia.com.br\/wp-content\/uploads\/2023\/02\/leonardo_drummond-683x1024.jpg 683w, http:\/\/blogdoarmindomaia.com.br\/wp-content\/uploads\/2023\/02\/leonardo_drummond-200x300.jpg 200w, http:\/\/blogdoarmindomaia.com.br\/wp-content\/uploads\/2023\/02\/leonardo_drummond-768x1152.jpg 768w, http:\/\/blogdoarmindomaia.com.br\/wp-content\/uploads\/2023\/02\/leonardo_drummond.jpg 1000w\" sizes=\"auto, (max-width: 683px) 100vw, 683px\" \/><\/figure>\n\n\n\n<figure class=\"wp-block-image size-full is-style-default\"><img loading=\"lazy\" decoding=\"async\" width=\"1000\" height=\"666\" src=\"http:\/\/blogdoarmindomaia.com.br\/wp-content\/uploads\/2023\/02\/Leonardo-Drummond-e-empossado-pag-08.jpg\" alt=\"\" class=\"wp-image-4233\" srcset=\"http:\/\/blogdoarmindomaia.com.br\/wp-content\/uploads\/2023\/02\/Leonardo-Drummond-e-empossado-pag-08.jpg 1000w, http:\/\/blogdoarmindomaia.com.br\/wp-content\/uploads\/2023\/02\/Leonardo-Drummond-e-empossado-pag-08-300x200.jpg 300w, http:\/\/blogdoarmindomaia.com.br\/wp-content\/uploads\/2023\/02\/Leonardo-Drummond-e-empossado-pag-08-768x511.jpg 768w\" sizes=\"auto, (max-width: 1000px) 100vw, 1000px\" \/><\/figure>\n\n\n\n<figure class=\"wp-block-image size-full is-style-default\"><img loading=\"lazy\" decoding=\"async\" width=\"1000\" height=\"666\" src=\"http:\/\/blogdoarmindomaia.com.br\/wp-content\/uploads\/2023\/02\/nova_diretoria.jpg\" alt=\"\" class=\"wp-image-4234\" srcset=\"http:\/\/blogdoarmindomaia.com.br\/wp-content\/uploads\/2023\/02\/nova_diretoria.jpg 1000w, http:\/\/blogdoarmindomaia.com.br\/wp-content\/uploads\/2023\/02\/nova_diretoria-300x200.jpg 300w, http:\/\/blogdoarmindomaia.com.br\/wp-content\/uploads\/2023\/02\/nova_diretoria-768x511.jpg 768w\" sizes=\"auto, (max-width: 1000px) 100vw, 1000px\" \/><\/figure>\n\n\n\n<figure class=\"wp-block-image size-full is-style-default\"><img loading=\"lazy\" decoding=\"async\" width=\"1000\" height=\"666\" src=\"http:\/\/blogdoarmindomaia.com.br\/wp-content\/uploads\/2023\/02\/mesa_de_autoridades.jpg\" alt=\"\" class=\"wp-image-4235\" srcset=\"http:\/\/blogdoarmindomaia.com.br\/wp-content\/uploads\/2023\/02\/mesa_de_autoridades.jpg 1000w, http:\/\/blogdoarmindomaia.com.br\/wp-content\/uploads\/2023\/02\/mesa_de_autoridades-300x200.jpg 300w, http:\/\/blogdoarmindomaia.com.br\/wp-content\/uploads\/2023\/02\/mesa_de_autoridades-768x511.jpg 768w\" sizes=\"auto, (max-width: 1000px) 100vw, 1000px\" \/><\/figure>\n\n\n\n<figure class=\"wp-block-image size-full is-style-default\"><img loading=\"lazy\" decoding=\"async\" width=\"1000\" height=\"666\" src=\"http:\/\/blogdoarmindomaia.com.br\/wp-content\/uploads\/2023\/02\/participacao_do_governador.jpg\" alt=\"\" class=\"wp-image-4236\" srcset=\"http:\/\/blogdoarmindomaia.com.br\/wp-content\/uploads\/2023\/02\/participacao_do_governador.jpg 1000w, http:\/\/blogdoarmindomaia.com.br\/wp-content\/uploads\/2023\/02\/participacao_do_governador-300x200.jpg 300w, http:\/\/blogdoarmindomaia.com.br\/wp-content\/uploads\/2023\/02\/participacao_do_governador-768x511.jpg 768w\" sizes=\"auto, (max-width: 1000px) 100vw, 1000px\" \/><\/figure>\n\n\n\n<figure class=\"wp-block-image size-full is-style-default\"><img loading=\"lazy\" decoding=\"async\" width=\"1000\" height=\"666\" src=\"http:\/\/blogdoarmindomaia.com.br\/wp-content\/uploads\/2023\/02\/publico.jpg\" alt=\"\" class=\"wp-image-4237\" srcset=\"http:\/\/blogdoarmindomaia.com.br\/wp-content\/uploads\/2023\/02\/publico.jpg 1000w, http:\/\/blogdoarmindomaia.com.br\/wp-content\/uploads\/2023\/02\/publico-300x200.jpg 300w, http:\/\/blogdoarmindomaia.com.br\/wp-content\/uploads\/2023\/02\/publico-768x511.jpg 768w\" sizes=\"auto, (max-width: 1000px) 100vw, 1000px\" \/><\/figure>\n\n\n\n<p><em>Nova diretoria foi eleita para o tri\u00eanio 2023\/2025<\/em><\/p>\n\n\n\n<p>O empres\u00e1rio Leonardo Drummond de Ara\u00fajo assumiu a presid\u00eancia da Associa\u00e7\u00e3o Comercial, Industrial, de Turismo, Servi\u00e7os e Agroneg\u00f3cios de Arax\u00e1 nesta quinta-feira (2). A solenidade, realizada no anfiteatro da entidade, reuniu empres\u00e1rios e dezenas de autoridades locais. Em seu discurso de posse, o novo presidente relembrou sua hist\u00f3ria com a Acia e exaltou a nova diretoria, eleita para o tri\u00eanio 2023\/2025. \u201cA presid\u00eancia \u00e9 um cargo de representa\u00e7\u00e3o. Serei os ouvidos, a voz e a a\u00e7\u00e3o de todos os associados e de uma diretoria da qual s\u00f3 posso me orgulhar. Essa nova diretoria foi escolhida a dedo e tenho certeza de que n\u00e3o faltar\u00e1 hora nenhuma a essa entidade. Queremos trabalhar muito, fazer o futuro, mas sem nunca deixar de olhar para tr\u00e1s\u201d, disse.<\/p>\n\n\n\n<p>Leonardo Drummond tamb\u00e9m fez quest\u00e3o de ressaltar em sua fala o trabalho do ex-presidente Em\u00edlio Neumann e adiantou como deve ser sua gest\u00e3o \u00e0 frente da entidade. \u201cQuem me conhece sabe que os meus caminhos obrigatoriamente passam pela tecnologia e a inova\u00e7\u00e3o.&nbsp; Vamos no rumo do desenvolvimento econ\u00f4mico, vamos pautar nossas lutas pelas demandas do cotidiano dos empres\u00e1rios araxaenses. Especificamente esperamos aumentar significativamente o n\u00famero de associados e vou propor a essa minha diretoria tr\u00eas grandes pautas para trabalharmos nestes tr\u00eas anos\u201d, adiantou.<\/p>\n\n\n\n<p>Al\u00e9m de Leonardo Drummond, tamb\u00e9m tomaram posse outros onze membros da diretoria executiva, seis membros do conselho de administra\u00e7\u00e3o e seis do conselho fiscal, entre titulares e suplentes. O grupo foi eleito no \u00faltimo dia oito de dezembro por aclama\u00e7\u00e3o, durante Assembleia Geral Ordin\u00e1ria.&nbsp; \u201cOs tempos s\u00e3o dif\u00edceis, as incertezas s\u00e3o grandes, mas n\u00f3s somos maiores. \u00c9 o empres\u00e1rio que move o pa\u00eds. N\u00e3o ficaremos de bra\u00e7os cruzados. N\u00e3o aceitaremos retrocessos. Somos as mudan\u00e7as que queremos ver e \u00e9 isso que nos impulsiona a continuar. Mais do que nunca \u00e9 hora de trabalho. Aqui, ele n\u00e3o vai faltar\u201d, encerrou Leonardo.<\/p>\n\n\n\n<p><strong>Conhe\u00e7a a nova diretoria da ACIA<\/strong><\/p>\n\n\n\n<p><em>Diretoria Executiva<\/em><\/p>\n\n\n\n<p>Leonardo Drummond de Ara\u00fajo \u2013 Presidente<\/p>\n\n\n\n<p>Mauro Magalh\u00e3es Maniglia &#8211; 1\u00ba Vice Presidente<\/p>\n\n\n\n<p>Pedro Augusto Ladeira Maneira &#8211; 2\u00ba Vice Presidente<\/p>\n\n\n\n<p>Sin\u00e9zio Borges &#8211; 1\u00ba Tesoureiro<\/p>\n\n\n\n<p>\u00cdtalo Marcus Fonseca Borges &#8211; 2\u00ba Tesoureiro<\/p>\n\n\n\n<p>Jaime Sanchez da Cruz Rios &#8211; 1\u00ba Secret\u00e1rio<\/p>\n\n\n\n<p>Cl\u00e1udio Jos\u00e9 Pereira &#8211; 2\u00ba Secret\u00e1rio<\/p>\n\n\n\n<p>Bernardo Akel Lemos Oliveira &#8211; Diretor de Marketing e Relacionamento<\/p>\n\n\n\n<p>Ed\u00fa Marcelo Spinac\u00e9 &#8211; Diretor de Agroneg\u00f3cios<\/p>\n\n\n\n<p>Marcelo Gon\u00e7alves Rezende &#8211; Diretor de Projetos<\/p>\n\n\n\n<p>Jorge Akel Neto &#8211; Diretor Institucional e de Ensino<\/p>\n\n\n\n<p>Neylor Stigliano Barbosa de Oliveira &#8211; Diretor de Assuntos Jur\u00eddicos<\/p>\n\n\n\n<p><em>Conselho de Administra\u00e7\u00e3o<\/em><\/p>\n\n\n\n<p>Romero Zema<\/p>\n\n\n\n<p>Ant\u00f4nio Leonardo Lemos de Oliveira<\/p>\n\n\n\n<p>Christiano De Oliveira Dutra Reimann<\/p>\n\n\n\n<p>F\u00e1bio C\u00e9sar Rios<\/p>\n\n\n\n<p>Roberto Lemos<\/p>\n\n\n\n<p>Wagner de Freitas Oliveira<\/p>\n\n\n\n<p><em>Conselho Fiscal Efetivo&nbsp;&nbsp;&nbsp;&nbsp;&nbsp;&nbsp;&nbsp;<\/em><\/p>\n\n\n\n<p>Luiz Ricardo Vieira Chaer<\/p>\n\n\n\n<p>Fernando Paula Ribeiro<\/p>\n\n\n\n<p>Em\u00edlio Carlos Afonso Botelho&nbsp;&nbsp;&nbsp;&nbsp;&nbsp;&nbsp;&nbsp;&nbsp;&nbsp;&nbsp;&nbsp;&nbsp;&nbsp;&nbsp;&nbsp;&nbsp;&nbsp;&nbsp;&nbsp;&nbsp;&nbsp;&nbsp;&nbsp;&nbsp;&nbsp;&nbsp;&nbsp;&nbsp;&nbsp;&nbsp;&nbsp;&nbsp;&nbsp;&nbsp;&nbsp;&nbsp;&nbsp;&nbsp;&nbsp;&nbsp;&nbsp;&nbsp;<\/p>\n\n\n\n<p><em>Conselho Fiscal Suplente<\/em><\/p>\n\n\n\n<p>Marcelo Duarte<\/p>\n\n\n\n<p>Wagner Bueno De Paula<\/p>\n\n\n\n<p>Cl\u00f3vis Antonio De Faria Sousa<\/p>\n\n\n\n<p><strong>Sobre a Acia<\/strong><\/p>\n\n\n\n<p>A Associa\u00e7\u00e3o Comercial, Industrial, de Turismo, Servi\u00e7os e Agroneg\u00f3cios de Arax\u00e1 &#8211; ACIA tem mais de 80 anos de atua\u00e7\u00e3o. \u00c9 uma entidade moderna que soube evoluir e crescer ao longo de sua hist\u00f3ria, com foco no estabelecimento de parcerias, otimiza\u00e7\u00e3o da infraestrutura, organiza\u00e7\u00e3o administrativa, desenvolvimento empresarial e forte posicionamento comunit\u00e1rio.<\/p>\n\n\n\n<p>O compromisso da ACIA \u00e9 estar sempre presente nas quest\u00f5es relevantes para a integra\u00e7\u00e3o entre empres\u00e1rios, comunidade e poder p\u00fablico por meio da defesa da livre iniciativa e do incentivo \u00e0s atividades com potencial para estimular o desenvolvimento socioecon\u00f4mico de Arax\u00e1.<\/p>\n","protected":false},"excerpt":{"rendered":"<p>Nova diretoria foi eleita para o tri\u00eanio 2023\/2025 O empres\u00e1rio Leonardo Drummond de Ara\u00fajo assumiu a presid\u00eancia da Associa\u00e7\u00e3o Comercial,<\/p>\n","protected":false},"author":2,"featured_media":4232,"comment_status":"open","ping_status":"open","sticky":false,"template":"","format":"standard","meta":{"footnotes":""},"categories":[9,11],"tags":[],"class_list":["post-4231","post","type-post","status-publish","format-standard","has-post-thumbnail","hentry","category-araxa","category-destaques"],"_links":{"self":[{"href":"http:\/\/blogdoarmindomaia.com.br\/index.php?rest_route=\/wp\/v2\/posts\/4231","targetHints":{"allow":["GET"]}}],"collection":[{"href":"http:\/\/blogdoarmindomaia.com.br\/index.php?rest_route=\/wp\/v2\/posts"}],"about":[{"href":"http:\/\/blogdoarmindomaia.com.br\/index.php?rest_route=\/wp\/v2\/types\/post"}],"author":[{"embeddable":true,"href":"http:\/\/blogdoarmindomaia.com.br\/index.php?rest_route=\/wp\/v2\/users\/2"}],"replies":[{"embeddable":true,"href":"http:\/\/blogdoarmindomaia.com.br\/index.php?rest_route=%2Fwp%2Fv2%2Fcomments&post=4231"}],"version-history":[{"count":1,"href":"http:\/\/blogdoarmindomaia.com.br\/index.php?rest_route=\/wp\/v2\/posts\/4231\/revisions"}],"predecessor-version":[{"id":4238,"href":"http:\/\/blogdoarmindomaia.com.br\/index.php?rest_route=\/wp\/v2\/posts\/4231\/revisions\/4238"}],"wp:featuredmedia":[{"embeddable":true,"href":"http:\/\/blogdoarmindomaia.com.br\/index.php?rest_route=\/wp\/v2\/media\/4232"}],"wp:attachment":[{"href":"http:\/\/blogdoarmindomaia.com.br\/index.php?rest_route=%2Fwp%2Fv2%2Fmedia&parent=4231"}],"wp:term":[{"taxonomy":"category","embeddable":true,"href":"http:\/\/blogdoarmindomaia.com.br\/index.php?rest_route=%2Fwp%2Fv2%2Fcategories&post=4231"},{"taxonomy":"post_tag","embeddable":true,"href":"http:\/\/blogdoarmindomaia.com.br\/index.php?rest_route=%2Fwp%2Fv2%2Ftags&post=4231"}],"curies":[{"name":"wp","href":"https:\/\/api.w.org\/{rel}","templated":true}]}}