{"id":4239,"date":"2023-02-05T04:07:09","date_gmt":"2023-02-05T07:07:09","guid":{"rendered":"http:\/\/blogdoarmindomaia.com.br\/?p=4239"},"modified":"2023-02-05T04:07:11","modified_gmt":"2023-02-05T07:07:11","slug":"robson-magela-recebe-vice-governador-de-minas-no-centro-administrativo-de-araxa","status":"publish","type":"post","link":"http:\/\/blogdoarmindomaia.com.br\/?p=4239","title":{"rendered":"Robson Magela recebe vice-governador de Minas no Centro Administrativo de Arax\u00e1"},"content":{"rendered":"\n<p><\/p>\n\n\n\n<figure class=\"wp-block-image size-full is-style-default\"><img loading=\"lazy\" decoding=\"async\" width=\"1024\" height=\"683\" src=\"http:\/\/blogdoarmindomaia.com.br\/wp-content\/uploads\/2023\/02\/Prefeito-recebe-vice-governador-de-Minas-11.jpeg\" alt=\"\" class=\"wp-image-4240\" srcset=\"http:\/\/blogdoarmindomaia.com.br\/wp-content\/uploads\/2023\/02\/Prefeito-recebe-vice-governador-de-Minas-11.jpeg 1024w, http:\/\/blogdoarmindomaia.com.br\/wp-content\/uploads\/2023\/02\/Prefeito-recebe-vice-governador-de-Minas-11-300x200.jpeg 300w, http:\/\/blogdoarmindomaia.com.br\/wp-content\/uploads\/2023\/02\/Prefeito-recebe-vice-governador-de-Minas-11-768x512.jpeg 768w\" sizes=\"auto, (max-width: 1024px) 100vw, 1024px\" \/><\/figure>\n\n\n\n<figure class=\"wp-block-image size-full is-style-default\"><img loading=\"lazy\" decoding=\"async\" width=\"1024\" height=\"683\" src=\"http:\/\/blogdoarmindomaia.com.br\/wp-content\/uploads\/2023\/02\/Prefeito-recebe-vice-governador-de-Minas-15.jpeg\" alt=\"\" class=\"wp-image-4241\" srcset=\"http:\/\/blogdoarmindomaia.com.br\/wp-content\/uploads\/2023\/02\/Prefeito-recebe-vice-governador-de-Minas-15.jpeg 1024w, http:\/\/blogdoarmindomaia.com.br\/wp-content\/uploads\/2023\/02\/Prefeito-recebe-vice-governador-de-Minas-15-300x200.jpeg 300w, http:\/\/blogdoarmindomaia.com.br\/wp-content\/uploads\/2023\/02\/Prefeito-recebe-vice-governador-de-Minas-15-768x512.jpeg 768w\" sizes=\"auto, (max-width: 1024px) 100vw, 1024px\" \/><\/figure>\n\n\n\n<figure class=\"wp-block-image size-full is-style-default\"><img loading=\"lazy\" decoding=\"async\" width=\"1024\" height=\"683\" src=\"http:\/\/blogdoarmindomaia.com.br\/wp-content\/uploads\/2023\/02\/Prefeito-recebe-vice-governador-de-Minas-13.jpeg\" alt=\"\" class=\"wp-image-4242\" srcset=\"http:\/\/blogdoarmindomaia.com.br\/wp-content\/uploads\/2023\/02\/Prefeito-recebe-vice-governador-de-Minas-13.jpeg 1024w, http:\/\/blogdoarmindomaia.com.br\/wp-content\/uploads\/2023\/02\/Prefeito-recebe-vice-governador-de-Minas-13-300x200.jpeg 300w, http:\/\/blogdoarmindomaia.com.br\/wp-content\/uploads\/2023\/02\/Prefeito-recebe-vice-governador-de-Minas-13-768x512.jpeg 768w\" sizes=\"auto, (max-width: 1024px) 100vw, 1024px\" \/><\/figure>\n\n\n\n<p>O prefeito Robson Magela recebeu o vice-governador de Minas Gerais, Mateus Sim\u00f5es, na sede da Prefeitura de Arax\u00e1, na manh\u00e3 deste s\u00e1bado (4). Na ocasi\u00e3o, foram tratados temas referentes \u00e0 sa\u00fade, educa\u00e7\u00e3o, infraestrutura, al\u00e9m da revitaliza\u00e7\u00e3o e restaura\u00e7\u00e3o do pavimento asf\u00e1ltico das vias estaduais que comp\u00f5em a malha vi\u00e1ria da regi\u00e3o. Participaram do encontro o deputado estadual Bosco, secret\u00e1rios municipais e vereadores.<br><br>Na oportunidade, o prefeito Robson Magela solicitou apoio log\u00edstico e financeiro ao Governo do Estado em decorr\u00eancia de deslizamentos de terra que causaram efeitos estruturais e ambientais em vias p\u00fablicas da cidade, um deles recentemente no bairro P\u00e3o de A\u00e7\u00facar 3.<br><br>O chefe do Executivo tamb\u00e9m destacou que \u00e9 de extrema valia o desenvolvimento de a\u00e7\u00f5es conjuntas entre o Estado e o Munic\u00edpio para que haja a disponibiliza\u00e7\u00e3o de recursos do Governo de Minas Gerais para a execu\u00e7\u00e3o de projetos que beneficiem a popula\u00e7\u00e3o.&nbsp;<br><br>&#8220;Essa rela\u00e7\u00e3o pr\u00f3xima entre a Gest\u00e3o Municipal e o Governo Estadual permite que fa\u00e7amos solicita\u00e7\u00f5es e pedidos que beneficiem toda a popula\u00e7\u00e3o. A constru\u00e7\u00e3o do Hospital Municipal, por exemplo, ir\u00e1 proporcionar o atendimento em sa\u00fade da nossa microrregi\u00e3o. A canaliza\u00e7\u00e3o do C\u00f3rrego Grande permitir\u00e1 melhoria da infraestrutura, garantindo acesso r\u00e1pido e seguro \u00e0s rodovias que cortam o nosso munic\u00edpio. E necessitamos do apoio do Governo do Estado tamb\u00e9m nas obras de revitaliza\u00e7\u00e3o e restaura\u00e7\u00e3o do pavimento asf\u00e1ltico das vias estaduais que comp\u00f5em nossa malha vi\u00e1ria, como a avenida do Comboio e o Lago Norte da Est\u00e2ncia Hidromineral do Barreiro\u201d, explica.<br><br>O vice-governador Mateus Sim\u00f5es se prontificou a intervir e colaborar para a execu\u00e7\u00e3o dos pedidos e projetos apresentados, sobretudo pela import\u00e2ncia econ\u00f4mica, industrial, tur\u00edstica, tecnol\u00f3gica e mineral que a cidade tem para toda a regi\u00e3o. De acordo com ele, com a instala\u00e7\u00e3o de grandes ind\u00fastrias e empresas na cidade, \u00e9 dever do Estado realizar a viabiliza\u00e7\u00e3o log\u00edstica, com requalifica\u00e7\u00e3o das liga\u00e7\u00f5es asf\u00e1lticas e concess\u00e3o das rodovias para a melhoria do tr\u00e1fego.<br><br>\u201cQuando a gente fala de obras, talvez a obra de maior valor seja a requalifica\u00e7\u00e3o da MG-428, mas n\u00f3s temos obras importantes internas na cidade, como, por exemplo, a requalifica\u00e7\u00e3o do trecho do Comboio, que vai ser municipalizada depois que revitalizarmos todo o asfalto. Essa j\u00e1 obra come\u00e7ou e ser\u00e1 terminada depois desse per\u00edodo chuvoso. Al\u00e9m disso, temos as importantes obras no Complexo do Barreiro, tanto a requalifica\u00e7\u00e3o do Lago Norte, quanto o estacionamento, a Vila do Artesanato e a \u00c1rea Gourmet, que s\u00e3o entregas importantes. J\u00e1 estamos com o projeto pronto, s\u00f3 n\u00e3o come\u00e7ou pois n\u00e3o tivemos interessados na licita\u00e7\u00e3o, mas estamos confiantes que vamos colocar isso de p\u00e9 j\u00e1 no come\u00e7o deste ano\u201d, reitera o vice-governador.<\/p>\n","protected":false},"excerpt":{"rendered":"<p>O prefeito Robson Magela recebeu o vice-governador de Minas Gerais, Mateus Sim\u00f5es, na sede da Prefeitura de Arax\u00e1, na manh\u00e3<\/p>\n","protected":false},"author":2,"featured_media":4243,"comment_status":"open","ping_status":"open","sticky":false,"template":"","format":"standard","meta":{"footnotes":""},"categories":[9,11],"tags":[],"class_list":["post-4239","post","type-post","status-publish","format-standard","has-post-thumbnail","hentry","category-araxa","category-destaques"],"_links":{"self":[{"href":"http:\/\/blogdoarmindomaia.com.br\/index.php?rest_route=\/wp\/v2\/posts\/4239","targetHints":{"allow":["GET"]}}],"collection":[{"href":"http:\/\/blogdoarmindomaia.com.br\/index.php?rest_route=\/wp\/v2\/posts"}],"about":[{"href":"http:\/\/blogdoarmindomaia.com.br\/index.php?rest_route=\/wp\/v2\/types\/post"}],"author":[{"embeddable":true,"href":"http:\/\/blogdoarmindomaia.com.br\/index.php?rest_route=\/wp\/v2\/users\/2"}],"replies":[{"embeddable":true,"href":"http:\/\/blogdoarmindomaia.com.br\/index.php?rest_route=%2Fwp%2Fv2%2Fcomments&post=4239"}],"version-history":[{"count":1,"href":"http:\/\/blogdoarmindomaia.com.br\/index.php?rest_route=\/wp\/v2\/posts\/4239\/revisions"}],"predecessor-version":[{"id":4244,"href":"http:\/\/blogdoarmindomaia.com.br\/index.php?rest_route=\/wp\/v2\/posts\/4239\/revisions\/4244"}],"wp:featuredmedia":[{"embeddable":true,"href":"http:\/\/blogdoarmindomaia.com.br\/index.php?rest_route=\/wp\/v2\/media\/4243"}],"wp:attachment":[{"href":"http:\/\/blogdoarmindomaia.com.br\/index.php?rest_route=%2Fwp%2Fv2%2Fmedia&parent=4239"}],"wp:term":[{"taxonomy":"category","embeddable":true,"href":"http:\/\/blogdoarmindomaia.com.br\/index.php?rest_route=%2Fwp%2Fv2%2Fcategories&post=4239"},{"taxonomy":"post_tag","embeddable":true,"href":"http:\/\/blogdoarmindomaia.com.br\/index.php?rest_route=%2Fwp%2Fv2%2Ftags&post=4239"}],"curies":[{"name":"wp","href":"https:\/\/api.w.org\/{rel}","templated":true}]}}