{"id":4249,"date":"2023-02-06T15:55:30","date_gmt":"2023-02-06T18:55:30","guid":{"rendered":"http:\/\/blogdoarmindomaia.com.br\/?p=4249"},"modified":"2023-02-06T15:55:32","modified_gmt":"2023-02-06T18:55:32","slug":"prefeitura-de-araxa-inicia-ao-ano-letivo-nas-unidades-da-rede-municipal-de-educacao","status":"publish","type":"post","link":"http:\/\/blogdoarmindomaia.com.br\/?p=4249","title":{"rendered":"<strong>Prefeitura de Arax\u00e1 inicia ao ano letivo nas unidades da Rede Municipal de Educa\u00e7\u00e3o<br><br><\/strong>"},"content":{"rendered":"\n<figure class=\"wp-block-image size-full is-resized is-style-default\"><img loading=\"lazy\" decoding=\"async\" src=\"http:\/\/blogdoarmindomaia.com.br\/wp-content\/uploads\/2023\/02\/RETORNO-DAS-AULAS-1.jpg\" alt=\"\" class=\"wp-image-4250\" width=\"1024\" height=\"683\" srcset=\"http:\/\/blogdoarmindomaia.com.br\/wp-content\/uploads\/2023\/02\/RETORNO-DAS-AULAS-1.jpg 1024w, http:\/\/blogdoarmindomaia.com.br\/wp-content\/uploads\/2023\/02\/RETORNO-DAS-AULAS-1-300x200.jpg 300w, http:\/\/blogdoarmindomaia.com.br\/wp-content\/uploads\/2023\/02\/RETORNO-DAS-AULAS-1-768x512.jpg 768w\" sizes=\"auto, (max-width: 1024px) 100vw, 1024px\" \/><\/figure>\n\n\n\n<p>Cores, sorrisos e muita alegria marcaram o in\u00edcio do ano letivo em 2023 na Rede Municipal de Educa\u00e7\u00e3o. Os alunos voltaram \u00e0s salas de aula nesta segunda-feira (6) e a Secretaria Municipal de Educa\u00e7\u00e3o j\u00e1 iniciou tamb\u00e9m a distribui\u00e7\u00e3o gratuita dos kits de materiais escolares. Ao todo, os quase 13 mil alunos matriculados nas 60 unidades de ensino (entre creches, escolas e anexos) ser\u00e3o beneficiados com os kits, que cont\u00e9m tamb\u00e9m, uniforme completo, com camiseta, short, cal\u00e7a, agasalho e t\u00eanis.<br><br>Os materiais dispon\u00edveis nos kits variam de acordo com a idade e s\u00e9rie matriculada, e est\u00e3o sendo distribu\u00eddos para alunos da Educa\u00e7\u00e3o Infantil, Ensino Fundamental, Ensino de Educa\u00e7\u00e3o Especial e Programa de Educa\u00e7\u00e3o de Jovens e Adultos (EJA). De acordo com a secret\u00e1ria municipal de Educa\u00e7\u00e3o, Zulma Moreira, o retorno das aulas \u00e9 um momento de grande alegria na cidade.<br><br>\u201cAgora tudo est\u00e1 mais alegre, mais enfeitado. Quando as crian\u00e7as est\u00e3o de f\u00e9rias a cidade fica parada e o retorno \u00e0s aulas \u00e9 muito importante porque \u00e9 l\u00e1 que os alunos desenvolvem o senso de coletividade, do aprendizado, do compartilhamento de experi\u00eancias, pois \u00e9 um mundo novo que est\u00e1 esperando por eles. N\u00f3s, enquanto Gest\u00e3o Municipal, estamos trabalhando oferecendo aos estudantes uma educa\u00e7\u00e3o mais humanizada, com respeito e carinho\u201d, destaca.<br><\/p>\n","protected":false},"excerpt":{"rendered":"<p>Cores, sorrisos e muita alegria marcaram o in\u00edcio do ano letivo em 2023 na Rede Municipal de Educa\u00e7\u00e3o. Os alunos<\/p>\n","protected":false},"author":2,"featured_media":4250,"comment_status":"open","ping_status":"open","sticky":false,"template":"","format":"standard","meta":{"footnotes":""},"categories":[9,11],"tags":[],"class_list":["post-4249","post","type-post","status-publish","format-standard","has-post-thumbnail","hentry","category-araxa","category-destaques"],"_links":{"self":[{"href":"http:\/\/blogdoarmindomaia.com.br\/index.php?rest_route=\/wp\/v2\/posts\/4249","targetHints":{"allow":["GET"]}}],"collection":[{"href":"http:\/\/blogdoarmindomaia.com.br\/index.php?rest_route=\/wp\/v2\/posts"}],"about":[{"href":"http:\/\/blogdoarmindomaia.com.br\/index.php?rest_route=\/wp\/v2\/types\/post"}],"author":[{"embeddable":true,"href":"http:\/\/blogdoarmindomaia.com.br\/index.php?rest_route=\/wp\/v2\/users\/2"}],"replies":[{"embeddable":true,"href":"http:\/\/blogdoarmindomaia.com.br\/index.php?rest_route=%2Fwp%2Fv2%2Fcomments&post=4249"}],"version-history":[{"count":1,"href":"http:\/\/blogdoarmindomaia.com.br\/index.php?rest_route=\/wp\/v2\/posts\/4249\/revisions"}],"predecessor-version":[{"id":4251,"href":"http:\/\/blogdoarmindomaia.com.br\/index.php?rest_route=\/wp\/v2\/posts\/4249\/revisions\/4251"}],"wp:featuredmedia":[{"embeddable":true,"href":"http:\/\/blogdoarmindomaia.com.br\/index.php?rest_route=\/wp\/v2\/media\/4250"}],"wp:attachment":[{"href":"http:\/\/blogdoarmindomaia.com.br\/index.php?rest_route=%2Fwp%2Fv2%2Fmedia&parent=4249"}],"wp:term":[{"taxonomy":"category","embeddable":true,"href":"http:\/\/blogdoarmindomaia.com.br\/index.php?rest_route=%2Fwp%2Fv2%2Fcategories&post=4249"},{"taxonomy":"post_tag","embeddable":true,"href":"http:\/\/blogdoarmindomaia.com.br\/index.php?rest_route=%2Fwp%2Fv2%2Ftags&post=4249"}],"curies":[{"name":"wp","href":"https:\/\/api.w.org\/{rel}","templated":true}]}}