{"id":4266,"date":"2023-02-07T10:57:48","date_gmt":"2023-02-07T13:57:48","guid":{"rendered":"http:\/\/blogdoarmindomaia.com.br\/?p=4266"},"modified":"2023-02-07T10:57:50","modified_gmt":"2023-02-07T13:57:50","slug":"patricia-martins-vence-prova-de-rua-em-abadia-dos-dourados","status":"publish","type":"post","link":"http:\/\/blogdoarmindomaia.com.br\/?p=4266","title":{"rendered":"Patr\u00edcia Martins vence prova de Rua em Abadia dos Dourados"},"content":{"rendered":"\n<figure class=\"wp-block-image size-large is-style-default\"><img loading=\"lazy\" decoding=\"async\" width=\"768\" height=\"1024\" src=\"http:\/\/blogdoarmindomaia.com.br\/wp-content\/uploads\/2023\/02\/image1-768x1024.jpeg\" alt=\"\" class=\"wp-image-4267\" srcset=\"http:\/\/blogdoarmindomaia.com.br\/wp-content\/uploads\/2023\/02\/image1-768x1024.jpeg 768w, http:\/\/blogdoarmindomaia.com.br\/wp-content\/uploads\/2023\/02\/image1-225x300.jpeg 225w, http:\/\/blogdoarmindomaia.com.br\/wp-content\/uploads\/2023\/02\/image1-1152x1536.jpeg 1152w, http:\/\/blogdoarmindomaia.com.br\/wp-content\/uploads\/2023\/02\/image1.jpeg 1200w\" sizes=\"auto, (max-width: 768px) 100vw, 768px\" \/><\/figure>\n\n\n\n<p>Aconteceu no dia 05\/02\/2023 a&nbsp; VII Corrida do Aterro na cidade mineira de Abadia dos Dourados, uma prova com a participa\u00e7\u00e3o de v\u00e1rios corredores da regi\u00e3o, onde foi disputada a corrida de 7,5 km, com premia\u00e7\u00e3o em dinheiro, e medalhas e um saboroso almo\u00e7o para os atletas. E mais uma vez a atleta araxaense Patr\u00edcia Martins conseguiu a 1\u00ba coloca\u00e7\u00e3o no Geral Feminino, destacando o nome de Arax\u00e1 e da Sicoob Crediara.<br>Foi a primeira corrida que Patr\u00edcia disputou no ano de 2023, come\u00e7ando muito bem a temporada com vit\u00f3ria e se preparando para as pr\u00f3ximas provas.<\/p>\n\n\n\n<p><strong>A atleta&nbsp;Patr\u00edcia Martins, agradece a todos que a apoiam.<\/strong><\/p>\n\n\n\n<p><strong>Sicoob Crediara, Academia Cornelius Atl\u00e9tica, Treinador Chineyder , Fernanda Augusta Nutricionista, Cl\u00ednica Integrare &nbsp;Montovani William e Joana.<\/strong><\/p>\n","protected":false},"excerpt":{"rendered":"<p>Aconteceu no dia 05\/02\/2023 a&nbsp; VII Corrida do Aterro na cidade mineira de Abadia dos Dourados, uma prova com a<\/p>\n","protected":false},"author":2,"featured_media":4267,"comment_status":"open","ping_status":"open","sticky":false,"template":"","format":"standard","meta":{"footnotes":""},"categories":[9,15],"tags":[],"class_list":["post-4266","post","type-post","status-publish","format-standard","has-post-thumbnail","hentry","category-araxa","category-esportes"],"_links":{"self":[{"href":"http:\/\/blogdoarmindomaia.com.br\/index.php?rest_route=\/wp\/v2\/posts\/4266","targetHints":{"allow":["GET"]}}],"collection":[{"href":"http:\/\/blogdoarmindomaia.com.br\/index.php?rest_route=\/wp\/v2\/posts"}],"about":[{"href":"http:\/\/blogdoarmindomaia.com.br\/index.php?rest_route=\/wp\/v2\/types\/post"}],"author":[{"embeddable":true,"href":"http:\/\/blogdoarmindomaia.com.br\/index.php?rest_route=\/wp\/v2\/users\/2"}],"replies":[{"embeddable":true,"href":"http:\/\/blogdoarmindomaia.com.br\/index.php?rest_route=%2Fwp%2Fv2%2Fcomments&post=4266"}],"version-history":[{"count":1,"href":"http:\/\/blogdoarmindomaia.com.br\/index.php?rest_route=\/wp\/v2\/posts\/4266\/revisions"}],"predecessor-version":[{"id":4268,"href":"http:\/\/blogdoarmindomaia.com.br\/index.php?rest_route=\/wp\/v2\/posts\/4266\/revisions\/4268"}],"wp:featuredmedia":[{"embeddable":true,"href":"http:\/\/blogdoarmindomaia.com.br\/index.php?rest_route=\/wp\/v2\/media\/4267"}],"wp:attachment":[{"href":"http:\/\/blogdoarmindomaia.com.br\/index.php?rest_route=%2Fwp%2Fv2%2Fmedia&parent=4266"}],"wp:term":[{"taxonomy":"category","embeddable":true,"href":"http:\/\/blogdoarmindomaia.com.br\/index.php?rest_route=%2Fwp%2Fv2%2Fcategories&post=4266"},{"taxonomy":"post_tag","embeddable":true,"href":"http:\/\/blogdoarmindomaia.com.br\/index.php?rest_route=%2Fwp%2Fv2%2Ftags&post=4266"}],"curies":[{"name":"wp","href":"https:\/\/api.w.org\/{rel}","templated":true}]}}