{"id":4273,"date":"2023-02-07T11:17:55","date_gmt":"2023-02-07T14:17:55","guid":{"rendered":"http:\/\/blogdoarmindomaia.com.br\/?p=4273"},"modified":"2023-02-07T11:17:57","modified_gmt":"2023-02-07T14:17:57","slug":"camara-municipal-de-araxa-recebe-o-vice-governador-mateus-simoes","status":"publish","type":"post","link":"http:\/\/blogdoarmindomaia.com.br\/?p=4273","title":{"rendered":"<strong>C\u00e2mara Municipal de Arax\u00e1 recebe o vice-governador Mateus Sim\u00f5es<\/strong>"},"content":{"rendered":"\n<figure class=\"wp-block-image size-full is-style-default\"><img loading=\"lazy\" decoding=\"async\" width=\"1024\" height=\"576\" src=\"http:\/\/blogdoarmindomaia.com.br\/wp-content\/uploads\/2023\/02\/visita-vice-governador-4.jpeg\" alt=\"\" class=\"wp-image-4274\" srcset=\"http:\/\/blogdoarmindomaia.com.br\/wp-content\/uploads\/2023\/02\/visita-vice-governador-4.jpeg 1024w, http:\/\/blogdoarmindomaia.com.br\/wp-content\/uploads\/2023\/02\/visita-vice-governador-4-300x169.jpeg 300w, http:\/\/blogdoarmindomaia.com.br\/wp-content\/uploads\/2023\/02\/visita-vice-governador-4-768x432.jpeg 768w\" sizes=\"auto, (max-width: 1024px) 100vw, 1024px\" \/><\/figure>\n\n\n\n<figure class=\"wp-block-image size-full is-style-default\"><img loading=\"lazy\" decoding=\"async\" width=\"1024\" height=\"576\" src=\"http:\/\/blogdoarmindomaia.com.br\/wp-content\/uploads\/2023\/02\/visita-vice-governador-5.jpeg\" alt=\"\" class=\"wp-image-4275\" srcset=\"http:\/\/blogdoarmindomaia.com.br\/wp-content\/uploads\/2023\/02\/visita-vice-governador-5.jpeg 1024w, http:\/\/blogdoarmindomaia.com.br\/wp-content\/uploads\/2023\/02\/visita-vice-governador-5-300x169.jpeg 300w, http:\/\/blogdoarmindomaia.com.br\/wp-content\/uploads\/2023\/02\/visita-vice-governador-5-768x432.jpeg 768w\" sizes=\"auto, (max-width: 1024px) 100vw, 1024px\" \/><\/figure>\n\n\n\n<p>Na manh\u00e3 do \u00faltimo s\u00e1bado (04), os vereadores da C\u00e2mara Municipal de Arax\u00e1 receberam o vice-governador de Minas Gerais, Mateus Sim\u00f5es, para uma reuni\u00e3o que aconteceu no plenarinho Jos\u00e9 Maria Lemos.<\/p>\n\n\n\n<p>O encontrou foi conduzido pelo vereador Bosco J\u00fanior, que assumiu a presid\u00eancia da Casa Legislativa no dia 1 de janeiro de 2023, e contou com a participa\u00e7\u00e3o do deputado estadual Bosco, vereadores e assessores.<\/p>\n\n\n\n<p>Na oportunidade, os vereadores entregaram ao vice-governador alguns of\u00edcios solicitando melhorias para a cidade de Arax\u00e1. O primeiro documento solicita que seja verificada e informada a atual situa\u00e7\u00e3o de manuten\u00e7\u00e3o e recapeamento das rodovias BR-452 e MG-428, consideradas liga\u00e7\u00f5es vitais entre as cidades de Arax\u00e1, Uberl\u00e2ndia\/MG e o Estado de S\u00e3o Paulo e pedido de retorno acerca das demandas apresentadas pelo deputado Bosco, sobre o complexo hidromineral do Barreiro, entrega da Vila do Artesanato, cria\u00e7\u00e3o do estacionamento e outras obras para o entorno.<\/p>\n\n\n\n<p>Os parlamentares tamb\u00e9m solicitaram, atrav\u00e9s de documentos, a implanta\u00e7\u00e3o de uma Superintend\u00eancia Regional de Ensino em Arax\u00e1 e a contrata\u00e7\u00e3o de cerca de 70 pessoas para o quadro de pessoal do \u00f3rg\u00e3o. Os vereadores aproveitaram para pedir empenho do Governo de Minas Gerais para realizar a convoca\u00e7\u00e3o dos aprovados no concurso da Pol\u00edcia Civil, realizado no ano de 2021.<\/p>\n\n\n\n<p>O vice-governador recebeu um exemplar da revista \u201cArax\u00e1 Desburocra e Gera Empregos\u201d \u2013 edi\u00e7\u00e3o 2021\/2022, com as principais a\u00e7\u00f5es, requerimentos, indica\u00e7\u00f5es, projetos de leis e demais atividades desenvolvidas pela comiss\u00e3o especial de vereadores que est\u00e1 \u00e0 frente do projeto.<\/p>\n\n\n\n<p>Al\u00e9m dos assuntos citados nos documentos, os vereadores tamb\u00e9m apresentaram pedidos relacionados \u00e0 duplica\u00e7\u00e3o das rodovias BR-262, avenida do Comboio e outras melhorias para as \u00e1reas de sa\u00fade e educa\u00e7\u00e3o em Arax\u00e1.<\/p>\n\n\n\n<p>O vice-governador adiantou que a BR-452 j\u00e1 foi leiloada e que a concession\u00e1ria vencedora come\u00e7ar\u00e1 a operar dentro de 30 dias, enquanto isso o Governo do Estado est\u00e1 realizando obras paliativas de tapa-buracos, considerando que a BR \u00e9 uma responsabilidade do Governo Federal. J\u00e1 a MG-428 est\u00e1 inclu\u00edda no pacote do programa de reforma de rodovias do Governo Estadual e receber\u00e1 melhorias no segundo semestre deste ano. Ele tamb\u00e9m antecipou que os candidatos aprovados no concurso da Pol\u00edcia Civil ser\u00e3o convocados de acordo com a necessidade do \u00f3rg\u00e3o.<\/p>\n\n\n\n<p>Todas as demandas apresentadas pelo Legislativo Araxaense foram ouvidas pelo vice-governador, que ir\u00e1 encaminh\u00e1-las para que sejam avaliadas e atendidas dentro do poss\u00edvel<em><strong>.<\/strong><\/em><\/p>\n","protected":false},"excerpt":{"rendered":"<p>Na manh\u00e3 do \u00faltimo s\u00e1bado (04), os vereadores da C\u00e2mara Municipal de Arax\u00e1 receberam o vice-governador de Minas Gerais, Mateus<\/p>\n","protected":false},"author":2,"featured_media":4275,"comment_status":"open","ping_status":"open","sticky":false,"template":"","format":"standard","meta":{"footnotes":""},"categories":[9,11],"tags":[],"class_list":["post-4273","post","type-post","status-publish","format-standard","has-post-thumbnail","hentry","category-araxa","category-destaques"],"_links":{"self":[{"href":"http:\/\/blogdoarmindomaia.com.br\/index.php?rest_route=\/wp\/v2\/posts\/4273","targetHints":{"allow":["GET"]}}],"collection":[{"href":"http:\/\/blogdoarmindomaia.com.br\/index.php?rest_route=\/wp\/v2\/posts"}],"about":[{"href":"http:\/\/blogdoarmindomaia.com.br\/index.php?rest_route=\/wp\/v2\/types\/post"}],"author":[{"embeddable":true,"href":"http:\/\/blogdoarmindomaia.com.br\/index.php?rest_route=\/wp\/v2\/users\/2"}],"replies":[{"embeddable":true,"href":"http:\/\/blogdoarmindomaia.com.br\/index.php?rest_route=%2Fwp%2Fv2%2Fcomments&post=4273"}],"version-history":[{"count":1,"href":"http:\/\/blogdoarmindomaia.com.br\/index.php?rest_route=\/wp\/v2\/posts\/4273\/revisions"}],"predecessor-version":[{"id":4276,"href":"http:\/\/blogdoarmindomaia.com.br\/index.php?rest_route=\/wp\/v2\/posts\/4273\/revisions\/4276"}],"wp:featuredmedia":[{"embeddable":true,"href":"http:\/\/blogdoarmindomaia.com.br\/index.php?rest_route=\/wp\/v2\/media\/4275"}],"wp:attachment":[{"href":"http:\/\/blogdoarmindomaia.com.br\/index.php?rest_route=%2Fwp%2Fv2%2Fmedia&parent=4273"}],"wp:term":[{"taxonomy":"category","embeddable":true,"href":"http:\/\/blogdoarmindomaia.com.br\/index.php?rest_route=%2Fwp%2Fv2%2Fcategories&post=4273"},{"taxonomy":"post_tag","embeddable":true,"href":"http:\/\/blogdoarmindomaia.com.br\/index.php?rest_route=%2Fwp%2Fv2%2Ftags&post=4273"}],"curies":[{"name":"wp","href":"https:\/\/api.w.org\/{rel}","templated":true}]}}