{"id":4286,"date":"2023-02-08T15:25:12","date_gmt":"2023-02-08T18:25:12","guid":{"rendered":"http:\/\/blogdoarmindomaia.com.br\/?p=4286"},"modified":"2023-02-08T15:25:14","modified_gmt":"2023-02-08T18:25:14","slug":"camara-de-araxa-realiza-reuniao-ordinaria-para-formacao-de-comissoes-permanentes","status":"publish","type":"post","link":"http:\/\/blogdoarmindomaia.com.br\/?p=4286","title":{"rendered":"<strong>C\u00e2mara de Arax\u00e1 realiza Reuni\u00e3o Ordin\u00e1ria para forma\u00e7\u00e3o de Comiss\u00f5es Permanentes<\/strong>"},"content":{"rendered":"\n<figure class=\"wp-block-image size-large is-style-default\"><img loading=\"lazy\" decoding=\"async\" width=\"1024\" height=\"768\" src=\"http:\/\/blogdoarmindomaia.com.br\/wp-content\/uploads\/2023\/02\/Camara-de-Araxa-realiza-Reuniao-Ordinaria-pag-04-1024x768.jpeg\" alt=\"\" class=\"wp-image-4287\" srcset=\"http:\/\/blogdoarmindomaia.com.br\/wp-content\/uploads\/2023\/02\/Camara-de-Araxa-realiza-Reuniao-Ordinaria-pag-04-1024x768.jpeg 1024w, http:\/\/blogdoarmindomaia.com.br\/wp-content\/uploads\/2023\/02\/Camara-de-Araxa-realiza-Reuniao-Ordinaria-pag-04-300x225.jpeg 300w, http:\/\/blogdoarmindomaia.com.br\/wp-content\/uploads\/2023\/02\/Camara-de-Araxa-realiza-Reuniao-Ordinaria-pag-04-768x576.jpeg 768w, http:\/\/blogdoarmindomaia.com.br\/wp-content\/uploads\/2023\/02\/Camara-de-Araxa-realiza-Reuniao-Ordinaria-pag-04-1536x1152.jpeg 1536w, http:\/\/blogdoarmindomaia.com.br\/wp-content\/uploads\/2023\/02\/Camara-de-Araxa-realiza-Reuniao-Ordinaria-pag-04.jpeg 1600w\" sizes=\"auto, (max-width: 1024px) 100vw, 1024px\" \/><\/figure>\n\n\n\n<p>A C\u00e2mara Municipal de Arax\u00e1 realizou nesta ter\u00e7a-feira (07) a primeira reuni\u00e3o ordin\u00e1ria do ano. A sess\u00e3o tamb\u00e9m foi a primeira conduzida pela mesa diretora eleita para o bi\u00eanio 2023\/2024, composta pelos vereadores: Bosco J\u00fanior \u2013 presidente, Wellington da Bit &#8211; vice-presidente, vereador Evaldo do Ferrocarril &#8211; primeiro secret\u00e1rio e vereador Jo\u00e3o Veras &#8211; segundo secret\u00e1rio.<\/p>\n\n\n\n<p>O regimento interno da casa determina que na primeira reuni\u00e3o ordin\u00e1ria da sess\u00e3o legislativa, ocorra a elei\u00e7\u00e3o dos membros das comiss\u00f5es permanentes da casa, por um per\u00edodo anual. As comiss\u00f5es s\u00e3o formadas por tr\u00eas parlamentares, que ir\u00e3o se dividir entre os cargos de presidente, relator e membro. Cada uma delas tem o objetivo de estudar as proposi\u00e7\u00f5es e os assuntos de sua compet\u00eancia e elaborar parecer sobre eles.<\/p>\n\n\n\n<p>Confira os parlamentares que foram eleitos para cada uma das seis Comiss\u00f5es:<\/p>\n\n\n\n<p>Comiss\u00e3o de Justi\u00e7a, Legisla\u00e7\u00e3o e Reda\u00e7\u00e3o Final: Jairinho Borges (presidente), Evaldo do Ferrocarril (relator) e Luiz Carlos Bittencourt (membro).<\/p>\n\n\n\n<p>Comiss\u00e3o de Finan\u00e7as e Or\u00e7amento: Raphael Rios (presidente), Pastor Moacir (relator) e Maristela Dutra (membro).<\/p>\n\n\n\n<p>Comiss\u00e3o de Servi\u00e7os Urbanos e Obras P\u00fablicas: Evaldo do Ferrocarril (presidente), Valtinho da Farm\u00e1cia (relator) e Fernanda Castelha (membro).<\/p>\n\n\n\n<p>Comiss\u00e3o de Agricultura, Ind\u00fastria, Com\u00e9rcio e Planejamento Ambiental, Urbano e Rural: Jo\u00e3o Veras (presidente), Dr. Zidane (relator) e Dirley da Escolinha (membro).<\/p>\n\n\n\n<p>Comiss\u00e3o de Educa\u00e7\u00e3o, Cultura, Sa\u00fade e Seguran\u00e7a: Alexandre Irm\u00e3os Paula (presidente), Raphael Rios (relator) e Professora Leni Nobre (membro).<\/p>\n\n\n\n<p>Comiss\u00e3o de Esportes, Turismo, Lazer, Direitos Humanos e Defesa da Mulher: Wellington da Bit (presidente), Maristela Dutra (relatora) e Alexandre Irm\u00e3os Paula (membro).<\/p>\n\n\n\n<p>A primeira reuni\u00e3o ordin\u00e1ria do ano com utiliza\u00e7\u00e3o da tribuna pelos vereadores acontecer\u00e1 na ter\u00e7a-feira (14), \u00e0s 14h, no Plen\u00e1rio Vereador Guilherme Gotelip Neto. A popula\u00e7\u00e3o pode acompanhar a transmiss\u00e3o, ao vivo, atrav\u00e9s da R\u00e1dio Imbiara (91,5) ou do canal da C\u00e2mara no YouTube.<\/p>\n\n\n\n<p><strong>Reuni\u00e3o Extraordin\u00e1ria<\/strong><\/p>\n\n\n\n<p>Logo ap\u00f3s a reuni\u00e3o ordin\u00e1ria foi realizada uma sess\u00e3o extraordin\u00e1ria para aprecia\u00e7\u00e3o do Projeto de Lei 01\/2023 que &nbsp;\u201cAutoriza o poder executivo a celebrar termo de fomento com a Escola de Samba Imp\u00e9rio S\u00e3o Geraldo\u201d.<\/p>\n\n\n\n<p>A mat\u00e9ria foi aprovada por 12 votos a 1 e autoriza o munic\u00edpio a conceder fomento no valor de R$ 150.000,00 (cento e cinquenta mil reais), para fins de apoiar a realiza\u00e7\u00e3o do carnaval local.<\/p>\n\n\n\n<p>Os vereadores aproveitaram a oportunidade para destacar a import\u00e2ncia de estimular a economia atrav\u00e9s da realiza\u00e7\u00e3o de eventos culturais, que atraem turistas, movimentam o com\u00e9rcio, o setor hoteleiro e consequentemente o desenvolvimento tur\u00edstico para a cidade.<\/p>\n","protected":false},"excerpt":{"rendered":"<p>A C\u00e2mara Municipal de Arax\u00e1 realizou nesta ter\u00e7a-feira (07) a primeira reuni\u00e3o ordin\u00e1ria do ano. A sess\u00e3o tamb\u00e9m foi a<\/p>\n","protected":false},"author":2,"featured_media":4287,"comment_status":"open","ping_status":"open","sticky":false,"template":"","format":"standard","meta":{"footnotes":""},"categories":[9,11],"tags":[],"class_list":["post-4286","post","type-post","status-publish","format-standard","has-post-thumbnail","hentry","category-araxa","category-destaques"],"_links":{"self":[{"href":"http:\/\/blogdoarmindomaia.com.br\/index.php?rest_route=\/wp\/v2\/posts\/4286","targetHints":{"allow":["GET"]}}],"collection":[{"href":"http:\/\/blogdoarmindomaia.com.br\/index.php?rest_route=\/wp\/v2\/posts"}],"about":[{"href":"http:\/\/blogdoarmindomaia.com.br\/index.php?rest_route=\/wp\/v2\/types\/post"}],"author":[{"embeddable":true,"href":"http:\/\/blogdoarmindomaia.com.br\/index.php?rest_route=\/wp\/v2\/users\/2"}],"replies":[{"embeddable":true,"href":"http:\/\/blogdoarmindomaia.com.br\/index.php?rest_route=%2Fwp%2Fv2%2Fcomments&post=4286"}],"version-history":[{"count":1,"href":"http:\/\/blogdoarmindomaia.com.br\/index.php?rest_route=\/wp\/v2\/posts\/4286\/revisions"}],"predecessor-version":[{"id":4288,"href":"http:\/\/blogdoarmindomaia.com.br\/index.php?rest_route=\/wp\/v2\/posts\/4286\/revisions\/4288"}],"wp:featuredmedia":[{"embeddable":true,"href":"http:\/\/blogdoarmindomaia.com.br\/index.php?rest_route=\/wp\/v2\/media\/4287"}],"wp:attachment":[{"href":"http:\/\/blogdoarmindomaia.com.br\/index.php?rest_route=%2Fwp%2Fv2%2Fmedia&parent=4286"}],"wp:term":[{"taxonomy":"category","embeddable":true,"href":"http:\/\/blogdoarmindomaia.com.br\/index.php?rest_route=%2Fwp%2Fv2%2Fcategories&post=4286"},{"taxonomy":"post_tag","embeddable":true,"href":"http:\/\/blogdoarmindomaia.com.br\/index.php?rest_route=%2Fwp%2Fv2%2Ftags&post=4286"}],"curies":[{"name":"wp","href":"https:\/\/api.w.org\/{rel}","templated":true}]}}