{"id":4290,"date":"2023-02-09T11:01:43","date_gmt":"2023-02-09T14:01:43","guid":{"rendered":"http:\/\/blogdoarmindomaia.com.br\/?p=4290"},"modified":"2023-02-09T11:01:44","modified_gmt":"2023-02-09T14:01:44","slug":"governo-de-minas-reafirma-apoio-ao-projeto-do-hospital-municipal","status":"publish","type":"post","link":"http:\/\/blogdoarmindomaia.com.br\/?p=4290","title":{"rendered":"Governo de Minas reafirma apoio ao projeto do Hospital Municipal"},"content":{"rendered":"\n<figure class=\"wp-block-image size-full is-style-default\"><img loading=\"lazy\" decoding=\"async\" width=\"635\" height=\"325\" src=\"http:\/\/blogdoarmindomaia.com.br\/wp-content\/uploads\/2023\/02\/Governo-de-Minas-reafirma-apoio-ao-projeto-do-Hospital-Municipal-pag-07.jpeg\" alt=\"\" class=\"wp-image-4291\" srcset=\"http:\/\/blogdoarmindomaia.com.br\/wp-content\/uploads\/2023\/02\/Governo-de-Minas-reafirma-apoio-ao-projeto-do-Hospital-Municipal-pag-07.jpeg 635w, http:\/\/blogdoarmindomaia.com.br\/wp-content\/uploads\/2023\/02\/Governo-de-Minas-reafirma-apoio-ao-projeto-do-Hospital-Municipal-pag-07-300x154.jpeg 300w\" sizes=\"auto, (max-width: 635px) 100vw, 635px\" \/><\/figure>\n\n\n\n<p>A Prefeitura de Arax\u00e1 se reuniu com o Governo de Minas Gerais, na segunda-feira (6), para tratar sobre o apoio do Estado na constru\u00e7\u00e3o do Hospital Municipal. O encontro teve as presen\u00e7as do prefeito Robson Magela, do secret\u00e1rio de Estado de Sa\u00fade, F\u00e1bio Baccheretti, do deputado estadual Bosco, da secret\u00e1ria municipal de Sa\u00fade, Cristiane Gon\u00e7alves Pereira, do chefe de Gabinete, Germano Afonso, e da assessora de Sa\u00fade, Talita Ferreira.<br><br>Conforme sugeridas na \u00faltima reuni\u00e3o ocorrida no ano passado, as adequa\u00e7\u00f5es no projeto do Hospital Municipal foram apresentadas e o mesmo j\u00e1 est\u00e1 sendo avaliado pela Vigil\u00e2ncia Sanit\u00e1ria Estadual para aprova\u00e7\u00e3o.<br><br>O secret\u00e1rio de Sa\u00fade, F\u00e1bio Baccheretti, reafirmou a parceria financeira para a constru\u00e7\u00e3o do Hospital Municipal em Arax\u00e1 e o investimento ser\u00e1 anunciado em breve pelo governador Romeu Zema.<br><br>O deputado estadual Bosco acrescenta que as tratativas do Hospital Municipal avan\u00e7am a cada reuni\u00e3o realizada com o Estado. \u201c\u00c9 uma parceria de grande valia que vai possibilitar o acesso da popula\u00e7\u00e3o de Arax\u00e1 e microrregi\u00e3o a diversas especialidades m\u00e9dicas\u201d, afirma.<br><br>O prefeito Robson Magela destaca que a implanta\u00e7\u00e3o do Hospital Municipal vai representar mais avan\u00e7o para a sa\u00fade p\u00fablica de Arax\u00e1. \u201c\u00c9 a nossa gest\u00e3o em parceria com o Governo de Minas viabilizando a vinda de atendimentos de m\u00e9dia e alta complexidade, com estrutura moderna e equipamentos de \u00faltima gera\u00e7\u00e3o. Futuramente, as pessoas n\u00e3o precisar\u00e3o buscar esses atendimentos em outras cidades. Isso vai gerar mais dignidade \u00e0 nossa popula\u00e7\u00e3o\u201d, destaca.<\/p>\n","protected":false},"excerpt":{"rendered":"<p>A Prefeitura de Arax\u00e1 se reuniu com o Governo de Minas Gerais, na segunda-feira (6), para tratar sobre o apoio<\/p>\n","protected":false},"author":2,"featured_media":4291,"comment_status":"open","ping_status":"open","sticky":false,"template":"","format":"standard","meta":{"footnotes":""},"categories":[9,11],"tags":[],"class_list":["post-4290","post","type-post","status-publish","format-standard","has-post-thumbnail","hentry","category-araxa","category-destaques"],"_links":{"self":[{"href":"http:\/\/blogdoarmindomaia.com.br\/index.php?rest_route=\/wp\/v2\/posts\/4290","targetHints":{"allow":["GET"]}}],"collection":[{"href":"http:\/\/blogdoarmindomaia.com.br\/index.php?rest_route=\/wp\/v2\/posts"}],"about":[{"href":"http:\/\/blogdoarmindomaia.com.br\/index.php?rest_route=\/wp\/v2\/types\/post"}],"author":[{"embeddable":true,"href":"http:\/\/blogdoarmindomaia.com.br\/index.php?rest_route=\/wp\/v2\/users\/2"}],"replies":[{"embeddable":true,"href":"http:\/\/blogdoarmindomaia.com.br\/index.php?rest_route=%2Fwp%2Fv2%2Fcomments&post=4290"}],"version-history":[{"count":1,"href":"http:\/\/blogdoarmindomaia.com.br\/index.php?rest_route=\/wp\/v2\/posts\/4290\/revisions"}],"predecessor-version":[{"id":4292,"href":"http:\/\/blogdoarmindomaia.com.br\/index.php?rest_route=\/wp\/v2\/posts\/4290\/revisions\/4292"}],"wp:featuredmedia":[{"embeddable":true,"href":"http:\/\/blogdoarmindomaia.com.br\/index.php?rest_route=\/wp\/v2\/media\/4291"}],"wp:attachment":[{"href":"http:\/\/blogdoarmindomaia.com.br\/index.php?rest_route=%2Fwp%2Fv2%2Fmedia&parent=4290"}],"wp:term":[{"taxonomy":"category","embeddable":true,"href":"http:\/\/blogdoarmindomaia.com.br\/index.php?rest_route=%2Fwp%2Fv2%2Fcategories&post=4290"},{"taxonomy":"post_tag","embeddable":true,"href":"http:\/\/blogdoarmindomaia.com.br\/index.php?rest_route=%2Fwp%2Fv2%2Ftags&post=4290"}],"curies":[{"name":"wp","href":"https:\/\/api.w.org\/{rel}","templated":true}]}}