{"id":4293,"date":"2023-02-09T11:06:17","date_gmt":"2023-02-09T14:06:17","guid":{"rendered":"http:\/\/blogdoarmindomaia.com.br\/?p=4293"},"modified":"2023-02-09T11:06:19","modified_gmt":"2023-02-09T14:06:19","slug":"atencao-primaria-em-saude-realiza-mais-de-96-mil-atendimentos-em-2023","status":"publish","type":"post","link":"http:\/\/blogdoarmindomaia.com.br\/?p=4293","title":{"rendered":"<strong>Aten\u00e7\u00e3o Prim\u00e1ria em Sa\u00fade realiza mais de 96 mil atendimentos em 2023<\/strong>"},"content":{"rendered":"\n<figure class=\"wp-block-image size-full is-style-default\"><img loading=\"lazy\" decoding=\"async\" width=\"1024\" height=\"683\" src=\"http:\/\/blogdoarmindomaia.com.br\/wp-content\/uploads\/2023\/02\/Atencao-Primaria-6.jpeg\" alt=\"\" class=\"wp-image-4294\" srcset=\"http:\/\/blogdoarmindomaia.com.br\/wp-content\/uploads\/2023\/02\/Atencao-Primaria-6.jpeg 1024w, http:\/\/blogdoarmindomaia.com.br\/wp-content\/uploads\/2023\/02\/Atencao-Primaria-6-300x200.jpeg 300w, http:\/\/blogdoarmindomaia.com.br\/wp-content\/uploads\/2023\/02\/Atencao-Primaria-6-768x512.jpeg 768w\" sizes=\"auto, (max-width: 1024px) 100vw, 1024px\" \/><\/figure>\n\n\n\n<p>Considerada a porta de entrada para o Sistema \u00danico de Sa\u00fade (SUS), a Aten\u00e7\u00e3o Prim\u00e1ria da Prefeitura de Arax\u00e1 realizou mais de 96 mil atendimentos em 2022. Composta por 23 equipes de Estrat\u00e9gia de Sa\u00fade da Fam\u00edlia (ESFs), cinco Unidades de Sa\u00fade da Fam\u00edlia (USFs) e o projeto Conex\u00e3o Rural, o setor desenvolve a\u00e7\u00f5es e presta atendimentos voltados \u00e0 promo\u00e7\u00e3o e preven\u00e7\u00e3o \u00e0 sa\u00fade, al\u00e9m do diagn\u00f3stico precoce e tratamento oportuno de eventuais doen\u00e7as.<br><br>Todo o funcionamento, atividades e a\u00e7\u00f5es desenvolvidas contemplam o p\u00fablico em geral, independentemente da idade. O objetivo \u00e9 prevenir o cidad\u00e3o em rela\u00e7\u00e3o ao surgimento de situa\u00e7\u00f5es que podem se tornar agravantes pela falta de procura por atendimento b\u00e1sico de sa\u00fade.<br><br>Consultas em todos os ciclos de vida, desde a inf\u00e2ncia at\u00e9 a velhice, envolvendo atendimentos de pr\u00e9-natal, grupos de gestantes, puericultura (acompanhamento do crescimento e desenvolvimento da crian\u00e7a), visitas domiciliares, procedimentos b\u00e1sicos como aferi\u00e7\u00e3o de press\u00e3o arterial, glicemia, curativos e administra\u00e7\u00e3o de medicamentos, al\u00e9m da vacina\u00e7\u00e3o e orienta\u00e7\u00e3o nutricional, s\u00e3o apenas alguns dos servi\u00e7os oferecidos para a popula\u00e7\u00e3o araxaense.<br><br>A estrutura de atendimento conta com agentes comunit\u00e1rios de Sa\u00fade (ACSs), t\u00e9cnicos de Enfermagem, enfermeiros, gerente de Aten\u00e7\u00e3o B\u00e1sica e m\u00e9dicos. As ESFs contam ainda com equipe de Sa\u00fade Bucal e nutricionistas em alguns dos postos.<br><br>A coordenadora das ESFs, Nat\u00e1lia Lima, ressalta que devido a rotina exaustiva e os hor\u00e1rios de trabalho, a popula\u00e7\u00e3o vai deixando o cuidado com a sa\u00fade em segundo plano. E \u00e9 papel dos profissionais da Aten\u00e7\u00e3o Prim\u00e1ria mudar este h\u00e1bito da comunidade.<br><br>\u201c\u00c9 extremamente importante que as fam\u00edlias recebam as equipes das ESFs em seu domic\u00edlio, seja para visitas rotineiras ou atualiza\u00e7\u00e3o \/ novo cadastro, e aproveitem para saber qual \u00e9 a unidade de refer\u00eancia de seus familiares. Atrav\u00e9s desse trabalho prestado pelas equipes \u00e9 que os investimentos em sa\u00fade e desenvolvimento de pol\u00edticas p\u00fablicas podem se tornar realidades\u201d, explica.<br><br>Nat\u00e1lia destaca ainda que a Aten\u00e7\u00e3o Prim\u00e1ria n\u00e3o \u00e9 um servi\u00e7o voltado para urg\u00eancia e emerg\u00eancia, mas sim um acompanhamento cont\u00ednuo voltado para promo\u00e7\u00e3o de sa\u00fade que pode mudar a vida do cidad\u00e3o e da sua fam\u00edlia.<br><br>\u201cAs ESFs s\u00e3o a porta de entrada para o Sistema \u00danico de Sa\u00fade (SUS). Um trabalho abrangente, bem estruturado e que realizado por meio de parceria entre cidad\u00e3o e profissionais se torna pe\u00e7a fundamental para que exista qualidade de vida e sa\u00fade digna nos lares da popula\u00e7\u00e3o araxense\u201d, refor\u00e7a a coordenadora.<\/p>\n","protected":false},"excerpt":{"rendered":"<p>Considerada a porta de entrada para o Sistema \u00danico de Sa\u00fade (SUS), a Aten\u00e7\u00e3o Prim\u00e1ria da Prefeitura de Arax\u00e1 realizou<\/p>\n","protected":false},"author":2,"featured_media":4294,"comment_status":"open","ping_status":"open","sticky":false,"template":"","format":"standard","meta":{"footnotes":""},"categories":[9,29],"tags":[],"class_list":["post-4293","post","type-post","status-publish","format-standard","has-post-thumbnail","hentry","category-araxa","category-saude"],"_links":{"self":[{"href":"http:\/\/blogdoarmindomaia.com.br\/index.php?rest_route=\/wp\/v2\/posts\/4293","targetHints":{"allow":["GET"]}}],"collection":[{"href":"http:\/\/blogdoarmindomaia.com.br\/index.php?rest_route=\/wp\/v2\/posts"}],"about":[{"href":"http:\/\/blogdoarmindomaia.com.br\/index.php?rest_route=\/wp\/v2\/types\/post"}],"author":[{"embeddable":true,"href":"http:\/\/blogdoarmindomaia.com.br\/index.php?rest_route=\/wp\/v2\/users\/2"}],"replies":[{"embeddable":true,"href":"http:\/\/blogdoarmindomaia.com.br\/index.php?rest_route=%2Fwp%2Fv2%2Fcomments&post=4293"}],"version-history":[{"count":1,"href":"http:\/\/blogdoarmindomaia.com.br\/index.php?rest_route=\/wp\/v2\/posts\/4293\/revisions"}],"predecessor-version":[{"id":4295,"href":"http:\/\/blogdoarmindomaia.com.br\/index.php?rest_route=\/wp\/v2\/posts\/4293\/revisions\/4295"}],"wp:featuredmedia":[{"embeddable":true,"href":"http:\/\/blogdoarmindomaia.com.br\/index.php?rest_route=\/wp\/v2\/media\/4294"}],"wp:attachment":[{"href":"http:\/\/blogdoarmindomaia.com.br\/index.php?rest_route=%2Fwp%2Fv2%2Fmedia&parent=4293"}],"wp:term":[{"taxonomy":"category","embeddable":true,"href":"http:\/\/blogdoarmindomaia.com.br\/index.php?rest_route=%2Fwp%2Fv2%2Fcategories&post=4293"},{"taxonomy":"post_tag","embeddable":true,"href":"http:\/\/blogdoarmindomaia.com.br\/index.php?rest_route=%2Fwp%2Fv2%2Ftags&post=4293"}],"curies":[{"name":"wp","href":"https:\/\/api.w.org\/{rel}","templated":true}]}}