{"id":430,"date":"2022-04-21T19:22:51","date_gmt":"2022-04-21T22:22:51","guid":{"rendered":"http:\/\/blogdoarmindomaia.com.br\/?p=430"},"modified":"2022-04-21T19:22:53","modified_gmt":"2022-04-21T22:22:53","slug":"apos-sucesso-na-abertura-araxa-rodeio-show-tem-programacao-especial-no-feriado","status":"publish","type":"post","link":"http:\/\/blogdoarmindomaia.com.br\/?p=430","title":{"rendered":"<strong>Ap\u00f3s sucesso na abertura, Arax\u00e1 Rodeio Show tem programa\u00e7\u00e3o especial no feriado<\/strong>"},"content":{"rendered":"\n<figure class=\"wp-block-image size-large is-style-default\"><img loading=\"lazy\" decoding=\"async\" width=\"1024\" height=\"682\" src=\"http:\/\/blogdoarmindomaia.com.br\/wp-content\/uploads\/2022\/04\/ars_3-1024x682.jpg\" alt=\"\" class=\"wp-image-433\" srcset=\"http:\/\/blogdoarmindomaia.com.br\/wp-content\/uploads\/2022\/04\/ars_3-1024x682.jpg 1024w, http:\/\/blogdoarmindomaia.com.br\/wp-content\/uploads\/2022\/04\/ars_3-300x200.jpg 300w, http:\/\/blogdoarmindomaia.com.br\/wp-content\/uploads\/2022\/04\/ars_3-768x512.jpg 768w, http:\/\/blogdoarmindomaia.com.br\/wp-content\/uploads\/2022\/04\/ars_3-1536x1023.jpg 1536w, http:\/\/blogdoarmindomaia.com.br\/wp-content\/uploads\/2022\/04\/ars_3.jpg 1600w\" sizes=\"auto, (max-width: 1024px) 100vw, 1024px\" \/><\/figure>\n\n\n\n<figure class=\"wp-block-image size-large is-style-default\"><img loading=\"lazy\" decoding=\"async\" width=\"1024\" height=\"682\" src=\"http:\/\/blogdoarmindomaia.com.br\/wp-content\/uploads\/2022\/04\/ars_7-1024x682.jpg\" alt=\"\" class=\"wp-image-432\" srcset=\"http:\/\/blogdoarmindomaia.com.br\/wp-content\/uploads\/2022\/04\/ars_7-1024x682.jpg 1024w, http:\/\/blogdoarmindomaia.com.br\/wp-content\/uploads\/2022\/04\/ars_7-300x200.jpg 300w, http:\/\/blogdoarmindomaia.com.br\/wp-content\/uploads\/2022\/04\/ars_7-768x512.jpg 768w, http:\/\/blogdoarmindomaia.com.br\/wp-content\/uploads\/2022\/04\/ars_7-1536x1023.jpg 1536w, http:\/\/blogdoarmindomaia.com.br\/wp-content\/uploads\/2022\/04\/ars_7.jpg 1600w\" sizes=\"auto, (max-width: 1024px) 100vw, 1024px\" \/><\/figure>\n\n\n\n<figure class=\"wp-block-image size-large is-style-default\"><img loading=\"lazy\" decoding=\"async\" width=\"1024\" height=\"682\" src=\"http:\/\/blogdoarmindomaia.com.br\/wp-content\/uploads\/2022\/04\/ars_5-1024x682.jpg\" alt=\"\" class=\"wp-image-431\" srcset=\"http:\/\/blogdoarmindomaia.com.br\/wp-content\/uploads\/2022\/04\/ars_5-1024x682.jpg 1024w, http:\/\/blogdoarmindomaia.com.br\/wp-content\/uploads\/2022\/04\/ars_5-300x200.jpg 300w, http:\/\/blogdoarmindomaia.com.br\/wp-content\/uploads\/2022\/04\/ars_5-768x512.jpg 768w, http:\/\/blogdoarmindomaia.com.br\/wp-content\/uploads\/2022\/04\/ars_5.jpg 1430w\" sizes=\"auto, (max-width: 1024px) 100vw, 1024px\" \/><\/figure>\n\n\n\n<p><em>how vai misturar sertanejo e pagode; rodeio \u00e9 outro destaque<\/em><\/p>\n\n\n\n<p>O feriado de Tiradentes, nesta quinta-feira (21) vai ser movimentado no Parque de Exposi\u00e7\u00f5es Agenor Lemos. A organiza\u00e7\u00e3o do Arax\u00e1 Rodeio Show preparou uma s\u00e9rie de atividades para que a popula\u00e7\u00e3o da cidade e tamb\u00e9m da regi\u00e3o possa se divertir neste dia de descanso. \u201cOs port\u00f5es ser\u00e3o abertos logo cedo. At\u00e9 \u00e0s 18h a entrada \u00e9 gratuita. Uma oportunidade para que as fam\u00edlias possam aproveitar os restaurantes, bares, para que conhe\u00e7am nossos estandes tamb\u00e9m. O Parque de Divers\u00f5es vai operar com os pre\u00e7os normais, n\u00e3o haver\u00e1 altera\u00e7\u00e3o pela data, ent\u00e3o, a crian\u00e7ada, com certeza, vai se divertir bastante\u201d, ressalta Luciano Rios, organizador do evento.<\/p>\n\n\n\n<p>Ainda pela manh\u00e3 haver\u00e1 a segunda etapa da fase classificat\u00f3ria da Prova dos Tr\u00eas Tambores. As atividades na arena come\u00e7am \u00e0s 10h e seguem at\u00e9 \u00e0s 14h. Quem quiser pode acompanhar de perto ou na arquibancada coberta. A emo\u00e7\u00e3o \u00e9 garantida.&nbsp;A modalidade exige sincronia perfeita entre o cavalo, amazona ou cavaleiro. Eles fazem o contorno em volta dos tambores que ficam na arena em forma triangular. Vence quem fizer o percurso em menos tempo.<\/p>\n\n\n\n<p><strong>Quando a noite chegar&#8230;<\/strong><\/p>\n\n\n\n<p>Quem for ao Parque de Exposi\u00e7\u00f5es durante a noite ter\u00e1 um novo encontro com a emo\u00e7\u00e3o. A abertura oficial do Rodeio promete. Ser\u00e3o 22 pe\u00f5es renomados na busca pelo melhor tempo. Quatro boiadas, com 80 touros participam da disputa em Arax\u00e1.<\/p>\n\n\n\n<p>Ao final desta etapa, a arena ser\u00e1 liberada e logo entram no palco Vitor e Versol e o grupo Samba Quente. \u00c9 o projeto Junto &amp; Misturado. \u201cSer\u00e3o quatro horas de show. Os seis no palco misturando sertanejo com pagode. Cheguem cedo porque \u00e0s 21h vamos come\u00e7ar nossa apresenta\u00e7\u00e3o\u201d, ressaltam.<\/p>\n\n\n\n<p><strong>O Reencontro com a emo\u00e7\u00e3o<\/strong><\/p>\n\n\n\n<p>Depois de uma espera de dois anos, a popula\u00e7\u00e3o de Arax\u00e1 e da regi\u00e3o p\u00f4de finalmente reencontrar todas as emo\u00e7\u00f5es que s\u00f3 o Arax\u00e1 Rodeio Show \u00e9 capaz de proporcionar. Nesta quarta (20), durante a abertura desta edi\u00e7\u00e3o&nbsp;milhares de pessoas&nbsp;passaram pelo Parque de Exposi\u00e7\u00f5es Agenor Lemos. Os port\u00f5es foram abertos no in\u00edcio da noite e o que se notou foi muita gente surpresa com o que viu.&nbsp;&#8220;Nunca tinha visto uma estrutura assim aqui no Parque de Exposi\u00e7\u00f5es.&nbsp; Tudo muito lindo e bem organizado&#8221;, disse Maria Luiza Porf\u00edrio.<\/p>\n\n\n\n<p>A noite teve in\u00edcio com a abertura da Prova dos Tr\u00eas Tambores. Na arena ficou evidente o n\u00edvel dos competidores e o quanto o interesse pela prova tem crescido entre o p\u00fablico, que acompanhou atento a evolu\u00e7\u00e3o dos participantes. Um apoio que, segundo&nbsp;T\u00e2nia Alves ( Divin\u00f3polis), que disputa esta etapa, \u00e9 essencial. \u201cA competi\u00e7\u00e3o fica muito mais acirrada por ser uma pista de Rodeio. O p\u00fablico incentiva a gente, grita e vibra, faz toda a diferen\u00e7a\u201d, explica.<\/p>\n\n\n\n<p>Quando as provas terminaram, o p\u00fablico foi quem fez um espet\u00e1culo \u00e0 parte. Lotou a arena e cantou junto todo o repert\u00f3rio de Leonardo.<\/p>\n\n\n\n<p>&nbsp;<strong>Leonardo<\/strong><\/p>\n\n\n\n<p>O cantor Leonardo cumpriu a promessa de um show hist\u00f3rico. Mesmo antes de subir ao palco j\u00e1 era motivo de emo\u00e7\u00e3o para muita gente como Dona&nbsp;Silvia Borges. &#8220;Leonardo \u00e9 uma paix\u00e3o. Sei todas as m\u00fasicas e quero cantar com ele do come\u00e7o ao fim&#8221;, disse.<\/p>\n\n\n\n<p>Na apresenta\u00e7\u00e3o, Leonardo&nbsp;misturou sucessos recentes aos do passado e contou um pouco de sua longa trajet\u00f3ria na m\u00fasica com can\u00e7\u00f5es que marcaram \u00e9poca como &#8220;Deixaria Tudo&#8221; e &#8220;Desculpe mas eu vou chorar&#8221;. \u201cVoltar a Arax\u00e1 \u00e9 sempre especial. Muito obrigado pela recep\u00e7\u00e3o\u201d, disse Leonardo.<\/p>\n\n\n\n<p><strong>Israel &amp; Rodolffo<\/strong><strong><\/strong><\/p>\n\n\n\n<p>A noite foi encerrada com Israel &amp; Rodolffo em um espet\u00e1culo de som e luzes que encantou os pr\u00f3prios cantores. \u201cFoi de arrepiar. Obrigado, Arax\u00e1\u201d, disse Rodolffo ao final do show, que, logicamente, teve como ponto alto a m\u00fasica `Batom de Cereja\u00b4,&nbsp;<em>hit<\/em>&nbsp;que foi&nbsp;a can\u00e7\u00e3o mais ouvida no&nbsp;Spotify Brasil&nbsp;por meses e que no Youtube, conta com quase 400 milh\u00f5es de visualiza\u00e7\u00f5es.<\/p>\n\n\n\n<p><strong>Ingressos<\/strong><\/p>\n\n\n\n<p>Nesta quinta (21) os ingressos podem ser adquiridos na bilheteria do Parque de Exposi\u00e7\u00f5es.<\/p>\n\n\n\n<p><strong>ARS &#8211; 4\u00ba LOTE<\/strong><\/p>\n\n\n\n<p><em>21\/04 \u2013 Junto e Misturado com Vitor e Versol | Samba Quente<\/em><\/p>\n\n\n\n<p><em>\u00c1rea Vip: R$80<\/em><\/p>\n\n\n\n<p><em>\u00c1rea Vip meia: R$40<\/em><\/p>\n\n\n\n<p><em>Pista inteira: R$30<\/em><\/p>\n\n\n\n<p><em>Pista meia-entrada: R$15<\/em><\/p>\n\n\n\n<p><em>22\/04 \u2013 Diego e Vitor Hugo | Hugo e Guilherme<\/em><\/p>\n\n\n\n<p><em>\u00c1rea Vip: R$220&nbsp;<\/em><\/p>\n\n\n\n<p><em>\u00c1rea Vip meia: R$110<\/em><\/p>\n\n\n\n<p><em>Pista inteira: R$80&nbsp;<\/em><\/p>\n\n\n\n<p><em>Pista meia-entrada: R$40<\/em><\/p>\n\n\n\n<p><em>23\/04 \u2013 Leo e Raphael | Alok<\/em><\/p>\n\n\n\n<p><em>\u00c1rea Vip: R$240<\/em><\/p>\n\n\n\n<p><em>\u00c1rea Vip meia: R$120<\/em><\/p>\n\n\n\n<p><em>Pista inteira: R$90<\/em><\/p>\n\n\n\n<p><em>Pista meia-entrada: R$45<\/em><\/p>\n\n\n\n<p><em>24\/04 \u2013 Z\u00e9 Vaqueiro<\/em><\/p>\n\n\n\n<p><em>\u00c1rea Vip: R$200<\/em><\/p>\n\n\n\n<p><em>\u00c1rea Vip meia: R$100<\/em><\/p>\n\n\n\n<p><em>Pista inteira: R$70<\/em><\/p>\n\n\n\n<p><em>Pista meia-entrada: R$35<\/em><\/p>\n\n\n\n<p><em>Passaporte Pista (v\u00e1lido para todos os dias) \u2013 R$240<\/em><\/p>\n\n\n\n<p><em>Passaporte \u00c1rea Vip (v\u00e1lido para todos os dias) \u2013 R$380<\/em><\/p>\n\n\n\n<p><em>Observa\u00e7\u00f5es: pessoas com defici\u00eancia t\u00eam entrada gratuita, o acompanhante paga meia-entrada. Estudantes e idosos acima de 60 anos pagam meia-entrada.<\/em><\/p>\n\n\n\n<p><strong>Servi\u00e7o<\/strong><\/p>\n\n\n\n<p><em>Arax\u00e1 Rodeio Show<\/em><\/p>\n\n\n\n<p><strong>Data<\/strong>: 20 a 24 de abril de 2022<\/p>\n\n\n\n<p><strong>Local<\/strong>: Parque de Exposi\u00e7\u00f5es Agenor Lemos<\/p>\n\n\n\n<p><strong>Ingressos<\/strong>:&nbsp; Lote 4 \u2013 venda de ingressos na bilheteria.<\/p>\n\n\n\n<p><strong>Patroc\u00ednio:&nbsp;<\/strong>Sicoob Coocrez, Satis, Click Telecom, Bem Brasil e Emprol Incorporadora.<\/p>\n\n\n\n<p><strong>Apoio:<\/strong>&nbsp;Hospital Dom Bosco e Infinity Card<\/p>\n\n\n\n<p><strong>Cerveja Oficial:<\/strong>&nbsp;Imp\u00e9rio<\/p>\n\n\n\n<p><strong>Tv Oficial:&nbsp;<\/strong>TV Integra\u00e7\u00e3o<\/p>\n\n\n\n<p><strong>Realiza\u00e7\u00e3o:<\/strong>&nbsp;Bezz Eventos e JP Estruturas<strong>Daniel Nakati<\/strong><em>Assessor de Comunica\u00e7\u00e3o \/ ARS&nbsp;<\/em><\/p>\n","protected":false},"excerpt":{"rendered":"<p>how vai misturar sertanejo e pagode; rodeio \u00e9 outro destaque O feriado de Tiradentes, nesta quinta-feira (21) vai ser movimentado<\/p>\n","protected":false},"author":2,"featured_media":432,"comment_status":"open","ping_status":"open","sticky":false,"template":"","format":"standard","meta":{"footnotes":""},"categories":[5],"tags":[],"class_list":["post-430","post","type-post","status-publish","format-standard","has-post-thumbnail","hentry","category-arte-e-cultura"],"_links":{"self":[{"href":"http:\/\/blogdoarmindomaia.com.br\/index.php?rest_route=\/wp\/v2\/posts\/430","targetHints":{"allow":["GET"]}}],"collection":[{"href":"http:\/\/blogdoarmindomaia.com.br\/index.php?rest_route=\/wp\/v2\/posts"}],"about":[{"href":"http:\/\/blogdoarmindomaia.com.br\/index.php?rest_route=\/wp\/v2\/types\/post"}],"author":[{"embeddable":true,"href":"http:\/\/blogdoarmindomaia.com.br\/index.php?rest_route=\/wp\/v2\/users\/2"}],"replies":[{"embeddable":true,"href":"http:\/\/blogdoarmindomaia.com.br\/index.php?rest_route=%2Fwp%2Fv2%2Fcomments&post=430"}],"version-history":[{"count":1,"href":"http:\/\/blogdoarmindomaia.com.br\/index.php?rest_route=\/wp\/v2\/posts\/430\/revisions"}],"predecessor-version":[{"id":434,"href":"http:\/\/blogdoarmindomaia.com.br\/index.php?rest_route=\/wp\/v2\/posts\/430\/revisions\/434"}],"wp:featuredmedia":[{"embeddable":true,"href":"http:\/\/blogdoarmindomaia.com.br\/index.php?rest_route=\/wp\/v2\/media\/432"}],"wp:attachment":[{"href":"http:\/\/blogdoarmindomaia.com.br\/index.php?rest_route=%2Fwp%2Fv2%2Fmedia&parent=430"}],"wp:term":[{"taxonomy":"category","embeddable":true,"href":"http:\/\/blogdoarmindomaia.com.br\/index.php?rest_route=%2Fwp%2Fv2%2Fcategories&post=430"},{"taxonomy":"post_tag","embeddable":true,"href":"http:\/\/blogdoarmindomaia.com.br\/index.php?rest_route=%2Fwp%2Fv2%2Ftags&post=430"}],"curies":[{"name":"wp","href":"https:\/\/api.w.org\/{rel}","templated":true}]}}