{"id":4301,"date":"2023-02-09T11:24:04","date_gmt":"2023-02-09T14:24:04","guid":{"rendered":"http:\/\/blogdoarmindomaia.com.br\/?p=4301"},"modified":"2023-02-09T11:24:06","modified_gmt":"2023-02-09T14:24:06","slug":"tecnicos-da-azul-linhas-aereas-fazem-vistoria-no-aeroporto-municipal-para-retomar-voos-comerciais-em-araxa","status":"publish","type":"post","link":"http:\/\/blogdoarmindomaia.com.br\/?p=4301","title":{"rendered":"<strong>T\u00e9cnicos da Azul Linhas A\u00e9reas fazem vistoria no Aeroporto Municipal para retomar voos comerciais em Arax\u00e1<\/strong>"},"content":{"rendered":"\n<figure class=\"wp-block-image size-full is-style-default\"><img loading=\"lazy\" decoding=\"async\" width=\"1024\" height=\"683\" src=\"http:\/\/blogdoarmindomaia.com.br\/wp-content\/uploads\/2023\/02\/Tecnicos-da-Azul-Linhas-Aereas-ppag-07.jpeg\" alt=\"\" class=\"wp-image-4302\" srcset=\"http:\/\/blogdoarmindomaia.com.br\/wp-content\/uploads\/2023\/02\/Tecnicos-da-Azul-Linhas-Aereas-ppag-07.jpeg 1024w, http:\/\/blogdoarmindomaia.com.br\/wp-content\/uploads\/2023\/02\/Tecnicos-da-Azul-Linhas-Aereas-ppag-07-300x200.jpeg 300w, http:\/\/blogdoarmindomaia.com.br\/wp-content\/uploads\/2023\/02\/Tecnicos-da-Azul-Linhas-Aereas-ppag-07-768x512.jpeg 768w\" sizes=\"auto, (max-width: 1024px) 100vw, 1024px\" \/><\/figure>\n\n\n\n<figure class=\"wp-block-image size-full is-style-default\"><img loading=\"lazy\" decoding=\"async\" width=\"1024\" height=\"683\" src=\"http:\/\/blogdoarmindomaia.com.br\/wp-content\/uploads\/2023\/02\/Tecnicos-da-Azul-Linhas-Aereas-8.jpeg\" alt=\"\" class=\"wp-image-4303\" srcset=\"http:\/\/blogdoarmindomaia.com.br\/wp-content\/uploads\/2023\/02\/Tecnicos-da-Azul-Linhas-Aereas-8.jpeg 1024w, http:\/\/blogdoarmindomaia.com.br\/wp-content\/uploads\/2023\/02\/Tecnicos-da-Azul-Linhas-Aereas-8-300x200.jpeg 300w, http:\/\/blogdoarmindomaia.com.br\/wp-content\/uploads\/2023\/02\/Tecnicos-da-Azul-Linhas-Aereas-8-768x512.jpeg 768w\" sizes=\"auto, (max-width: 1024px) 100vw, 1024px\" \/><\/figure>\n\n\n\n<p>Os t\u00e9cnicos da Azul Linhas A\u00e9reas realizaram, nesta quarta-feira (8), uma vistoria no Aeroporto Municipal Romeu Zema. A empresa confirmou recentemente a retomada dos voos comerciais em Arax\u00e1 e a previs\u00e3o \u00e9 de que as opera\u00e7\u00f5es sejam iniciadas ainda no primeiro semestre de 2023.<br><br>O administrador do aeroporto, Fabiano Cota, afirma que a volta dos voos comerciais na cidade vai fomentar o turismo no munic\u00edpio.<br><br>\u201cEssa visita t\u00e9cnica da Azul \u00e9 justamente para verificar as condi\u00e7\u00f5es operacionais do aeroporto. Foram avaliados todos os nossos espa\u00e7os e a pista de voo. Esse foi o primeiro passo para a volta dos voos comerciais que devem come\u00e7ar em breve na cidade\u201d, explica.<br><br>O assessor de Rela\u00e7\u00f5es Institucionais da Azul, Ronaldo Veras, explica que a vistoria foi realizada para que os voos sejam retomados o mais r\u00e1pido poss\u00edvel. \u201cPara n\u00f3s \u00e9 fundamental esse retorno das opera\u00e7\u00f5es em Arax\u00e1. Estamos confiando muito no mercado regional\u201d, completa.<br><br>O secret\u00e1rio municipal de Desenvolvimento Econ\u00f4mico, Inova\u00e7\u00e3o e Turismo, Juliano Cesar da Silva, destaca que o retorno de linhas a\u00e9reas comerciais em Arax\u00e1 representa um novo momento para o setor.<br><br>\u201cVai reconquistar Arax\u00e1 como um dos principais destinos tur\u00edsticos do pa\u00eds. Estrategicamente \u00e9 muito importante n\u00e3o s\u00f3 para a parte de lazer, como tamb\u00e9m de neg\u00f3cios. E a gest\u00e3o promoveu uma reforma completa justamente para que nosso aeroporto seja novamente uma das portas de entrada da nossa cidade\u201d, diz.<br><br><strong>Reforma<\/strong><br><br>O Aeroporto Municipal Romeu Zema recebeu uma reforma completa em 2022 para que os voos comerciais fossem retomados. O espa\u00e7o passou por readequa\u00e7\u00f5es de ambientes, reparos el\u00e9tricos e hidr\u00e1ulicos, substitui\u00e7\u00e3o de revestimentos, reforma de sanit\u00e1rios, pintura geral e troca do telhado.<\/p>\n","protected":false},"excerpt":{"rendered":"<p>Os t\u00e9cnicos da Azul Linhas A\u00e9reas realizaram, nesta quarta-feira (8), uma vistoria no Aeroporto Municipal Romeu Zema. A empresa confirmou<\/p>\n","protected":false},"author":2,"featured_media":4302,"comment_status":"open","ping_status":"open","sticky":false,"template":"","format":"standard","meta":{"footnotes":""},"categories":[9,11],"tags":[],"class_list":["post-4301","post","type-post","status-publish","format-standard","has-post-thumbnail","hentry","category-araxa","category-destaques"],"_links":{"self":[{"href":"http:\/\/blogdoarmindomaia.com.br\/index.php?rest_route=\/wp\/v2\/posts\/4301","targetHints":{"allow":["GET"]}}],"collection":[{"href":"http:\/\/blogdoarmindomaia.com.br\/index.php?rest_route=\/wp\/v2\/posts"}],"about":[{"href":"http:\/\/blogdoarmindomaia.com.br\/index.php?rest_route=\/wp\/v2\/types\/post"}],"author":[{"embeddable":true,"href":"http:\/\/blogdoarmindomaia.com.br\/index.php?rest_route=\/wp\/v2\/users\/2"}],"replies":[{"embeddable":true,"href":"http:\/\/blogdoarmindomaia.com.br\/index.php?rest_route=%2Fwp%2Fv2%2Fcomments&post=4301"}],"version-history":[{"count":1,"href":"http:\/\/blogdoarmindomaia.com.br\/index.php?rest_route=\/wp\/v2\/posts\/4301\/revisions"}],"predecessor-version":[{"id":4304,"href":"http:\/\/blogdoarmindomaia.com.br\/index.php?rest_route=\/wp\/v2\/posts\/4301\/revisions\/4304"}],"wp:featuredmedia":[{"embeddable":true,"href":"http:\/\/blogdoarmindomaia.com.br\/index.php?rest_route=\/wp\/v2\/media\/4302"}],"wp:attachment":[{"href":"http:\/\/blogdoarmindomaia.com.br\/index.php?rest_route=%2Fwp%2Fv2%2Fmedia&parent=4301"}],"wp:term":[{"taxonomy":"category","embeddable":true,"href":"http:\/\/blogdoarmindomaia.com.br\/index.php?rest_route=%2Fwp%2Fv2%2Fcategories&post=4301"},{"taxonomy":"post_tag","embeddable":true,"href":"http:\/\/blogdoarmindomaia.com.br\/index.php?rest_route=%2Fwp%2Fv2%2Ftags&post=4301"}],"curies":[{"name":"wp","href":"https:\/\/api.w.org\/{rel}","templated":true}]}}