{"id":4329,"date":"2023-02-10T10:53:19","date_gmt":"2023-02-10T13:53:19","guid":{"rendered":"http:\/\/blogdoarmindomaia.com.br\/?p=4329"},"modified":"2023-02-10T10:53:21","modified_gmt":"2023-02-10T13:53:21","slug":"saude-convoca-profissionais-da-area-de-educacao-para-vacinacao-contra-meningite-c","status":"publish","type":"post","link":"http:\/\/blogdoarmindomaia.com.br\/?p=4329","title":{"rendered":"<strong>Sa\u00fade convoca profissionais da \u00e1rea de Educa\u00e7\u00e3o para vacina\u00e7\u00e3o contra Meningite C<\/strong>"},"content":{"rendered":"\n<figure class=\"wp-block-image size-large is-style-default\"><img loading=\"lazy\" decoding=\"async\" width=\"1024\" height=\"1024\" src=\"http:\/\/blogdoarmindomaia.com.br\/wp-content\/uploads\/2023\/02\/VACINA-MENINGITE-1024x1024.jpeg\" alt=\"\" class=\"wp-image-4330\" srcset=\"http:\/\/blogdoarmindomaia.com.br\/wp-content\/uploads\/2023\/02\/VACINA-MENINGITE-1024x1024.jpeg 1024w, http:\/\/blogdoarmindomaia.com.br\/wp-content\/uploads\/2023\/02\/VACINA-MENINGITE-300x300.jpeg 300w, http:\/\/blogdoarmindomaia.com.br\/wp-content\/uploads\/2023\/02\/VACINA-MENINGITE-150x150.jpeg 150w, http:\/\/blogdoarmindomaia.com.br\/wp-content\/uploads\/2023\/02\/VACINA-MENINGITE-768x768.jpeg 768w, http:\/\/blogdoarmindomaia.com.br\/wp-content\/uploads\/2023\/02\/VACINA-MENINGITE.jpeg 1080w\" sizes=\"auto, (max-width: 1024px) 100vw, 1024px\" \/><\/figure>\n\n\n\n<p>A Secretaria Municipal de Sa\u00fade convoca todos os trabalhadores da \u00e1rea da Educa\u00e7\u00e3o (Ensinos Infantil, Fundamental, M\u00e9dio, Superior e T\u00e9cnico) para a vacina\u00e7\u00e3o contra a Meningite C. O imunizante est\u00e1 dispon\u00edvel para professores, especialistas, pedagogos, bibliotec\u00e1rios, auxiliares de servi\u00e7os gerais e funcion\u00e1rios administrativos de escolas p\u00fablicas e privadas at\u00e9 o dia 28 de fevereiro.<br><br>A meningite meningoc\u00f3cica (infec\u00e7\u00e3o das membranas que recobrem o c\u00e9rebro) \u00e9 causada pela bact\u00e9ria Neisseria meningitidis (meningococo) e \u00e9 mais grave quando atinge a corrente sangu\u00ednea, provocando infec\u00e7\u00e3o generalizada. Pessoas n\u00e3o vacinadas de qualquer idade s\u00e3o vulner\u00e1veis, mas, no Brasil, a doen\u00e7a meningoc\u00f3cica \u00e9 mais frequente entre crian\u00e7as com at\u00e9 5 anos.<br><br>A imuniza\u00e7\u00e3o tem como objetivo potencializar a cobertura vacinal e garantir mais prote\u00e7\u00e3o contra a doen\u00e7a.<br><br><strong>Locais e hor\u00e1rios de vacina\u00e7\u00e3o:<br><\/strong><br>&#8211; Unileste, Uninorte: 8h \u00e0s 16h;<br><br>&#8211; Unicentro: 8h \u00e0s 16h (ter\u00e7as: 8h \u00e0s 18h);<br><br>&#8211; Unisul: 7h30 \u00e0s 13h;<br><br>&#8211; Unisa: 8h \u00e0s 16h;<br><br>&#8211; Uninordeste: 7h30 \u00e0s 13h;<br><br>&#8211; ESF Max Neumann: 7h30 \u00e0s 13h.<br><br>Nestes locais tamb\u00e9m est\u00e3o sendo ofertadas a vacina Meningoc\u00f3cica ACWY (conjugada) para meninos e meninas de 11 a 14 anos, e a HPV destinada ao p\u00fablico de 9 a 14 anos.<\/p>\n","protected":false},"excerpt":{"rendered":"<p>A Secretaria Municipal de Sa\u00fade convoca todos os trabalhadores da \u00e1rea da Educa\u00e7\u00e3o (Ensinos Infantil, Fundamental, M\u00e9dio, Superior e T\u00e9cnico)<\/p>\n","protected":false},"author":2,"featured_media":4330,"comment_status":"open","ping_status":"open","sticky":false,"template":"","format":"standard","meta":{"footnotes":""},"categories":[9,29],"tags":[],"class_list":["post-4329","post","type-post","status-publish","format-standard","has-post-thumbnail","hentry","category-araxa","category-saude"],"_links":{"self":[{"href":"http:\/\/blogdoarmindomaia.com.br\/index.php?rest_route=\/wp\/v2\/posts\/4329","targetHints":{"allow":["GET"]}}],"collection":[{"href":"http:\/\/blogdoarmindomaia.com.br\/index.php?rest_route=\/wp\/v2\/posts"}],"about":[{"href":"http:\/\/blogdoarmindomaia.com.br\/index.php?rest_route=\/wp\/v2\/types\/post"}],"author":[{"embeddable":true,"href":"http:\/\/blogdoarmindomaia.com.br\/index.php?rest_route=\/wp\/v2\/users\/2"}],"replies":[{"embeddable":true,"href":"http:\/\/blogdoarmindomaia.com.br\/index.php?rest_route=%2Fwp%2Fv2%2Fcomments&post=4329"}],"version-history":[{"count":1,"href":"http:\/\/blogdoarmindomaia.com.br\/index.php?rest_route=\/wp\/v2\/posts\/4329\/revisions"}],"predecessor-version":[{"id":4331,"href":"http:\/\/blogdoarmindomaia.com.br\/index.php?rest_route=\/wp\/v2\/posts\/4329\/revisions\/4331"}],"wp:featuredmedia":[{"embeddable":true,"href":"http:\/\/blogdoarmindomaia.com.br\/index.php?rest_route=\/wp\/v2\/media\/4330"}],"wp:attachment":[{"href":"http:\/\/blogdoarmindomaia.com.br\/index.php?rest_route=%2Fwp%2Fv2%2Fmedia&parent=4329"}],"wp:term":[{"taxonomy":"category","embeddable":true,"href":"http:\/\/blogdoarmindomaia.com.br\/index.php?rest_route=%2Fwp%2Fv2%2Fcategories&post=4329"},{"taxonomy":"post_tag","embeddable":true,"href":"http:\/\/blogdoarmindomaia.com.br\/index.php?rest_route=%2Fwp%2Fv2%2Ftags&post=4329"}],"curies":[{"name":"wp","href":"https:\/\/api.w.org\/{rel}","templated":true}]}}