{"id":4332,"date":"2023-02-13T11:36:50","date_gmt":"2023-02-13T14:36:50","guid":{"rendered":"http:\/\/blogdoarmindomaia.com.br\/?p=4332"},"modified":"2023-02-13T11:36:52","modified_gmt":"2023-02-13T14:36:52","slug":"araxa-participa-da-abertura-do-rally-makers-2023-e-vai-sediar-o-minas-brasil-pelo-2o-ano-consecutivo","status":"publish","type":"post","link":"http:\/\/blogdoarmindomaia.com.br\/?p=4332","title":{"rendered":"Arax\u00e1 participa da abertura do Rally Makers 2023 e vai sediar o Minas Brasil pelo 2\u00ba ano consecutivo"},"content":{"rendered":"\n<figure class=\"wp-block-image size-full is-style-default\"><img loading=\"lazy\" decoding=\"async\" width=\"1024\" height=\"683\" src=\"http:\/\/blogdoarmindomaia.com.br\/wp-content\/uploads\/2023\/02\/Rally-Makers-2023.jpeg\" alt=\"\" class=\"wp-image-4333\" srcset=\"http:\/\/blogdoarmindomaia.com.br\/wp-content\/uploads\/2023\/02\/Rally-Makers-2023.jpeg 1024w, http:\/\/blogdoarmindomaia.com.br\/wp-content\/uploads\/2023\/02\/Rally-Makers-2023-300x200.jpeg 300w, http:\/\/blogdoarmindomaia.com.br\/wp-content\/uploads\/2023\/02\/Rally-Makers-2023-768x512.jpeg 768w\" sizes=\"auto, (max-width: 1024px) 100vw, 1024px\" \/><\/figure>\n\n\n\n<figure class=\"wp-block-image size-full is-style-default\"><img loading=\"lazy\" decoding=\"async\" width=\"1024\" height=\"683\" src=\"http:\/\/blogdoarmindomaia.com.br\/wp-content\/uploads\/2023\/02\/Rally-Makers-2023-2.jpeg\" alt=\"\" class=\"wp-image-4334\" srcset=\"http:\/\/blogdoarmindomaia.com.br\/wp-content\/uploads\/2023\/02\/Rally-Makers-2023-2.jpeg 1024w, http:\/\/blogdoarmindomaia.com.br\/wp-content\/uploads\/2023\/02\/Rally-Makers-2023-2-300x200.jpeg 300w, http:\/\/blogdoarmindomaia.com.br\/wp-content\/uploads\/2023\/02\/Rally-Makers-2023-2-768x512.jpeg 768w\" sizes=\"auto, (max-width: 1024px) 100vw, 1024px\" \/><\/figure>\n\n\n\n<p>A Secretaria Municipal de Desenvolvimento Econ\u00f4mico, Inova\u00e7\u00e3o e Turismo participou da premia\u00e7\u00e3o e homenagens aos campe\u00f5es e vices da temporada 2022 do Rally Makers Brasil. Na ocasi\u00e3o, tamb\u00e9m foi divulgado o calend\u00e1rio das competi\u00e7\u00f5es e novidades para 2023. O evento foi realizado na \u00faltima quarta-feira (8), no Est\u00e1dio Morumbi, em S\u00e3o Paulo. A pasta esteve representada pelo secret\u00e1rio Juliano Cesar da Silva e pelo superintendente Ricardo Ruas.<br><br>Com novidades para esta temporada, de 7 a 11 de mar\u00e7o de 2023, ser\u00e1 dada a largada para o Campeonato Brasileiro do Rally Minas Brasil em Arax\u00e1. A 5\u00aa edi\u00e7\u00e3o da competi\u00e7\u00e3o recebe novamente o apoio da Prefeitura de Arax\u00e1 e do Jeep Clube Arax\u00e1, e garante um percurso t\u00e9cnico e exigente. As categorias que disputar\u00e3o as provas ser\u00e3o motos, UTVs, quadriciclos e carros.<br><br>O Rally Minas Brasil ganhou um dia a mais de disputa e agora ser\u00e3o tr\u00eas dias de velocidade em trechos cronometrados entre 180 e 200 quil\u00f4metros de pura montanha, sempre com largada e chegada na Est\u00e2ncia Hidromineral do Barreiro. As provas tamb\u00e9m passar\u00e3o pelos munic\u00edpios de Pratinha, Tapira, Sacramento e Ibi\u00e1.<br><br>De acordo com o secret\u00e1rio Juliano, \u00e9 uma alegria enorme poder sediar, mais uma vez, um evento como o Rally Minas Brasil. \u201cEstamos muito ansiosos em receber esta competi\u00e7\u00e3o t\u00e3o grandiosa pelo segundo ano consecutivo. S\u00e3o equipes dedicadas, organiza\u00e7\u00e3o impec\u00e1vel, que por meio de provas espetaculares conseguem promover momentos de lazer para toda a fam\u00edlia\u201d, destaca.<br><br>Para o presidente e diretor comercial da Rally Makers, Luiz Fernando Moreira Goulart, a parceria com o Munic\u00edpio consolida o evento. \u201cArax\u00e1 tem o privil\u00e9gio de ter uma topografia excelente, e para n\u00f3s, organizadores do rally, essa \u00e9 uma quest\u00e3o t\u00e9cnica bastante importante. Em Arax\u00e1 com certeza podemos ficar mais 20 anos realizando as provas especiais e, al\u00e9m disso, aproveitar o acolhimento dos araxaenses, que nos marcou tanto no ano passado. Estamos imensamente felizes em poder retornar\u201d, relata.<\/p>\n","protected":false},"excerpt":{"rendered":"<p>A Secretaria Municipal de Desenvolvimento Econ\u00f4mico, Inova\u00e7\u00e3o e Turismo participou da premia\u00e7\u00e3o e homenagens aos campe\u00f5es e vices da temporada<\/p>\n","protected":false},"author":2,"featured_media":4334,"comment_status":"open","ping_status":"open","sticky":false,"template":"","format":"standard","meta":{"footnotes":""},"categories":[9,11],"tags":[],"class_list":["post-4332","post","type-post","status-publish","format-standard","has-post-thumbnail","hentry","category-araxa","category-destaques"],"_links":{"self":[{"href":"http:\/\/blogdoarmindomaia.com.br\/index.php?rest_route=\/wp\/v2\/posts\/4332","targetHints":{"allow":["GET"]}}],"collection":[{"href":"http:\/\/blogdoarmindomaia.com.br\/index.php?rest_route=\/wp\/v2\/posts"}],"about":[{"href":"http:\/\/blogdoarmindomaia.com.br\/index.php?rest_route=\/wp\/v2\/types\/post"}],"author":[{"embeddable":true,"href":"http:\/\/blogdoarmindomaia.com.br\/index.php?rest_route=\/wp\/v2\/users\/2"}],"replies":[{"embeddable":true,"href":"http:\/\/blogdoarmindomaia.com.br\/index.php?rest_route=%2Fwp%2Fv2%2Fcomments&post=4332"}],"version-history":[{"count":1,"href":"http:\/\/blogdoarmindomaia.com.br\/index.php?rest_route=\/wp\/v2\/posts\/4332\/revisions"}],"predecessor-version":[{"id":4335,"href":"http:\/\/blogdoarmindomaia.com.br\/index.php?rest_route=\/wp\/v2\/posts\/4332\/revisions\/4335"}],"wp:featuredmedia":[{"embeddable":true,"href":"http:\/\/blogdoarmindomaia.com.br\/index.php?rest_route=\/wp\/v2\/media\/4334"}],"wp:attachment":[{"href":"http:\/\/blogdoarmindomaia.com.br\/index.php?rest_route=%2Fwp%2Fv2%2Fmedia&parent=4332"}],"wp:term":[{"taxonomy":"category","embeddable":true,"href":"http:\/\/blogdoarmindomaia.com.br\/index.php?rest_route=%2Fwp%2Fv2%2Fcategories&post=4332"},{"taxonomy":"post_tag","embeddable":true,"href":"http:\/\/blogdoarmindomaia.com.br\/index.php?rest_route=%2Fwp%2Fv2%2Ftags&post=4332"}],"curies":[{"name":"wp","href":"https:\/\/api.w.org\/{rel}","templated":true}]}}