{"id":4336,"date":"2023-02-13T14:53:39","date_gmt":"2023-02-13T17:53:39","guid":{"rendered":"http:\/\/blogdoarmindomaia.com.br\/?p=4336"},"modified":"2023-02-13T14:53:41","modified_gmt":"2023-02-13T17:53:41","slug":"ipdsa-promove-nesta-quarta-2a-audiencia-publica-sobre-a-revisao-do-plano-diretor","status":"publish","type":"post","link":"http:\/\/blogdoarmindomaia.com.br\/?p=4336","title":{"rendered":"<strong>IPDSA promove, nesta quarta, 2\u00aa audi\u00eancia p\u00fablica sobre a revis\u00e3o do Plano Diretor<\/strong>"},"content":{"rendered":"\n<figure class=\"wp-block-image size-full is-style-default\"><img loading=\"lazy\" decoding=\"async\" width=\"670\" height=\"477\" src=\"http:\/\/blogdoarmindomaia.com.br\/wp-content\/uploads\/2023\/02\/convite_2audiencia_planodiretor.jpg\" alt=\"\" class=\"wp-image-4337\" srcset=\"http:\/\/blogdoarmindomaia.com.br\/wp-content\/uploads\/2023\/02\/convite_2audiencia_planodiretor.jpg 670w, http:\/\/blogdoarmindomaia.com.br\/wp-content\/uploads\/2023\/02\/convite_2audiencia_planodiretor-300x214.jpg 300w\" sizes=\"auto, (max-width: 670px) 100vw, 670px\" \/><\/figure>\n\n\n\n<p>No segundo encontro ser\u00e3o abordadas as atividades consistentes na defini\u00e7\u00e3o das diretrizes e propostas da revis\u00e3o, caracterizadas como de curto, m\u00e9dio e longo prazo, em continuidade \u00e0 primeira audi\u00eancia que foi de levantamento de dados e participa\u00e7\u00e3o popular, ap\u00f3s a apresenta\u00e7\u00e3o de diagn\u00f3stico t\u00e9cnico elaborado pela empresa licitada DRZ Geotecnologia e Consultoria.<\/p>\n\n\n\n<p>De acordo com o superintendente do IPDSA, Vin\u00edcius Martins, o encontro \u00e9 aberto a toda a popula\u00e7\u00e3o e d\u00e1 sustentabilidade a uma gest\u00e3o participativa, basilar da democracia. \u201cA opini\u00e3o da popula\u00e7\u00e3o, juntamente com os aspectos t\u00e9cnicos, dar\u00e1 suporte \u00e0s a\u00e7\u00f5es administrativas para os pr\u00f3ximos 10 anos\u201d, afirma.<\/p>\n\n\n\n<p>Entre os principais temas est\u00e3o a mobilidade urbana, infraestrutura, meio ambiente e atualiza\u00e7\u00e3o da legisla\u00e7\u00e3o em atendimento \u00e0s atuais necessidades do Munic\u00edpio.<\/p>\n\n\n\n<p>Vin\u00edcius acrescenta que uma terceira audi\u00eancia ainda ser\u00e1 realizada para apresenta\u00e7\u00e3o do esbo\u00e7o do novo Plano Diretor Estrat\u00e9gico e as altera\u00e7\u00f5es legislativas que disciplinar\u00e3o o desenvolvimento e expans\u00e3o urbana nos aspectos econ\u00f4micos, f\u00edsicos, ambientais e sociais.<\/p>\n","protected":false},"excerpt":{"rendered":"<p>No segundo encontro ser\u00e3o abordadas as atividades consistentes na defini\u00e7\u00e3o das diretrizes e propostas da revis\u00e3o, caracterizadas como de curto,<\/p>\n","protected":false},"author":2,"featured_media":4337,"comment_status":"open","ping_status":"open","sticky":false,"template":"","format":"standard","meta":{"footnotes":""},"categories":[9,11],"tags":[],"class_list":["post-4336","post","type-post","status-publish","format-standard","has-post-thumbnail","hentry","category-araxa","category-destaques"],"_links":{"self":[{"href":"http:\/\/blogdoarmindomaia.com.br\/index.php?rest_route=\/wp\/v2\/posts\/4336","targetHints":{"allow":["GET"]}}],"collection":[{"href":"http:\/\/blogdoarmindomaia.com.br\/index.php?rest_route=\/wp\/v2\/posts"}],"about":[{"href":"http:\/\/blogdoarmindomaia.com.br\/index.php?rest_route=\/wp\/v2\/types\/post"}],"author":[{"embeddable":true,"href":"http:\/\/blogdoarmindomaia.com.br\/index.php?rest_route=\/wp\/v2\/users\/2"}],"replies":[{"embeddable":true,"href":"http:\/\/blogdoarmindomaia.com.br\/index.php?rest_route=%2Fwp%2Fv2%2Fcomments&post=4336"}],"version-history":[{"count":1,"href":"http:\/\/blogdoarmindomaia.com.br\/index.php?rest_route=\/wp\/v2\/posts\/4336\/revisions"}],"predecessor-version":[{"id":4338,"href":"http:\/\/blogdoarmindomaia.com.br\/index.php?rest_route=\/wp\/v2\/posts\/4336\/revisions\/4338"}],"wp:featuredmedia":[{"embeddable":true,"href":"http:\/\/blogdoarmindomaia.com.br\/index.php?rest_route=\/wp\/v2\/media\/4337"}],"wp:attachment":[{"href":"http:\/\/blogdoarmindomaia.com.br\/index.php?rest_route=%2Fwp%2Fv2%2Fmedia&parent=4336"}],"wp:term":[{"taxonomy":"category","embeddable":true,"href":"http:\/\/blogdoarmindomaia.com.br\/index.php?rest_route=%2Fwp%2Fv2%2Fcategories&post=4336"},{"taxonomy":"post_tag","embeddable":true,"href":"http:\/\/blogdoarmindomaia.com.br\/index.php?rest_route=%2Fwp%2Fv2%2Ftags&post=4336"}],"curies":[{"name":"wp","href":"https:\/\/api.w.org\/{rel}","templated":true}]}}