{"id":4342,"date":"2023-02-13T15:04:24","date_gmt":"2023-02-13T18:04:24","guid":{"rendered":"http:\/\/blogdoarmindomaia.com.br\/?p=4342"},"modified":"2023-02-13T15:04:26","modified_gmt":"2023-02-13T18:04:26","slug":"secretaria-de-saude-promove-capacitacao-para-profissionais-de-enfermagem","status":"publish","type":"post","link":"http:\/\/blogdoarmindomaia.com.br\/?p=4342","title":{"rendered":"<strong>Secretaria de Sa\u00fade promove capacita\u00e7\u00e3o para profissionais de Enfermagem<\/strong>"},"content":{"rendered":"\n<figure class=\"wp-block-image size-full is-style-default\"><img loading=\"lazy\" decoding=\"async\" width=\"1024\" height=\"683\" src=\"http:\/\/blogdoarmindomaia.com.br\/wp-content\/uploads\/2023\/02\/capacitacao-4.jpeg\" alt=\"\" class=\"wp-image-4343\" srcset=\"http:\/\/blogdoarmindomaia.com.br\/wp-content\/uploads\/2023\/02\/capacitacao-4.jpeg 1024w, http:\/\/blogdoarmindomaia.com.br\/wp-content\/uploads\/2023\/02\/capacitacao-4-300x200.jpeg 300w, http:\/\/blogdoarmindomaia.com.br\/wp-content\/uploads\/2023\/02\/capacitacao-4-768x512.jpeg 768w\" sizes=\"auto, (max-width: 1024px) 100vw, 1024px\" \/><\/figure>\n\n\n\n<p>A Secretaria Municipal de Sa\u00fade promoveu uma capacita\u00e7\u00e3o para enfermeiros e t\u00e9cnicos de enfermagem do Munic\u00edpio no final de semana. No curso, os profissionais foram orientados sobre a utiliza\u00e7\u00e3o do novo curativo que ser\u00e1 utilizado na Rede Municipal de Sa\u00fade, o Aquacel AG.<br><br>De acordo com a secret\u00e1ria Cristiane Gon\u00e7alves Pereira, o objetivo da Gest\u00e3o Municipal \u00e9 oferecer um servi\u00e7o de qualidade na sa\u00fade p\u00fablica de Arax\u00e1. \u201cN\u00f3s adquirimos esse novo curativo para melhor atender toda a popula\u00e7\u00e3o e com essa capacita\u00e7\u00e3o tamb\u00e9m conseguimos colaborar para a qualifica\u00e7\u00e3o e aperfei\u00e7oamento dos profissionais da sa\u00fade\u201d, completa.<br><br>A coordenadora das Unidades B\u00e1sicas de Sa\u00fade (UBSs) de Arax\u00e1, Carla Alves Constant, ressalta que o Munic\u00edpio adquiriu um material de qualidade para atender a popula\u00e7\u00e3o. \u201cEstamos capacitando a equipe de enfermagem e orientamos sobre a utiliza\u00e7\u00e3o do novo curativo que \u00e9 o melhor do mercado e ser\u00e1 utilizado em todos os pacientes com feridas cr\u00f4nicas\u201d, explica.<br><br>O Aquacel AG trata-se de um curativo antimicrobiano impregnado com prata, macio e est\u00e9ril. Esse curativo absorve grandes quantidades de l\u00edquido e bact\u00e9rias das feridas e cria uma camada de gel macio e coeso, que se conforma intimamente \u00e0 superf\u00edcie da ferida, mantendo um ambiente \u00famido que ajuda na remo\u00e7\u00e3o de tecido da ferida.<\/p>\n","protected":false},"excerpt":{"rendered":"<p>A Secretaria Municipal de Sa\u00fade promoveu uma capacita\u00e7\u00e3o para enfermeiros e t\u00e9cnicos de enfermagem do Munic\u00edpio no final de semana.<\/p>\n","protected":false},"author":2,"featured_media":4343,"comment_status":"open","ping_status":"open","sticky":false,"template":"","format":"standard","meta":{"footnotes":""},"categories":[9,11],"tags":[],"class_list":["post-4342","post","type-post","status-publish","format-standard","has-post-thumbnail","hentry","category-araxa","category-destaques"],"_links":{"self":[{"href":"http:\/\/blogdoarmindomaia.com.br\/index.php?rest_route=\/wp\/v2\/posts\/4342","targetHints":{"allow":["GET"]}}],"collection":[{"href":"http:\/\/blogdoarmindomaia.com.br\/index.php?rest_route=\/wp\/v2\/posts"}],"about":[{"href":"http:\/\/blogdoarmindomaia.com.br\/index.php?rest_route=\/wp\/v2\/types\/post"}],"author":[{"embeddable":true,"href":"http:\/\/blogdoarmindomaia.com.br\/index.php?rest_route=\/wp\/v2\/users\/2"}],"replies":[{"embeddable":true,"href":"http:\/\/blogdoarmindomaia.com.br\/index.php?rest_route=%2Fwp%2Fv2%2Fcomments&post=4342"}],"version-history":[{"count":1,"href":"http:\/\/blogdoarmindomaia.com.br\/index.php?rest_route=\/wp\/v2\/posts\/4342\/revisions"}],"predecessor-version":[{"id":4344,"href":"http:\/\/blogdoarmindomaia.com.br\/index.php?rest_route=\/wp\/v2\/posts\/4342\/revisions\/4344"}],"wp:featuredmedia":[{"embeddable":true,"href":"http:\/\/blogdoarmindomaia.com.br\/index.php?rest_route=\/wp\/v2\/media\/4343"}],"wp:attachment":[{"href":"http:\/\/blogdoarmindomaia.com.br\/index.php?rest_route=%2Fwp%2Fv2%2Fmedia&parent=4342"}],"wp:term":[{"taxonomy":"category","embeddable":true,"href":"http:\/\/blogdoarmindomaia.com.br\/index.php?rest_route=%2Fwp%2Fv2%2Fcategories&post=4342"},{"taxonomy":"post_tag","embeddable":true,"href":"http:\/\/blogdoarmindomaia.com.br\/index.php?rest_route=%2Fwp%2Fv2%2Ftags&post=4342"}],"curies":[{"name":"wp","href":"https:\/\/api.w.org\/{rel}","templated":true}]}}