{"id":4345,"date":"2023-02-14T11:25:48","date_gmt":"2023-02-14T14:25:48","guid":{"rendered":"http:\/\/blogdoarmindomaia.com.br\/?p=4345"},"modified":"2023-02-14T11:25:50","modified_gmt":"2023-02-14T14:25:50","slug":"prefeitura-de-araxa-apoia-a-realizacao-do-carnaval-2023","status":"publish","type":"post","link":"http:\/\/blogdoarmindomaia.com.br\/?p=4345","title":{"rendered":"<strong>Prefeitura de Arax\u00e1 apoia a realiza\u00e7\u00e3o do Carnaval 2023<\/strong>"},"content":{"rendered":"\n<figure class=\"wp-block-image size-full is-style-default\"><img loading=\"lazy\" decoding=\"async\" width=\"1024\" height=\"683\" src=\"http:\/\/blogdoarmindomaia.com.br\/wp-content\/uploads\/2023\/02\/Prefeitura-de-Araxa-apoia-a-realizacao-do-Carnaval-2023-pag-06.jpeg\" alt=\"\" class=\"wp-image-4346\" srcset=\"http:\/\/blogdoarmindomaia.com.br\/wp-content\/uploads\/2023\/02\/Prefeitura-de-Araxa-apoia-a-realizacao-do-Carnaval-2023-pag-06.jpeg 1024w, http:\/\/blogdoarmindomaia.com.br\/wp-content\/uploads\/2023\/02\/Prefeitura-de-Araxa-apoia-a-realizacao-do-Carnaval-2023-pag-06-300x200.jpeg 300w, http:\/\/blogdoarmindomaia.com.br\/wp-content\/uploads\/2023\/02\/Prefeitura-de-Araxa-apoia-a-realizacao-do-Carnaval-2023-pag-06-768x512.jpeg 768w\" sizes=\"auto, (max-width: 1024px) 100vw, 1024px\" \/><\/figure>\n\n\n\n<p>Cinco dias de muita alegria v\u00e3o movimentar Arax\u00e1, trazendo \u00e0s ruas o melhor da produ\u00e7\u00e3o carnavalesca da cidade. Com apoio da Prefeitura de Arax\u00e1, o Fest Folia Arax\u00e1 Carnaval 2023 acontece entre os dias 17 e 21 de fevereiro, no estacionamento do Est\u00e1dio Municipal Fausto Alvim.<br><br>A programa\u00e7\u00e3o gratuita promete muita m\u00fasica e a presen\u00e7a de v\u00e1rios bloquinhos, em uma estrutura completa para todo mundo cair na folia. O espa\u00e7o vai contar com shows, tendas, banheiros qu\u00edmicos e pra\u00e7a de alimenta\u00e7\u00e3o. Cerca de 3 mil pessoas s\u00e3o esperadas diariamente para a festa.<br><br>De acordo com o secret\u00e1rio municipal de Desenvolvimento Econ\u00f4mico, Inova\u00e7\u00e3o e Turismo, Juliano Cesar da Silva, o Carnaval \u00e9 uma das principais refer\u00eancias culturais do Brasil, e Arax\u00e1 n\u00e3o poderia deixar de contar com uma programa\u00e7\u00e3o especial.<br><br>\u201cPor isso, \u00e9 fundamental que ele aconte\u00e7a de forma organizada e sustent\u00e1vel, garantindo a divers\u00e3o, seguran\u00e7a e cuidados com o patrim\u00f4nio p\u00fablico. Tamb\u00e9m \u00e9 importante lembrar que o Carnaval colabora para o fluxo tur\u00edstico, gera renda, movimenta a economia e cria oportunidades, principalmente aos pequenos empreendedores\u201d, ressalta.<br><br>Al\u00e9m do termo de fomento de R$ 150 mil com a organiza\u00e7\u00e3o do Fest Folia Arax\u00e1, o Munic\u00edpio tamb\u00e9m dar\u00e1 suporte por meio da Guarda Patrimonial e do Servi\u00e7o de Tr\u00e2nsito e Transportes (Settrans) na organiza\u00e7\u00e3o e cortejo dos bloquinhos de Carnaval, al\u00e9m de equipes m\u00e9dicas, ambul\u00e2ncias e campanhas de conscientiza\u00e7\u00e3o.<br><br>Para o prefeito Robson Magela, o objetivo \u00e9 fazer com que o Carnaval de Arax\u00e1 se torne cada vez mais popular. \u201cCom o evento, que volta a acontecer ap\u00f3s a pandemia, a gest\u00e3o entrou com total apoio para que o Carnaval da nossa cidade seja refer\u00eancia na regi\u00e3o. Queremos que os foli\u00f5es aproveitem ao m\u00e1ximo esse momento\u201d, destaca o prefeito.<br><br><strong>Programa\u00e7\u00e3o<\/strong><br><br><strong>Sexta-feira, 17\/02<\/strong><br><br>&#8211; 19h &#8211; Cortejo saindo do Teatro Municipal Maximiliano Rocha rumo ao Est\u00e1dio Fausto Alvim &#8211; Blocos participantes: Triciclo Espet\u00e1culos, Bloco Magn\u00f3lia (Belo Horizonte) e Bloco Subaco do Cristo.<br><br>Estacionamento do Est\u00e1dio Fausto Alvim<br><br>&#8211; 20h &#8211; Show do Bloco Havaianas Usadas (Belo Horizonte);<br><br>&#8211; 21h &#8211; Grupo Dennis Samba.<br><br><strong>S\u00e1bado, 18\/02<\/strong><br><br>&#8211; 19h &#8211; Concentra\u00e7\u00e3o na Avenida Get\u00falio Vargas (Secretaria de A\u00e7\u00e3o Social), saindo \u00e0s 20h rumo ao Est\u00e1dio Fausto Alvim &#8211; Blocos participantes: Bloco das Empoderadas, Bloco do Z\u00e9, Bloco Panel\u00e3o de Minas, Bloco Vai Que Cola e Bloco Vapo-Vapo.<br><br>Estacionamento do Est\u00e1dio Fausto Alvim<br><br>&#8211; 20h &#8211; DJ MC Max;<br><br>&#8211; 23h &#8211; Clebinho e Banda.<br><strong><br>Domingo, 19\/02<\/strong><br><br>&#8211; 16h &#8211; Concentra\u00e7\u00e3o na Avenida Edmar Cunha (porta do SESC), saindo \u00e0s 19h rumo ao Est\u00e1dio Fausto Alvim &#8211; Blocos participantes: Bloco Vai Quem Quer e Bloco Pretas Pretinhas.<br><br>&#8211; 18h &#8211; Concentra\u00e7\u00e3o na Avenida Get\u00falio Vargas (Secretaria de A\u00e7\u00e3o Social), saindo \u00e0s 20h rumo ao Est\u00e1dio Fausto Alvim &#8211; Blocos participantes: Panel\u00e3o de Minas e Vai Que Cola.<br><br>Estacionamento do Est\u00e1dio Fausto Alvim<br><br>-14h &#8211; Matin\u00ea com Nilton Kulet e Banda;<br><br>&#8211; 20h &#8211; DJ\u2019s;<br><br>&#8211; 23h &#8211; Banda 100% Chinelinho.<br><strong><br>Segunda-feira, 20\/02<\/strong><br><br>&#8211; 18h &#8211; Concentra\u00e7\u00e3o na Avenida Get\u00falio Vargas (Secretaria de A\u00e7\u00e3o Social), saindo \u00e0s 20h rumo ao Est\u00e1dio Fausto Alvim &#8211; Blocos participantes: Bloco das Empoderadas, Bloco do Z\u00e9, Bloco Panel\u00e3o de Minas e Bloco Subaco do Cristo.<br><br>Estacionamento do Est\u00e1dio Fausto Alvim<br><br>&#8211; 20h &#8211; DJ\u2019s<br><br>&#8211; 23h &#8211; Banda Swing Novo<br><br><strong>Ter\u00e7a-feira, 21\/02<\/strong><br><br>&#8211; 16h &#8211; Concentra\u00e7\u00e3o na Avenida Edmar Cunha (porta do SESC), saindo \u00e0s 20h rumo ao Est\u00e1dio Fausto Alvim &#8211; Blocos participantes: Bloco Vai quem Quer e Bloco Pretas Pretinhas;<br><br>&#8211; 18h &#8211; Concentra\u00e7\u00e3o na avenida Get\u00falio Vargas (Secretaria de A\u00e7\u00e3o Social), saindo \u00e0s 20h rumo ao Est\u00e1dio Fausto Alvim &#8211; Blocos participantes: Bloco Panel\u00e3o de Minas, Bloco Vai que Cola e Bloco Vapo-Vapo.<br><br>Estacionamento do Est\u00e1dio Fausto Alvim<br><br>&#8211; 14h &#8211; Matin\u00ea com Nilton Kulet e Banda;<br><br>&#8211; 20h &#8211; DJ\u2019s;<br><br>&#8211; 23h &#8211; Banda Nosso Flow.<\/p>\n","protected":false},"excerpt":{"rendered":"<p>Cinco dias de muita alegria v\u00e3o movimentar Arax\u00e1, trazendo \u00e0s ruas o melhor da produ\u00e7\u00e3o carnavalesca da cidade. Com apoio<\/p>\n","protected":false},"author":2,"featured_media":4346,"comment_status":"open","ping_status":"open","sticky":false,"template":"","format":"standard","meta":{"footnotes":""},"categories":[9,5,11],"tags":[],"class_list":["post-4345","post","type-post","status-publish","format-standard","has-post-thumbnail","hentry","category-araxa","category-arte-e-cultura","category-destaques"],"_links":{"self":[{"href":"http:\/\/blogdoarmindomaia.com.br\/index.php?rest_route=\/wp\/v2\/posts\/4345","targetHints":{"allow":["GET"]}}],"collection":[{"href":"http:\/\/blogdoarmindomaia.com.br\/index.php?rest_route=\/wp\/v2\/posts"}],"about":[{"href":"http:\/\/blogdoarmindomaia.com.br\/index.php?rest_route=\/wp\/v2\/types\/post"}],"author":[{"embeddable":true,"href":"http:\/\/blogdoarmindomaia.com.br\/index.php?rest_route=\/wp\/v2\/users\/2"}],"replies":[{"embeddable":true,"href":"http:\/\/blogdoarmindomaia.com.br\/index.php?rest_route=%2Fwp%2Fv2%2Fcomments&post=4345"}],"version-history":[{"count":1,"href":"http:\/\/blogdoarmindomaia.com.br\/index.php?rest_route=\/wp\/v2\/posts\/4345\/revisions"}],"predecessor-version":[{"id":4347,"href":"http:\/\/blogdoarmindomaia.com.br\/index.php?rest_route=\/wp\/v2\/posts\/4345\/revisions\/4347"}],"wp:featuredmedia":[{"embeddable":true,"href":"http:\/\/blogdoarmindomaia.com.br\/index.php?rest_route=\/wp\/v2\/media\/4346"}],"wp:attachment":[{"href":"http:\/\/blogdoarmindomaia.com.br\/index.php?rest_route=%2Fwp%2Fv2%2Fmedia&parent=4345"}],"wp:term":[{"taxonomy":"category","embeddable":true,"href":"http:\/\/blogdoarmindomaia.com.br\/index.php?rest_route=%2Fwp%2Fv2%2Fcategories&post=4345"},{"taxonomy":"post_tag","embeddable":true,"href":"http:\/\/blogdoarmindomaia.com.br\/index.php?rest_route=%2Fwp%2Fv2%2Ftags&post=4345"}],"curies":[{"name":"wp","href":"https:\/\/api.w.org\/{rel}","templated":true}]}}