{"id":435,"date":"2022-04-21T19:32:57","date_gmt":"2022-04-21T22:32:57","guid":{"rendered":"http:\/\/blogdoarmindomaia.com.br\/?p=435"},"modified":"2022-04-21T19:32:59","modified_gmt":"2022-04-21T22:32:59","slug":"audiencia-publica-recebe-autoridades-da-regiao-em-araxa-para-tratar-sobre-a-situacao-da-br-262","status":"publish","type":"post","link":"http:\/\/blogdoarmindomaia.com.br\/?p=435","title":{"rendered":"Audi\u00eancia P\u00fablica recebe autoridades da regi\u00e3o em Arax\u00e1 para tratar sobre a situa\u00e7\u00e3o da BR-262"},"content":{"rendered":"\n<figure class=\"wp-block-image size-large is-style-default\"><img loading=\"lazy\" decoding=\"async\" width=\"1024\" height=\"683\" src=\"http:\/\/blogdoarmindomaia.com.br\/wp-content\/uploads\/2022\/04\/IMG_9994-1024x683.jpg\" alt=\"\" class=\"wp-image-438\" srcset=\"http:\/\/blogdoarmindomaia.com.br\/wp-content\/uploads\/2022\/04\/IMG_9994-1024x683.jpg 1024w, http:\/\/blogdoarmindomaia.com.br\/wp-content\/uploads\/2022\/04\/IMG_9994-300x200.jpg 300w, http:\/\/blogdoarmindomaia.com.br\/wp-content\/uploads\/2022\/04\/IMG_9994-768x512.jpg 768w, http:\/\/blogdoarmindomaia.com.br\/wp-content\/uploads\/2022\/04\/IMG_9994-1536x1024.jpg 1536w, http:\/\/blogdoarmindomaia.com.br\/wp-content\/uploads\/2022\/04\/IMG_9994.jpg 1920w\" sizes=\"auto, (max-width: 1024px) 100vw, 1024px\" \/><\/figure>\n\n\n\n<div class=\"wp-block-cover\"><span aria-hidden=\"true\" class=\"wp-block-cover__gradient-background has-background-dim\"><\/span><img loading=\"lazy\" decoding=\"async\" width=\"1024\" height=\"683\" class=\"wp-block-cover__image-background wp-image-437\" alt=\"\" src=\"http:\/\/blogdoarmindomaia.com.br\/wp-content\/uploads\/2022\/04\/IMG_9882-1024x683.jpg\" data-object-fit=\"cover\" srcset=\"http:\/\/blogdoarmindomaia.com.br\/wp-content\/uploads\/2022\/04\/IMG_9882-1024x683.jpg 1024w, http:\/\/blogdoarmindomaia.com.br\/wp-content\/uploads\/2022\/04\/IMG_9882-300x200.jpg 300w, http:\/\/blogdoarmindomaia.com.br\/wp-content\/uploads\/2022\/04\/IMG_9882-768x512.jpg 768w, http:\/\/blogdoarmindomaia.com.br\/wp-content\/uploads\/2022\/04\/IMG_9882-1536x1024.jpg 1536w, http:\/\/blogdoarmindomaia.com.br\/wp-content\/uploads\/2022\/04\/IMG_9882.jpg 1920w\" sizes=\"auto, (max-width: 1024px) 100vw, 1024px\" \/><div class=\"wp-block-cover__inner-container is-layout-flow wp-block-cover-is-layout-flow\">\n<p class=\"has-large-font-size\"><\/p>\n<\/div><\/div>\n\n\n\n<figure class=\"wp-block-image size-large is-style-default\"><img loading=\"lazy\" decoding=\"async\" width=\"1024\" height=\"683\" src=\"http:\/\/blogdoarmindomaia.com.br\/wp-content\/uploads\/2022\/04\/IMG_9877-1024x683.jpg\" alt=\"\" class=\"wp-image-436\" srcset=\"http:\/\/blogdoarmindomaia.com.br\/wp-content\/uploads\/2022\/04\/IMG_9877-1024x683.jpg 1024w, http:\/\/blogdoarmindomaia.com.br\/wp-content\/uploads\/2022\/04\/IMG_9877-300x200.jpg 300w, http:\/\/blogdoarmindomaia.com.br\/wp-content\/uploads\/2022\/04\/IMG_9877-768x512.jpg 768w, http:\/\/blogdoarmindomaia.com.br\/wp-content\/uploads\/2022\/04\/IMG_9877-1536x1024.jpg 1536w, http:\/\/blogdoarmindomaia.com.br\/wp-content\/uploads\/2022\/04\/IMG_9877.jpg 1920w\" sizes=\"auto, (max-width: 1024px) 100vw, 1024px\" \/><\/figure>\n\n\n\n<p>A C\u00e2mara Regional, composta por vereadores das regi\u00f5es Alto Parana\u00edba, Centro-Oeste e Tri\u00e2ngulo Mineiro, promoveu uma Audi\u00eancia P\u00fablica para tratar sobre a situa\u00e7\u00e3o em que se encontra a BR-262, especialmente sobre as obras de duplica\u00e7\u00e3o paralisadas h\u00e1 anos.&nbsp;<\/p>\n\n\n\n<p>Com a participa\u00e7\u00e3o de autoridades, prefeitos e vereadores de 16 cidades, a sess\u00e3o foi realizada no Teatro Municipal de Arax\u00e1 na tarde desta quarta-feira (20) e contou tamb\u00e9m com a presen\u00e7a de empres\u00e1rios e representantes de classe. Mais de 30 C\u00e2maras Municipais est\u00e3o envolvidas na a\u00e7\u00e3o.<\/p>\n\n\n\n<p>Com as informa\u00e7\u00f5es apresentadas pelos participantes, a Mesa Diretora da C\u00e2mara Regional ir\u00e1 produzir um documento destinado aos \u00f3rg\u00e3os competentes em Bras\u00edlia (DF).<\/p>\n\n\n\n<p>Fizeram a composi\u00e7\u00e3o da Mesa, o presidente da C\u00e2mara Regional, Vinicius Pedro (vereador de Bom Despacho), o vice-presidente da C\u00e2mara Regional, vereador Raphael Rios (vereador de Arax\u00e1), o secret\u00e1rio da C\u00e2mara Regional, Lander In\u00e1cio (vereador de S\u00e3o Gotardo), o deputado estadual Bosco, o chefe da Pol\u00edcia Rodovi\u00e1ria Federal (PRF) em Arax\u00e1, inspetor Romero Gaspar, o comandante do 1\u00ba Pelot\u00e3o do Corpo de Bombeiros de Minas Gerais, capit\u00e3o Thiago Augusto Pereira, o representante da Ag\u00eancia Nacional de Transportes Terrestres (ANTT), engenheiro Marcelo Alcides, e o procurador Geral do Munic\u00edpio de Arax\u00e1 (representando o prefeito Robson Magela), Jonathan Renaud.<\/p>\n\n\n\n<p>Convidada para participar da Audi\u00eancia P\u00fablica, a concession\u00e1ria Triunfo Concebra n\u00e3o enviou nenhum representante e alegou que, como a concess\u00e3o da rodovia est\u00e1 em processo de relicita\u00e7\u00e3o, leil\u00e3o do qual a concession\u00e1ria n\u00e3o poder\u00e1 participar, a concession\u00e1ria n\u00e3o iria contribuir para o debate.<\/p>\n\n\n\n<p>Enviaram representantes as cidades de Bom Despacho, Ara\u00fajos, Campos Altos, Estrela do Indai\u00e1, Ibi\u00e1, Lagoa da Prata, Leandro Ferreira, Luz, Moema, Pratinha, S\u00e3o Gotardo, Serra da Saudade, Tapira, Carmo do Parana\u00edba e Sacramento.<\/p>\n\n\n\n<p>O inspetor da PRF, Romero Gaspar, destacou que a rodovia foi inaugurada em 1967 e, desde ent\u00e3o, recebeu poucos investimentos em infraestrutura, especialmente destinados \u00e0 sua duplica\u00e7\u00e3o e \u00e0 manuten\u00e7\u00e3o da via.<\/p>\n\n\n\n<p>O capit\u00e3o do Corpo de Bombeiros, Thiago Augusto, afirma que a concess\u00e3o da rodovia \u00e0 Triunfo Concebra auxiliou a corpora\u00e7\u00e3o no resgate \u00e0s v\u00edtimas, por\u00e9m mesmo com algumas melhorias que foram realizadas, nos \u00faltimos quatro anos foram mais de 300 acidentes registrados na regi\u00e3o em que o Corpo de Bombeiros da cidade de Arax\u00e1 atua. Segundo ele, al\u00e9m de investimento na infraestrutura, devem ser realizadas a\u00e7\u00f5es preventivas para evitar acidentes e \u00f3bitos na via.<\/p>\n\n\n\n<p>O engenheiro da ANTT, Marcelo Alcides, afirma que o contrato com a Triunfo Concebra foi assinado em 2014. Segundo ele, considerando as alega\u00e7\u00f5es da Triunfo, de falta de recursos m\u00ednimos para as a\u00e7\u00f5es b\u00e1sicas de manuten\u00e7\u00e3o rodovi\u00e1ria, a empresa foi obrigada a entregar uma recupera\u00e7\u00e3o da via para que seja feita a transi\u00e7\u00e3o da concess\u00e3o, estimada em 20 meses e que podem ser prorrogados, at\u00e9 o pr\u00f3ximo leil\u00e3o para a escolha da nova empresa para assumir a via.<\/p>\n\n\n\n<p>De acordo com ele, as tarifas do ped\u00e1gio reajustadas recentemente foram necess\u00e1rias em virtude das melhorias que devem ser feitas na via, at\u00e9 a entrega da concess\u00e3o do servi\u00e7o para a pr\u00f3xima empresa.<\/p>\n\n\n\n<p>O presidente da Associa\u00e7\u00e3o Mineira de Munic\u00edpios (AMM), Julvan Lacerda, cobrou a participa\u00e7\u00e3o de deputados federais na Audi\u00eancia. Segundo ele, se houver vontade pol\u00edtica e um grupo forte e organizado, o governo federal dar\u00e1 a prioridade necess\u00e1ria para a situa\u00e7\u00e3o da BR-262. Ele colocou a AMM \u00e0 disposi\u00e7\u00e3o e informou que os prefeitos far\u00e3o uma marcha em Bras\u00edlia nos pr\u00f3ximos dias e o tema pode ser inclu\u00eddo \u00e0 pauta de cobran\u00e7as que ser\u00e3o apresentadas ao governo federal.<\/p>\n\n\n\n<p>O presidente da C\u00e2mara Municipal de Arax\u00e1 e vice-presidente da C\u00e2mara Regional, Raphael Rios, fez o levantamento da quantidade de acidentes na BR-262, no trecho entre a cidade de Betim at\u00e9 a cidade de Campo Florido. De acordo com os dados levantados pela PRF, no ano de 2019 foram 730 acidentes, com o registro de 66 mortes. No ano de 2020, foram registrados 758 acidentes e 60 \u00f3bitos. No Ano 2021, foram registrados 693 acidentes e 65 pessoas vieram a \u00f3bito no trecho que compreende os quil\u00f4metros 353 ao 913 da BR-262.<\/p>\n\n\n\n<p>O secret\u00e1rio da C\u00e2mara Regional, vereador e presidente da C\u00e2mara de S\u00e3o Gotardo, Lander In\u00e1cio, fez o estudo do contrato assinado com a Triunfo Concebra. Segundo ele, consta no documento que, em caso de n\u00e3o cumprimento das cl\u00e1usulas, a empresa deve pagar uma multa extremamente alta, o que pode inclusive acabar com seu capital, saindo ent\u00e3o da concess\u00e3o com d\u00e9bitos.<\/p>\n\n\n\n<p>A palavra foi aberta para o p\u00fablico presente participar e fazer considera\u00e7\u00f5es sobre as dificuldades enfrentadas pelas suas cidades. Os problemas relatados v\u00e3o desde o escoamento de produ\u00e7\u00f5es industriais e agropecu\u00e1rias, capta\u00e7\u00e3o de investidores em fun\u00e7\u00e3o da falta de seguran\u00e7a oferecida pela rodovia, at\u00e9 a dificuldade de atendimento m\u00e9dico e hospitalar para as v\u00edtimas, especialmente nas cidades onde h\u00e1 altos \u00edndices de acidentes.<br><\/p>\n","protected":false},"excerpt":{"rendered":"<p>A C\u00e2mara Regional, composta por vereadores das regi\u00f5es Alto Parana\u00edba, Centro-Oeste e Tri\u00e2ngulo Mineiro, promoveu uma Audi\u00eancia P\u00fablica para tratar<\/p>\n","protected":false},"author":2,"featured_media":438,"comment_status":"open","ping_status":"open","sticky":false,"template":"","format":"standard","meta":{"footnotes":""},"categories":[25],"tags":[],"class_list":["post-435","post","type-post","status-publish","format-standard","has-post-thumbnail","hentry","category-politica"],"_links":{"self":[{"href":"http:\/\/blogdoarmindomaia.com.br\/index.php?rest_route=\/wp\/v2\/posts\/435","targetHints":{"allow":["GET"]}}],"collection":[{"href":"http:\/\/blogdoarmindomaia.com.br\/index.php?rest_route=\/wp\/v2\/posts"}],"about":[{"href":"http:\/\/blogdoarmindomaia.com.br\/index.php?rest_route=\/wp\/v2\/types\/post"}],"author":[{"embeddable":true,"href":"http:\/\/blogdoarmindomaia.com.br\/index.php?rest_route=\/wp\/v2\/users\/2"}],"replies":[{"embeddable":true,"href":"http:\/\/blogdoarmindomaia.com.br\/index.php?rest_route=%2Fwp%2Fv2%2Fcomments&post=435"}],"version-history":[{"count":1,"href":"http:\/\/blogdoarmindomaia.com.br\/index.php?rest_route=\/wp\/v2\/posts\/435\/revisions"}],"predecessor-version":[{"id":439,"href":"http:\/\/blogdoarmindomaia.com.br\/index.php?rest_route=\/wp\/v2\/posts\/435\/revisions\/439"}],"wp:featuredmedia":[{"embeddable":true,"href":"http:\/\/blogdoarmindomaia.com.br\/index.php?rest_route=\/wp\/v2\/media\/438"}],"wp:attachment":[{"href":"http:\/\/blogdoarmindomaia.com.br\/index.php?rest_route=%2Fwp%2Fv2%2Fmedia&parent=435"}],"wp:term":[{"taxonomy":"category","embeddable":true,"href":"http:\/\/blogdoarmindomaia.com.br\/index.php?rest_route=%2Fwp%2Fv2%2Fcategories&post=435"},{"taxonomy":"post_tag","embeddable":true,"href":"http:\/\/blogdoarmindomaia.com.br\/index.php?rest_route=%2Fwp%2Fv2%2Ftags&post=435"}],"curies":[{"name":"wp","href":"https:\/\/api.w.org\/{rel}","templated":true}]}}