{"id":4350,"date":"2023-02-14T11:32:52","date_gmt":"2023-02-14T14:32:52","guid":{"rendered":"http:\/\/blogdoarmindomaia.com.br\/?p=4350"},"modified":"2023-02-14T11:32:54","modified_gmt":"2023-02-14T14:32:54","slug":"com-hat-trick-de-landerson-dinamo-goleia-na-estreia-da-copa-amapar","status":"publish","type":"post","link":"http:\/\/blogdoarmindomaia.com.br\/?p=4350","title":{"rendered":"<strong>Com hat-trick de Landerson, D\u00ednamo goleia na estreia da Copa Amapar<\/strong><br><br>"},"content":{"rendered":"\n<figure class=\"wp-block-image size-large is-style-default\"><img loading=\"lazy\" decoding=\"async\" width=\"1024\" height=\"682\" src=\"http:\/\/blogdoarmindomaia.com.br\/wp-content\/uploads\/2023\/02\/Dinamo-x-Amigos-Estreia-Copa-Amapar-4-1024x682.jpeg\" alt=\"\" class=\"wp-image-4351\" srcset=\"http:\/\/blogdoarmindomaia.com.br\/wp-content\/uploads\/2023\/02\/Dinamo-x-Amigos-Estreia-Copa-Amapar-4-1024x682.jpeg 1024w, http:\/\/blogdoarmindomaia.com.br\/wp-content\/uploads\/2023\/02\/Dinamo-x-Amigos-Estreia-Copa-Amapar-4-300x200.jpeg 300w, http:\/\/blogdoarmindomaia.com.br\/wp-content\/uploads\/2023\/02\/Dinamo-x-Amigos-Estreia-Copa-Amapar-4-768x512.jpeg 768w, http:\/\/blogdoarmindomaia.com.br\/wp-content\/uploads\/2023\/02\/Dinamo-x-Amigos-Estreia-Copa-Amapar-4-1536x1023.jpeg 1536w, http:\/\/blogdoarmindomaia.com.br\/wp-content\/uploads\/2023\/02\/Dinamo-x-Amigos-Estreia-Copa-Amapar-4.jpeg 1600w\" sizes=\"auto, (max-width: 1024px) 100vw, 1024px\" \/><\/figure>\n\n\n\n<figure class=\"wp-block-image size-large is-style-default\"><img loading=\"lazy\" decoding=\"async\" width=\"1024\" height=\"682\" src=\"http:\/\/blogdoarmindomaia.com.br\/wp-content\/uploads\/2023\/02\/Dinamo-x-Amigos-Estreia-Copa-Amapar-2-1024x682.jpeg\" alt=\"\" class=\"wp-image-4352\" srcset=\"http:\/\/blogdoarmindomaia.com.br\/wp-content\/uploads\/2023\/02\/Dinamo-x-Amigos-Estreia-Copa-Amapar-2-1024x682.jpeg 1024w, http:\/\/blogdoarmindomaia.com.br\/wp-content\/uploads\/2023\/02\/Dinamo-x-Amigos-Estreia-Copa-Amapar-2-300x200.jpeg 300w, http:\/\/blogdoarmindomaia.com.br\/wp-content\/uploads\/2023\/02\/Dinamo-x-Amigos-Estreia-Copa-Amapar-2-768x512.jpeg 768w, http:\/\/blogdoarmindomaia.com.br\/wp-content\/uploads\/2023\/02\/Dinamo-x-Amigos-Estreia-Copa-Amapar-2-1536x1023.jpeg 1536w, http:\/\/blogdoarmindomaia.com.br\/wp-content\/uploads\/2023\/02\/Dinamo-x-Amigos-Estreia-Copa-Amapar-2.jpeg 1600w\" sizes=\"auto, (max-width: 1024px) 100vw, 1024px\" \/><\/figure>\n\n\n\n<p>Com hat-trick de Landerson, a Associa\u00e7\u00e3o Esportiva D\u00ednamo Esporte Clube estreou com goleada na Copa Regional Amapar 2023. O jogo v\u00e1lido 1\u00aa rodada da fase de grupos teve como advers\u00e1rio a equipe do Amigos e terminou com o placar de 4 a 0 para o Azul\u00e3o. A partida foi realizada no \u00faltimo s\u00e1bado (11) no Est\u00e1dio Municipal Fausto Alvim, em Arax\u00e1.<br><br>Os gols do D\u00ednamo foram marcados por Landerson (3) e Victor Leonardo. O Azul\u00e3o est\u00e1 no grupo 4, e \u00e9 vice-l\u00edder da competi\u00e7\u00e3o, mesma pontua\u00e7\u00e3o do Nacional da Serra que aplicou uma goleada de 7 a 1 sobre o Juventus, de Carmo do Parana\u00edba.<br><br>Na pr\u00f3xima rodada, o D\u00ednamo enfrenta o Juventus, \u00e0s 15h30 de s\u00e1bado, 18 de fevereiro, na Arena do Boca Junior.<br><br><strong>Escala\u00e7\u00e3o<\/strong><br><br>D\u00ednamo: Ednei; Dalmer (Deninho), Dunguinha, Jorge Nego Dan e Kelvy; Caio Xaropinho (\u00c1lvaro Caf\u00e9), Renato Augusto (Johnata) e Guilherme Mascote (Jo\u00e3o Codorna); Victor (Filh\u00e3o), Landerson e Max (Marcos Vin\u00edcius). Treinador: Tiago Pereira<br><br><strong>Copa Amapar<\/strong><br><br>Neste ano, 36 clubes est\u00e3o divididos em seis grupos de seis equipes. O D\u00ednamo est\u00e1 no grupo 4, que conta tamb\u00e9m com as equipes: Amigos (Arax\u00e1), Red Bull (Rio Parana\u00edba), Nacional (Tiros), Parana\u00edba (Carmo do Parana\u00edba) e Nacional Serra (Serra do Salitre).<br><br>De acordo com o regulamento, todas as equipes jogam entre si dentro do chaveamento e as duas piores campanhas de cada grupo ser\u00e3o eliminadas da competi\u00e7\u00e3o.<br><br><strong>Jogos do Azul\u00e3o na primeira fase<\/strong><br><br>2\u00aa rodada \u2013 s\u00e1bado, 18\/2<br><br>15h30 &#8211; Arena do Boca Junior: Juventus x D\u00ednamo<br><br>3\u00aa rodada \u2013 s\u00e1bado, 25\/2<br><br>15h30 &#8211; Est\u00e1dio Municipal Fausto Alvim: D\u00ednamo x Nacional<br><br>4\u00aa rodada \u2013 s\u00e1bado, 4\/3<br><br>15h30 &#8211; Est\u00e1dio Municipal Fausto Alvim: &nbsp;D\u00ednamo x Parana\u00edba<br><br>5\u00aa rodada \u2013 s\u00e1bado, 11\/3<br><br>15h30 &#8211; Serra do Salitre: Nacional Serra x D\u00ednamo<\/p>\n\n\n\n<p><\/p>\n","protected":false},"excerpt":{"rendered":"<p>Com hat-trick de Landerson, a Associa\u00e7\u00e3o Esportiva D\u00ednamo Esporte Clube estreou com goleada na Copa Regional Amapar 2023. O jogo<\/p>\n","protected":false},"author":2,"featured_media":4352,"comment_status":"open","ping_status":"open","sticky":false,"template":"","format":"standard","meta":{"footnotes":""},"categories":[9,15],"tags":[],"class_list":["post-4350","post","type-post","status-publish","format-standard","has-post-thumbnail","hentry","category-araxa","category-esportes"],"_links":{"self":[{"href":"http:\/\/blogdoarmindomaia.com.br\/index.php?rest_route=\/wp\/v2\/posts\/4350","targetHints":{"allow":["GET"]}}],"collection":[{"href":"http:\/\/blogdoarmindomaia.com.br\/index.php?rest_route=\/wp\/v2\/posts"}],"about":[{"href":"http:\/\/blogdoarmindomaia.com.br\/index.php?rest_route=\/wp\/v2\/types\/post"}],"author":[{"embeddable":true,"href":"http:\/\/blogdoarmindomaia.com.br\/index.php?rest_route=\/wp\/v2\/users\/2"}],"replies":[{"embeddable":true,"href":"http:\/\/blogdoarmindomaia.com.br\/index.php?rest_route=%2Fwp%2Fv2%2Fcomments&post=4350"}],"version-history":[{"count":1,"href":"http:\/\/blogdoarmindomaia.com.br\/index.php?rest_route=\/wp\/v2\/posts\/4350\/revisions"}],"predecessor-version":[{"id":4353,"href":"http:\/\/blogdoarmindomaia.com.br\/index.php?rest_route=\/wp\/v2\/posts\/4350\/revisions\/4353"}],"wp:featuredmedia":[{"embeddable":true,"href":"http:\/\/blogdoarmindomaia.com.br\/index.php?rest_route=\/wp\/v2\/media\/4352"}],"wp:attachment":[{"href":"http:\/\/blogdoarmindomaia.com.br\/index.php?rest_route=%2Fwp%2Fv2%2Fmedia&parent=4350"}],"wp:term":[{"taxonomy":"category","embeddable":true,"href":"http:\/\/blogdoarmindomaia.com.br\/index.php?rest_route=%2Fwp%2Fv2%2Fcategories&post=4350"},{"taxonomy":"post_tag","embeddable":true,"href":"http:\/\/blogdoarmindomaia.com.br\/index.php?rest_route=%2Fwp%2Fv2%2Ftags&post=4350"}],"curies":[{"name":"wp","href":"https:\/\/api.w.org\/{rel}","templated":true}]}}