{"id":4372,"date":"2023-02-15T15:10:44","date_gmt":"2023-02-15T18:10:44","guid":{"rendered":"http:\/\/blogdoarmindomaia.com.br\/?p=4372"},"modified":"2023-02-15T15:10:46","modified_gmt":"2023-02-15T18:10:46","slug":"aprovados-no-concurso-da-fca-de-araxa-estao-sendo-convocados-por-etapas","status":"publish","type":"post","link":"http:\/\/blogdoarmindomaia.com.br\/?p=4372","title":{"rendered":"<strong>Aprovados no concurso da FCA de Arax\u00e1 est\u00e3o sendo convocados por etapas<\/strong>"},"content":{"rendered":"\n<figure class=\"wp-block-image size-full is-style-default\"><img loading=\"lazy\" decoding=\"async\" width=\"1024\" height=\"683\" src=\"http:\/\/blogdoarmindomaia.com.br\/wp-content\/uploads\/2023\/02\/concurso-publico.jpeg\" alt=\"\" class=\"wp-image-4373\" srcset=\"http:\/\/blogdoarmindomaia.com.br\/wp-content\/uploads\/2023\/02\/concurso-publico.jpeg 1024w, http:\/\/blogdoarmindomaia.com.br\/wp-content\/uploads\/2023\/02\/concurso-publico-300x200.jpeg 300w, http:\/\/blogdoarmindomaia.com.br\/wp-content\/uploads\/2023\/02\/concurso-publico-768x512.jpeg 768w\" sizes=\"auto, (max-width: 1024px) 100vw, 1024px\" \/><\/figure>\n\n\n\n<p>A Funda\u00e7\u00e3o da Crian\u00e7a e do Adolescente de Arax\u00e1 (FCAA) comunica que a convoca\u00e7\u00e3o dos candidatos aprovados no concurso p\u00fablico realizado no dia 11 de dezembro do ano passado est\u00e1 sendo feita por etapas at\u00e9 o final de 2023.<br><br>A lista com os nomes dos primeiros convocados j\u00e1 est\u00e1 dispon\u00edvel no site da Prefeitura de Arax\u00e1, no link Editais e Processos &gt; Funda\u00e7\u00e3o da Crian\u00e7a e do Adolescente &gt; Concurso P\u00fablico Edital 01\/2022, onde tamb\u00e9m ficar\u00e1 dispon\u00edvel as demais etapas.<br><br>\u201cPor se tratar de Acolhimento Institucional e Familiar, onde envolve crian\u00e7as e adolescentes que se encontram sob medidas protetivas por determina\u00e7\u00e3o judicial em decorr\u00eancia de viola\u00e7\u00e3o de direitos, e para que n\u00e3o haja altera\u00e7\u00e3o brusca e buscando principalmente a preserva\u00e7\u00e3o nos cuidados dos acolhidos, as convoca\u00e7\u00f5es ser\u00e3o feitas em etapas, a serem realizadas at\u00e9 o final do ano 2023\u201d, esclarece a presidente da FCAA, Taciana Almeida.<br><br>Para mais informa\u00e7\u00f5es, entrar em contato com o RH da FCAA, atrav\u00e9s dos telefones (34) 3691-7192 ou (34) 3661-2264 e\/ou pelo e-mail (&nbsp;<a href=\"mailto:rh@fcaa.mg.gov.br\" target=\"_blank\" rel=\"noreferrer noopener\">rh@fcaa.mg.gov.br<\/a>&nbsp;).<br><br>Link da lista dos primeiros convocados (&nbsp;<a href=\"https:\/\/bit.ly\/3xlqvWL\" target=\"_blank\" rel=\"noreferrer noopener\">https:\/\/bit.ly\/3xlqvWL<\/a>&nbsp;).<\/p>\n","protected":false},"excerpt":{"rendered":"<p>A Funda\u00e7\u00e3o da Crian\u00e7a e do Adolescente de Arax\u00e1 (FCAA) comunica que a convoca\u00e7\u00e3o dos candidatos aprovados no concurso p\u00fablico<\/p>\n","protected":false},"author":2,"featured_media":4373,"comment_status":"open","ping_status":"open","sticky":false,"template":"","format":"standard","meta":{"footnotes":""},"categories":[9,11],"tags":[],"class_list":["post-4372","post","type-post","status-publish","format-standard","has-post-thumbnail","hentry","category-araxa","category-destaques"],"_links":{"self":[{"href":"http:\/\/blogdoarmindomaia.com.br\/index.php?rest_route=\/wp\/v2\/posts\/4372","targetHints":{"allow":["GET"]}}],"collection":[{"href":"http:\/\/blogdoarmindomaia.com.br\/index.php?rest_route=\/wp\/v2\/posts"}],"about":[{"href":"http:\/\/blogdoarmindomaia.com.br\/index.php?rest_route=\/wp\/v2\/types\/post"}],"author":[{"embeddable":true,"href":"http:\/\/blogdoarmindomaia.com.br\/index.php?rest_route=\/wp\/v2\/users\/2"}],"replies":[{"embeddable":true,"href":"http:\/\/blogdoarmindomaia.com.br\/index.php?rest_route=%2Fwp%2Fv2%2Fcomments&post=4372"}],"version-history":[{"count":1,"href":"http:\/\/blogdoarmindomaia.com.br\/index.php?rest_route=\/wp\/v2\/posts\/4372\/revisions"}],"predecessor-version":[{"id":4374,"href":"http:\/\/blogdoarmindomaia.com.br\/index.php?rest_route=\/wp\/v2\/posts\/4372\/revisions\/4374"}],"wp:featuredmedia":[{"embeddable":true,"href":"http:\/\/blogdoarmindomaia.com.br\/index.php?rest_route=\/wp\/v2\/media\/4373"}],"wp:attachment":[{"href":"http:\/\/blogdoarmindomaia.com.br\/index.php?rest_route=%2Fwp%2Fv2%2Fmedia&parent=4372"}],"wp:term":[{"taxonomy":"category","embeddable":true,"href":"http:\/\/blogdoarmindomaia.com.br\/index.php?rest_route=%2Fwp%2Fv2%2Fcategories&post=4372"},{"taxonomy":"post_tag","embeddable":true,"href":"http:\/\/blogdoarmindomaia.com.br\/index.php?rest_route=%2Fwp%2Fv2%2Ftags&post=4372"}],"curies":[{"name":"wp","href":"https:\/\/api.w.org\/{rel}","templated":true}]}}