{"id":4375,"date":"2023-02-15T15:13:00","date_gmt":"2023-02-15T18:13:00","guid":{"rendered":"http:\/\/blogdoarmindomaia.com.br\/?p=4375"},"modified":"2023-02-15T15:13:02","modified_gmt":"2023-02-15T18:13:02","slug":"dr-vitor-hugo-heisler-assume-interinamente-a-2a-delegacia-regional-de-araxa","status":"publish","type":"post","link":"http:\/\/blogdoarmindomaia.com.br\/?p=4375","title":{"rendered":"Dr. Vitor Hugo Heisler assume interinamente a 2\u00aa Delegacia Regional de Arax\u00e1"},"content":{"rendered":"\n<figure class=\"wp-block-image size-full is-style-default\"><img loading=\"lazy\" decoding=\"async\" width=\"635\" height=\"487\" src=\"http:\/\/blogdoarmindomaia.com.br\/wp-content\/uploads\/2023\/02\/Dr.-Vitor-Hugo-Heisler-assume-interinamente-a-2a-Delegacia-Regional-de-Araxa-pag-07.jpeg\" alt=\"\" class=\"wp-image-4377\" srcset=\"http:\/\/blogdoarmindomaia.com.br\/wp-content\/uploads\/2023\/02\/Dr.-Vitor-Hugo-Heisler-assume-interinamente-a-2a-Delegacia-Regional-de-Araxa-pag-07.jpeg 635w, http:\/\/blogdoarmindomaia.com.br\/wp-content\/uploads\/2023\/02\/Dr.-Vitor-Hugo-Heisler-assume-interinamente-a-2a-Delegacia-Regional-de-Araxa-pag-07-300x230.jpeg 300w\" sizes=\"auto, (max-width: 635px) 100vw, 635px\" \/><\/figure>\n\n\n\n<p>A not\u00edcia circulou no Di\u00e1rio Oficial de Minas Gerais do \u00faltimo s\u00e1bado, dia 11 de fevereiro de 2023. De acordo com as informa\u00e7\u00f5es publicadas, o delegado titular Valter Andr\u00e9 Biscaro, est\u00e1 afastado das fun\u00e7\u00f5es da 2\u00aa Delegacia Regional de Pol\u00edcia Civil de Arax\u00e1.&nbsp;A publica\u00e7\u00e3o tamb\u00e9m informa que, quem interinamente a dire\u00e7\u00e3o da 2\u00aa Delegacia Regional da PC local, \u00e9 o Delegado Vitor Hugo Heisler, que atualmente estava \u00e0 frente da coordena\u00e7\u00e3o dos trabalhos do Departamento Estadual de Tr\u00e2nsito (DETRAN) em Arax\u00e1. Dr. Vitor Heisler, j\u00e1 o delegado chefe da 2\u00aa DRPC de Arax\u00e1 entre os anos de&nbsp; 2018 a 2022.&nbsp;<\/p>\n\n\n\n<p>Em nota a Pol\u00edcia Civil de Minas Gerais informou que; \u201cA Pol\u00edcia Civil de Minas Gerais (PCMG) informa que uma equipe da Corregedoria-Geral de Pol\u00edcia Civil cumpriu nesta manh\u00e3 (8\/2) mandado de busca e apreens\u00e3o na 2\u00aa Delegacia Regional de Pol\u00edcia Civil em Arax\u00e1. A medida cautelar foi requerida pelo Minist\u00e9rio P\u00fablico e deferida pelo Poder Judici\u00e1rio\u201d<\/p>\n","protected":false},"excerpt":{"rendered":"<p>A not\u00edcia circulou no Di\u00e1rio Oficial de Minas Gerais do \u00faltimo s\u00e1bado, dia 11 de fevereiro de 2023. De acordo<\/p>\n","protected":false},"author":2,"featured_media":4377,"comment_status":"open","ping_status":"open","sticky":false,"template":"","format":"standard","meta":{"footnotes":""},"categories":[9,11],"tags":[],"class_list":["post-4375","post","type-post","status-publish","format-standard","has-post-thumbnail","hentry","category-araxa","category-destaques"],"_links":{"self":[{"href":"http:\/\/blogdoarmindomaia.com.br\/index.php?rest_route=\/wp\/v2\/posts\/4375","targetHints":{"allow":["GET"]}}],"collection":[{"href":"http:\/\/blogdoarmindomaia.com.br\/index.php?rest_route=\/wp\/v2\/posts"}],"about":[{"href":"http:\/\/blogdoarmindomaia.com.br\/index.php?rest_route=\/wp\/v2\/types\/post"}],"author":[{"embeddable":true,"href":"http:\/\/blogdoarmindomaia.com.br\/index.php?rest_route=\/wp\/v2\/users\/2"}],"replies":[{"embeddable":true,"href":"http:\/\/blogdoarmindomaia.com.br\/index.php?rest_route=%2Fwp%2Fv2%2Fcomments&post=4375"}],"version-history":[{"count":1,"href":"http:\/\/blogdoarmindomaia.com.br\/index.php?rest_route=\/wp\/v2\/posts\/4375\/revisions"}],"predecessor-version":[{"id":4378,"href":"http:\/\/blogdoarmindomaia.com.br\/index.php?rest_route=\/wp\/v2\/posts\/4375\/revisions\/4378"}],"wp:featuredmedia":[{"embeddable":true,"href":"http:\/\/blogdoarmindomaia.com.br\/index.php?rest_route=\/wp\/v2\/media\/4377"}],"wp:attachment":[{"href":"http:\/\/blogdoarmindomaia.com.br\/index.php?rest_route=%2Fwp%2Fv2%2Fmedia&parent=4375"}],"wp:term":[{"taxonomy":"category","embeddable":true,"href":"http:\/\/blogdoarmindomaia.com.br\/index.php?rest_route=%2Fwp%2Fv2%2Fcategories&post=4375"},{"taxonomy":"post_tag","embeddable":true,"href":"http:\/\/blogdoarmindomaia.com.br\/index.php?rest_route=%2Fwp%2Fv2%2Ftags&post=4375"}],"curies":[{"name":"wp","href":"https:\/\/api.w.org\/{rel}","templated":true}]}}