{"id":4379,"date":"2023-02-15T15:18:13","date_gmt":"2023-02-15T18:18:13","guid":{"rendered":"http:\/\/blogdoarmindomaia.com.br\/?p=4379"},"modified":"2023-02-15T15:18:14","modified_gmt":"2023-02-15T18:18:14","slug":"atencao-secundaria-conheca-a-estrutura-de-atendimentos-na-rede-publica-de-saude-em-araxa","status":"publish","type":"post","link":"http:\/\/blogdoarmindomaia.com.br\/?p=4379","title":{"rendered":"Aten\u00e7\u00e3o Secund\u00e1ria: conhe\u00e7a a estrutura de atendimentos na Rede P\u00fablica de Sa\u00fade em Arax\u00e1"},"content":{"rendered":"\n<figure class=\"wp-block-image size-full is-style-default\"><img loading=\"lazy\" decoding=\"async\" width=\"1024\" height=\"683\" src=\"http:\/\/blogdoarmindomaia.com.br\/wp-content\/uploads\/2023\/02\/Atencao-Secundaria.jpg\" alt=\"\" class=\"wp-image-4380\" srcset=\"http:\/\/blogdoarmindomaia.com.br\/wp-content\/uploads\/2023\/02\/Atencao-Secundaria.jpg 1024w, http:\/\/blogdoarmindomaia.com.br\/wp-content\/uploads\/2023\/02\/Atencao-Secundaria-300x200.jpg 300w, http:\/\/blogdoarmindomaia.com.br\/wp-content\/uploads\/2023\/02\/Atencao-Secundaria-768x512.jpg 768w\" sizes=\"auto, (max-width: 1024px) 100vw, 1024px\" \/><\/figure>\n\n\n\n<p>Mais de R$ 227 milh\u00f5es investidos na Sa\u00fade de Arax\u00e1, apenas nos dois \u00faltimos anos. Essa \u00e9 a nova realidade da Rede P\u00fablica de Sa\u00fade do Munic\u00edpio que garante mais dignidade e qualidade de vida \u00e0 comunidade. A Prefeitura de Arax\u00e1 realiza ainda, um atendimento essencial na Aten\u00e7\u00e3o Especializada da cidade.<br><br>Essa aten\u00e7\u00e3o \u00e9 dividida em dois elementos, Aten\u00e7\u00e3o Secund\u00e1ria e Terci\u00e1ria, que s\u00e3o, respectivamente, m\u00e9dia e alta complexidade (Ambulatorial e Especializada Hospitalar).<br><br>A m\u00e9dia complexidade ou secund\u00e1ria \u00e9 composta por servi\u00e7os especializados como exames e ambulat\u00f3rios, bem como nas Unidades de Atendimento Emergencial 24 horas (AMEs) e Unidade de Pronto Atendimento (UPA) e envolve atendimento direcionado para \u00e1reas de especialidades m\u00e9dicas.<br><br>Diferente da Aten\u00e7\u00e3o Prim\u00e1ria, que orienta e resolve casos mais simples, a Aten\u00e7\u00e3o Secund\u00e1ria est\u00e1 apta para investigar poss\u00edveis causas dos sintomas em pacientes que demandam maior n\u00edvel de cuidado. Caso o m\u00e9dico cl\u00ednico da Estrat\u00e9gia de Sa\u00fade da Fam\u00edlia (ESF) ou Unidade B\u00e1sica de Sa\u00fade (UBS) tenha detectado altera\u00e7\u00f5es em determinado exame ou avalia\u00e7\u00e3o do paciente, que demandam maior aten\u00e7\u00e3o, ele ir\u00e1 indicar o indiv\u00edduo para um especialista na \u00e1rea pretendida da medicina, que far\u00e1 a continuidade do atendimento. Este especialista est\u00e1 no n\u00edvel secund\u00e1rio de aten\u00e7\u00e3o \u00e0 sa\u00fade.<br><br>Atendimentos ambulatoriais de urg\u00eancia e emerg\u00eancia 24 horas, consultas especializadas nas \u00e1reas de neurologia, ortopedia, urologia, mastologia, hematologia, otorrinolaringologia, endocrinologia, nefrologia, infectologia, dermatologia, cardiologia, angiologia, pneumologia, gastroenterologia, oftalmologia, ginecologia, psiquiatria, obstetr\u00edcia, pediatria, fisioterapia, fonoaudiologia, psicologia, assist\u00eancia social, odontologia, Programa Interdisciplinar de Interna\u00e7\u00e3o Domiciliar (PIID), exames de imagem eletivos e de urg\u00eancia (endoscopias de urg\u00eancia, colonoscopias de urg\u00eancia, tomografia computadorizada, ultrassonografias, mamografias, radiografias), laboratoriais, eletrocardiograma, eletroencefalograma e resson\u00e2ncias de urg\u00eancia s\u00e3o os servi\u00e7os oferecidos para a popula\u00e7\u00e3o na Aten\u00e7\u00e3o Secund\u00e1ria.<br><br>Atualmente, quatro Unidades B\u00e1sicas de Sa\u00fade ofertam os servi\u00e7os de consulta especializada, al\u00e9m de um Laborat\u00f3rio Municipal, tr\u00eas laborat\u00f3rios prestadores municipais e um servi\u00e7o de imagem (para servi\u00e7os de urg\u00eancia e eletivos). Os atendimentos contemplam todos os ciclos de vida, desde o rec\u00e9m-nascido, o p\u00fablico infantil, juvenil, adulto e idoso.<br><br>Segundo dados de 2022, nas Unidades de Sa\u00fade foram realizados cerca de 4.700 atendimentos de m\u00e9dia complexidade por m\u00eas. Atrav\u00e9s do PIID, uma m\u00e9dia de 250 atendimentos mensais foram oferecidos. J\u00e1 no Laborat\u00f3rio Municipal, foram entregues cerca de 2.000 exames por m\u00eas. No Setor de Imagens, 1.700 exames de imagem eletivo mensais foram realizados e na Rede de Urg\u00eancia (AME Uninorte, AME Unileste e Unidade de Pronto Atendimento), o n\u00famero m\u00e9dio de atendimentos mensal chegou a 12.299, envolvendo 305 profissionais e 119 m\u00e9dicos.<br><br>De acordo, com a coordenadora de Aten\u00e7\u00e3o Secund\u00e1ria, Carla Aparecida Alves Constant, infelizmente, por quest\u00f5es culturais, o usu\u00e1rio procura saber sobre os servi\u00e7os p\u00fablicos da Sa\u00fade somente quando se encontra com o processo de doen\u00e7a, e \u00e9 de grande import\u00e2ncia e necessidade, a gama de servi\u00e7os e atendimentos que hoje s\u00e3o ofertados pelo Munic\u00edpio.<br><br>\u201cO ano de 2022 foi marcado pela inaugura\u00e7\u00e3o dos dois AMEs 24 horas Unileste e Uninorte, que proporcionaram amplia\u00e7\u00e3o de atendimentos emergenciais de queixas verde e azul (pouco ou n\u00e3o urgentes), servi\u00e7o de domingo a domingo e 24 horas, resultando em uma diminui\u00e7\u00e3o consider\u00e1vel na UPA e na quantidade de pacientes que ficavam aguardando atendimentos por horas. Com os AMEs, al\u00e9m da amplia\u00e7\u00e3o de locais de atendimento 24 horas, foi acrescido corpo cl\u00ednico, equipe de enfermagem e assistencial, bem como de exames laboratoriais e de imagem de urg\u00eancia\u201d, afirma.<br><br>\u201cPortanto, \u00e9 not\u00e1vel o quanto est\u00e1 sendo investido na \u00e1rea da sa\u00fade como um todo, atrav\u00e9s de amplia\u00e7\u00e3o de servi\u00e7os e profissionais m\u00e9dicos, bem como em projetos para melhoria de atendimento. Os n\u00edveis de aten\u00e7\u00e3o \u00e0 sa\u00fade s\u00e3o extremamente importantes para a comunidade, em qualquer circunst\u00e2ncia, mas principalmente, na promo\u00e7\u00e3o e preven\u00e7\u00e3o de sa\u00fade. Quanto mais eficaz a preven\u00e7\u00e3o, menor ser\u00e1 a necessidade de utiliza\u00e7\u00e3o de servi\u00e7os de m\u00e9dia e alta complexidade\u201d, alerta.<br><br>Carla ainda completa sobre a seguran\u00e7a proporcionada pela Sa\u00fade \u00e0s fam\u00edlias da cidade.<br><br>\u201cEnquanto cidad\u00e3 araxaense, \u00e9 not\u00e1vel o quanto o Munic\u00edpio vem se desenvolvendo e crescendo no que se refere a servi\u00e7os de Sa\u00fade. E o mais importante, fico tranquila em saber que se eu ou algu\u00e9m da minha fam\u00edlia precisar de atendimento m\u00e9dico, estaremos contemplados com uma assist\u00eancia de qualidade e resolutividade\u201d,<\/p>\n","protected":false},"excerpt":{"rendered":"<p>Mais de R$ 227 milh\u00f5es investidos na Sa\u00fade de Arax\u00e1, apenas nos dois \u00faltimos anos. Essa \u00e9 a nova realidade<\/p>\n","protected":false},"author":2,"featured_media":4380,"comment_status":"open","ping_status":"open","sticky":false,"template":"","format":"standard","meta":{"footnotes":""},"categories":[9,11],"tags":[],"class_list":["post-4379","post","type-post","status-publish","format-standard","has-post-thumbnail","hentry","category-araxa","category-destaques"],"_links":{"self":[{"href":"http:\/\/blogdoarmindomaia.com.br\/index.php?rest_route=\/wp\/v2\/posts\/4379","targetHints":{"allow":["GET"]}}],"collection":[{"href":"http:\/\/blogdoarmindomaia.com.br\/index.php?rest_route=\/wp\/v2\/posts"}],"about":[{"href":"http:\/\/blogdoarmindomaia.com.br\/index.php?rest_route=\/wp\/v2\/types\/post"}],"author":[{"embeddable":true,"href":"http:\/\/blogdoarmindomaia.com.br\/index.php?rest_route=\/wp\/v2\/users\/2"}],"replies":[{"embeddable":true,"href":"http:\/\/blogdoarmindomaia.com.br\/index.php?rest_route=%2Fwp%2Fv2%2Fcomments&post=4379"}],"version-history":[{"count":1,"href":"http:\/\/blogdoarmindomaia.com.br\/index.php?rest_route=\/wp\/v2\/posts\/4379\/revisions"}],"predecessor-version":[{"id":4381,"href":"http:\/\/blogdoarmindomaia.com.br\/index.php?rest_route=\/wp\/v2\/posts\/4379\/revisions\/4381"}],"wp:featuredmedia":[{"embeddable":true,"href":"http:\/\/blogdoarmindomaia.com.br\/index.php?rest_route=\/wp\/v2\/media\/4380"}],"wp:attachment":[{"href":"http:\/\/blogdoarmindomaia.com.br\/index.php?rest_route=%2Fwp%2Fv2%2Fmedia&parent=4379"}],"wp:term":[{"taxonomy":"category","embeddable":true,"href":"http:\/\/blogdoarmindomaia.com.br\/index.php?rest_route=%2Fwp%2Fv2%2Fcategories&post=4379"},{"taxonomy":"post_tag","embeddable":true,"href":"http:\/\/blogdoarmindomaia.com.br\/index.php?rest_route=%2Fwp%2Fv2%2Ftags&post=4379"}],"curies":[{"name":"wp","href":"https:\/\/api.w.org\/{rel}","templated":true}]}}