{"id":4382,"date":"2023-02-15T15:23:56","date_gmt":"2023-02-15T18:23:56","guid":{"rendered":"http:\/\/blogdoarmindomaia.com.br\/?p=4382"},"modified":"2023-02-15T15:23:58","modified_gmt":"2023-02-15T18:23:58","slug":"prefeitura-de-araxa-vai-reajustar-salarios-de-professores-de-acordo-com-o-piso-nacional","status":"publish","type":"post","link":"http:\/\/blogdoarmindomaia.com.br\/?p=4382","title":{"rendered":"Prefeitura de Arax\u00e1 vai reajustar sal\u00e1rios de professores de acordo com o Piso Nacional"},"content":{"rendered":"\n<figure class=\"wp-block-image size-large is-style-default\"><img loading=\"lazy\" decoding=\"async\" width=\"1024\" height=\"682\" src=\"http:\/\/blogdoarmindomaia.com.br\/wp-content\/uploads\/2023\/02\/Prefeitura-de-Araxa-vai-reajustar-salarios-de-professores-pag-04-1024x682.jpeg\" alt=\"\" class=\"wp-image-4383\" srcset=\"http:\/\/blogdoarmindomaia.com.br\/wp-content\/uploads\/2023\/02\/Prefeitura-de-Araxa-vai-reajustar-salarios-de-professores-pag-04-1024x682.jpeg 1024w, http:\/\/blogdoarmindomaia.com.br\/wp-content\/uploads\/2023\/02\/Prefeitura-de-Araxa-vai-reajustar-salarios-de-professores-pag-04-300x200.jpeg 300w, http:\/\/blogdoarmindomaia.com.br\/wp-content\/uploads\/2023\/02\/Prefeitura-de-Araxa-vai-reajustar-salarios-de-professores-pag-04-768x512.jpeg 768w, http:\/\/blogdoarmindomaia.com.br\/wp-content\/uploads\/2023\/02\/Prefeitura-de-Araxa-vai-reajustar-salarios-de-professores-pag-04-1536x1023.jpeg 1536w, http:\/\/blogdoarmindomaia.com.br\/wp-content\/uploads\/2023\/02\/Prefeitura-de-Araxa-vai-reajustar-salarios-de-professores-pag-04.jpeg 1600w\" sizes=\"auto, (max-width: 1024px) 100vw, 1024px\" \/><\/figure>\n\n\n\n<p>Valoriza\u00e7\u00e3o e investimento para a educa\u00e7\u00e3o. A Prefeitura de Arax\u00e1 vai alterar o piso salarial dos professores da Educa\u00e7\u00e3o B\u00e1sica da Rede P\u00fablica Municipal. O projeto de lei que autoriza a altera\u00e7\u00e3o foi aprovado pela C\u00e2mara Municipal nesta ter\u00e7a-feira (14) e ser\u00e1 sancionado pelo prefeito Robson Magela. O reajuste ser\u00e1 retroativo ao m\u00eas de janeiro e proporcional ao Piso Nacional da categoria, que \u00e9 de 14,95% para 2023.<br><br>O Piso Nacional \u00e9 o valor m\u00ednimo que deve ser pago aos professores do magist\u00e9rio p\u00fablico da Educa\u00e7\u00e3o B\u00e1sica, em in\u00edcio de carreira. A Lei 11.738 de 2008, que institui o piso, estabelece que os reajustes devem ocorrer a cada ano, em janeiro.<br><br>O prefeito Robson Magela destaca que o investimento na Educa\u00e7\u00e3o come\u00e7a na valoriza\u00e7\u00e3o dos professores. \u201cArax\u00e1 foi uma das poucas cidades que acompanhou o reajuste nacional em 2022 e este ano n\u00e3o ser\u00e1 diferente. Nosso compromisso \u00e9 valorizar e reconhecer a atua\u00e7\u00e3o profissional dos educadores, especialmente os da rede municipal. Uma not\u00edcia boa tamb\u00e9m \u00e9 que, se aprovado pelo Legislativo, o reajuste ser\u00e1 retroativo ao m\u00eas de janeiro\u201d, explica.<br><br>De acordo com a secret\u00e1ria municipal de Educa\u00e7\u00e3o, Zulma Moreira, a gest\u00e3o est\u00e1 investindo no desenvolvimento da Educa\u00e7\u00e3o. \u201cEsse trabalho de valoriza\u00e7\u00e3o come\u00e7ou com as reformas das escolas, mobili\u00e1rio novo, distribui\u00e7\u00e3o de materiais escolares para todos os alunos, compra de tablets e computadores, brinquedos para a educa\u00e7\u00e3o infantil, entre outros. A gest\u00e3o, mais uma vez, est\u00e1 se adequando ao piso salarial nacional, reafirmando o compromisso com a classe educacional. Os professores merecem esse reajuste salarial\u201d, destaca.<br><\/p>\n","protected":false},"excerpt":{"rendered":"<p>Valoriza\u00e7\u00e3o e investimento para a educa\u00e7\u00e3o. A Prefeitura de Arax\u00e1 vai alterar o piso salarial dos professores da Educa\u00e7\u00e3o B\u00e1sica<\/p>\n","protected":false},"author":2,"featured_media":4383,"comment_status":"open","ping_status":"open","sticky":false,"template":"","format":"standard","meta":{"footnotes":""},"categories":[9,11,13],"tags":[],"class_list":["post-4382","post","type-post","status-publish","format-standard","has-post-thumbnail","hentry","category-araxa","category-destaques","category-educacao"],"_links":{"self":[{"href":"http:\/\/blogdoarmindomaia.com.br\/index.php?rest_route=\/wp\/v2\/posts\/4382","targetHints":{"allow":["GET"]}}],"collection":[{"href":"http:\/\/blogdoarmindomaia.com.br\/index.php?rest_route=\/wp\/v2\/posts"}],"about":[{"href":"http:\/\/blogdoarmindomaia.com.br\/index.php?rest_route=\/wp\/v2\/types\/post"}],"author":[{"embeddable":true,"href":"http:\/\/blogdoarmindomaia.com.br\/index.php?rest_route=\/wp\/v2\/users\/2"}],"replies":[{"embeddable":true,"href":"http:\/\/blogdoarmindomaia.com.br\/index.php?rest_route=%2Fwp%2Fv2%2Fcomments&post=4382"}],"version-history":[{"count":1,"href":"http:\/\/blogdoarmindomaia.com.br\/index.php?rest_route=\/wp\/v2\/posts\/4382\/revisions"}],"predecessor-version":[{"id":4384,"href":"http:\/\/blogdoarmindomaia.com.br\/index.php?rest_route=\/wp\/v2\/posts\/4382\/revisions\/4384"}],"wp:featuredmedia":[{"embeddable":true,"href":"http:\/\/blogdoarmindomaia.com.br\/index.php?rest_route=\/wp\/v2\/media\/4383"}],"wp:attachment":[{"href":"http:\/\/blogdoarmindomaia.com.br\/index.php?rest_route=%2Fwp%2Fv2%2Fmedia&parent=4382"}],"wp:term":[{"taxonomy":"category","embeddable":true,"href":"http:\/\/blogdoarmindomaia.com.br\/index.php?rest_route=%2Fwp%2Fv2%2Fcategories&post=4382"},{"taxonomy":"post_tag","embeddable":true,"href":"http:\/\/blogdoarmindomaia.com.br\/index.php?rest_route=%2Fwp%2Fv2%2Ftags&post=4382"}],"curies":[{"name":"wp","href":"https:\/\/api.w.org\/{rel}","templated":true}]}}