{"id":4395,"date":"2023-02-16T14:43:29","date_gmt":"2023-02-16T17:43:29","guid":{"rendered":"http:\/\/blogdoarmindomaia.com.br\/?p=4395"},"modified":"2023-02-16T14:43:30","modified_gmt":"2023-02-16T17:43:30","slug":"como-o-csd-transformou-as-boas-vindas-de-inicio-de-ano-em-acao-continua","status":"publish","type":"post","link":"http:\/\/blogdoarmindomaia.com.br\/?p=4395","title":{"rendered":"<strong>Como o CSD transformou as boas-vindas de in\u00edcio de ano em a\u00e7\u00e3o cont\u00ednua?<\/strong>"},"content":{"rendered":"\n<figure class=\"wp-block-image size-full is-style-default\"><img loading=\"lazy\" decoding=\"async\" width=\"1024\" height=\"683\" src=\"http:\/\/blogdoarmindomaia.com.br\/wp-content\/uploads\/2023\/02\/Como-o-CSD-transformou-as-boas-vindas-pag-06.jpeg\" alt=\"\" class=\"wp-image-4396\" srcset=\"http:\/\/blogdoarmindomaia.com.br\/wp-content\/uploads\/2023\/02\/Como-o-CSD-transformou-as-boas-vindas-pag-06.jpeg 1024w, http:\/\/blogdoarmindomaia.com.br\/wp-content\/uploads\/2023\/02\/Como-o-CSD-transformou-as-boas-vindas-pag-06-300x200.jpeg 300w, http:\/\/blogdoarmindomaia.com.br\/wp-content\/uploads\/2023\/02\/Como-o-CSD-transformou-as-boas-vindas-pag-06-768x512.jpeg 768w\" sizes=\"auto, (max-width: 1024px) 100vw, 1024px\" \/><\/figure>\n\n\n\n<p>Acolher alunos, familiares e profissionais com alegria e entusiasmo \u00e9 uma caracter\u00edstica do Col\u00e9gio S\u00e3o Domingos e das demais escolas Anastasianas-Dominicanas.<\/p>\n\n\n\n<p>\u201cO Projeto Acolhida, tradi\u00e7\u00e3o que virou cultura da escola, \u00e9 desenvolvido durante todo o ano. Recepcionar alunos, familiares e profissionais; preparar cada ambiente de acordo com o tema; realizar per\u00edodo de adapta\u00e7\u00e3o de forma individualizada, de acordo com cada faixa et\u00e1ria; promover momentos de ora\u00e7\u00e3o e espiritualidade; cuidar dos estudantes e profissionais novatos e veteranos, formando parcerias em todos os momentos s\u00e3o algumas das a\u00e7\u00f5es realizadas constantemente no CSD, da Educa\u00e7\u00e3o Infantil ao Ensino M\u00e9dio. Em fevereiro e agosto, a Acolhida ganha um destaque maior por se tratar de um novo ano ou novo semestre\u201d, explica Ivone Bernini Campos, Coordenadora de Projetos do turno vespertino.<\/p>\n\n\n\n<p>\u201cAnualmente, a equipe CSD prop\u00f5e um tema para ser o fio condutor de todas as atividades. Em 2023, a \u2018Alegria como base para a Sustentabilidade Humana\u2019 ser\u00e1 abordada durante todas as etapas e, as especificidades, abordadas pelos professores e profissionais do CSD com muito cuidado, aten\u00e7\u00e3o, dedica\u00e7\u00e3o e compet\u00eancia. Neste ano, os alunos conheceram o jingle tem\u00e1tico do CSD e utilizaram uma plataforma 360\u00ba para fazer v\u00eddeos divertidos como recorda\u00e7\u00e3o da Volta \u00e0s Aulas\u201d, completa Wanilza Vieira, Coordenadora de Projetos do turno matutino.<\/p>\n\n\n\n<p>Os resultados s\u00e3o sempre surpreendentes. \u201cA alegria estampada no rosto dos alunos e os depoimentos carinhosos apontam que este \u00e9 o caminho ideal para que o aprendizado aconte\u00e7a de forma tranquila e significativa&#8221;, refor\u00e7am Ivone e Wanilza.<\/p>\n\n\n\n<p>Gabriela Porto Vieira Cunha, aluna do segundo ano do Ensino M\u00e9dio, rec\u00e9m-chegada \u00e0 escola, confirma a import\u00e2ncia dessa a\u00e7\u00e3o: \u201cAchei muito boa a acolhida que tive no CSD! Fui muito bem recebida pelos colegas de classe, professores e equipe. Estou aberta a novas amizades e muito estudo!\u201d, diz.<\/p>\n","protected":false},"excerpt":{"rendered":"<p>Acolher alunos, familiares e profissionais com alegria e entusiasmo \u00e9 uma caracter\u00edstica do Col\u00e9gio S\u00e3o Domingos e das demais escolas<\/p>\n","protected":false},"author":2,"featured_media":4396,"comment_status":"open","ping_status":"open","sticky":false,"template":"","format":"standard","meta":{"footnotes":""},"categories":[9,11,13],"tags":[],"class_list":["post-4395","post","type-post","status-publish","format-standard","has-post-thumbnail","hentry","category-araxa","category-destaques","category-educacao"],"_links":{"self":[{"href":"http:\/\/blogdoarmindomaia.com.br\/index.php?rest_route=\/wp\/v2\/posts\/4395","targetHints":{"allow":["GET"]}}],"collection":[{"href":"http:\/\/blogdoarmindomaia.com.br\/index.php?rest_route=\/wp\/v2\/posts"}],"about":[{"href":"http:\/\/blogdoarmindomaia.com.br\/index.php?rest_route=\/wp\/v2\/types\/post"}],"author":[{"embeddable":true,"href":"http:\/\/blogdoarmindomaia.com.br\/index.php?rest_route=\/wp\/v2\/users\/2"}],"replies":[{"embeddable":true,"href":"http:\/\/blogdoarmindomaia.com.br\/index.php?rest_route=%2Fwp%2Fv2%2Fcomments&post=4395"}],"version-history":[{"count":1,"href":"http:\/\/blogdoarmindomaia.com.br\/index.php?rest_route=\/wp\/v2\/posts\/4395\/revisions"}],"predecessor-version":[{"id":4397,"href":"http:\/\/blogdoarmindomaia.com.br\/index.php?rest_route=\/wp\/v2\/posts\/4395\/revisions\/4397"}],"wp:featuredmedia":[{"embeddable":true,"href":"http:\/\/blogdoarmindomaia.com.br\/index.php?rest_route=\/wp\/v2\/media\/4396"}],"wp:attachment":[{"href":"http:\/\/blogdoarmindomaia.com.br\/index.php?rest_route=%2Fwp%2Fv2%2Fmedia&parent=4395"}],"wp:term":[{"taxonomy":"category","embeddable":true,"href":"http:\/\/blogdoarmindomaia.com.br\/index.php?rest_route=%2Fwp%2Fv2%2Fcategories&post=4395"},{"taxonomy":"post_tag","embeddable":true,"href":"http:\/\/blogdoarmindomaia.com.br\/index.php?rest_route=%2Fwp%2Fv2%2Ftags&post=4395"}],"curies":[{"name":"wp","href":"https:\/\/api.w.org\/{rel}","templated":true}]}}