{"id":4403,"date":"2023-02-22T11:39:43","date_gmt":"2023-02-22T14:39:43","guid":{"rendered":"http:\/\/blogdoarmindomaia.com.br\/?p=4403"},"modified":"2023-02-22T11:39:44","modified_gmt":"2023-02-22T14:39:44","slug":"ingressos-para-a-queima-do-alho-do-ars-vao-ser-limitados-saiba-como-sera-a-venda","status":"publish","type":"post","link":"http:\/\/blogdoarmindomaia.com.br\/?p=4403","title":{"rendered":"<strong>Ingressos para a Queima do Alho do ARS v\u00e3o ser limitados; saiba como ser\u00e1 a venda<\/strong>"},"content":{"rendered":"\n<figure class=\"wp-block-image size-full is-style-default\"><img loading=\"lazy\" decoding=\"async\" width=\"1000\" height=\"667\" src=\"http:\/\/blogdoarmindomaia.com.br\/wp-content\/uploads\/2023\/02\/Ingressos-para-a-Queima-do-Alho-pag-06.jpg\" alt=\"\" class=\"wp-image-4404\" srcset=\"http:\/\/blogdoarmindomaia.com.br\/wp-content\/uploads\/2023\/02\/Ingressos-para-a-Queima-do-Alho-pag-06.jpg 1000w, http:\/\/blogdoarmindomaia.com.br\/wp-content\/uploads\/2023\/02\/Ingressos-para-a-Queima-do-Alho-pag-06-300x200.jpg 300w, http:\/\/blogdoarmindomaia.com.br\/wp-content\/uploads\/2023\/02\/Ingressos-para-a-Queima-do-Alho-pag-06-768x512.jpg 768w\" sizes=\"auto, (max-width: 1000px) 100vw, 1000px\" \/><\/figure>\n\n\n\n<figure class=\"wp-block-image size-full is-style-default\"><img loading=\"lazy\" decoding=\"async\" width=\"1000\" height=\"667\" src=\"http:\/\/blogdoarmindomaia.com.br\/wp-content\/uploads\/2023\/02\/queima_do_alho-14.jpg\" alt=\"\" class=\"wp-image-4405\" srcset=\"http:\/\/blogdoarmindomaia.com.br\/wp-content\/uploads\/2023\/02\/queima_do_alho-14.jpg 1000w, http:\/\/blogdoarmindomaia.com.br\/wp-content\/uploads\/2023\/02\/queima_do_alho-14-300x200.jpg 300w, http:\/\/blogdoarmindomaia.com.br\/wp-content\/uploads\/2023\/02\/queima_do_alho-14-768x512.jpg 768w\" sizes=\"auto, (max-width: 1000px) 100vw, 1000px\" \/><\/figure>\n\n\n\n<p>J\u00e1 \u00e9 uma tradi\u00e7\u00e3o. Quando a venda de ingressos para a Queima do Alho do Arax\u00e1 Rodeio Show se inicia, em poucos dias os bilhetes se esgotam. O maior evento do g\u00eanero na regi\u00e3o une solidariedade \u00e0 tradi\u00e7\u00e3o das comitivas que novamente v\u00e3o apresentar ao p\u00fablico o melhor da culin\u00e1ria r\u00fastica e saborosa das tropas de pe\u00f5es.<\/p>\n\n\n\n<p>O lote \u00fanico tem bilhetes limitados. As vendas come\u00e7am no pr\u00f3ximo dia 27 (segunda-feira) em v\u00e1rios pontos <strong>(veja abaixo)<\/strong>. O valor do ingresso \u00e9 de R$70. A arrecada\u00e7\u00e3o novamente beneficiar\u00e1 entidades de Arax\u00e1: Lar Ebenezer, Recanto do Idoso S\u00e3o Vicente de Paulo, Ampara, SOS, Equoterapia Prosseguir e Obras Sociais Jesus te Ama (Chic\u00e3o).<\/p>\n\n\n\n<p><strong>Tradi\u00e7\u00e3o<\/strong><\/p>\n\n\n\n<p>A Queima do Alho abre oficialmente as atividades do Arax\u00e1 Rodeio Show.&nbsp;No dia primeiro de abril, a partir das 11 horas, no Parque de Exposi\u00e7\u00f5es, a popula\u00e7\u00e3o poder\u00e1 viver momentos inesquec\u00edveis, com uma decora\u00e7\u00e3o especial, muita m\u00fasica e comida boa preparada por comitivas regionais.<\/p>\n\n\n\n<p>Uma novidade \u00e9 que neste ano o p\u00fablico vai poder votar no prato que mais gostou. O card\u00e1pio e as atra\u00e7\u00f5es musicais ser\u00e3o divulgados em breve.<\/p>\n\n\n\n<p><strong>Servi\u00e7o<\/strong><\/p>\n\n\n\n<p><strong><em>Queima do Alho 2023 \u2013 ARS<\/em><\/strong><\/p>\n\n\n\n<p><strong>Data:<\/strong> 1\u00ba de abril<\/p>\n\n\n\n<p><strong>Onde:<\/strong> Parque de Exposi\u00e7\u00f5es<\/p>\n\n\n\n<p><strong>Hor\u00e1rio:<\/strong> a partir de 11h<\/p>\n\n\n\n<p>Ingressos limitados<\/p>\n\n\n\n<p><strong>Valor:<\/strong> R$ 70<\/p>\n\n\n\n<p><strong>Onde comprar:<\/strong><\/p>\n\n\n\n<p><em>ARAX\u00c1<\/em><\/p>\n\n\n\n<p>\u27a1\ufe0f LOJAS ZEMA &#8211; Av. Get\u00falio Vargas, 120 &#8211; Centro e R. Pres. Oleg\u00e1rio Maciel, 284<\/p>\n\n\n\n<p>\u27a1\ufe0f NAS CINCO UNIDADES DA CURARE &#8211; Pra\u00e7a Governador Valadares, na Vila Fertiza, no Urciano Lemos, no Posto Deck e no Arax\u00e1 Center Shopping<\/p>\n\n\n\n<p>\u27a1\ufe0fESTILO MODA COUNTRY &#8211; R. Pres. Oleg\u00e1rio Maciel, 1070 A<\/p>\n\n\n\n<p>\u27a1\ufe0fLA ROPA HOMEM &#8211; R. Calim\u00e9rio Guimar\u00e3es, 524<\/p>\n\n\n\n<p>\u27a1\ufe0fLINKS CAL\u00c7ADOS &#8211; R. Oleg\u00e1rio Maciel, 120&nbsp;&nbsp;<\/p>\n\n\n\n<p>\u27a1\ufe0fBELLE ALENCAR &#8211; Av. Vereador Jo\u00e3o Sena, 103<\/p>\n\n\n\n<p><em>IBI\u00c1<\/em><\/p>\n\n\n\n<p>\u27a1\ufe0fLOJA ZEMA &#8211; Pra\u00e7a Santa Cruz, 06<\/p>\n\n\n\n<p>\u27a1\ufe0fFRANCISCO JUNIOR &#8211; Rua 25, 42 &#8211; CENTRO<\/p>\n\n\n\n<p><em>PRATINHA &#8211; CAMPOS ALTOS &#8211; SACRAMENTO &#8211; TAPIRA- PERDIZES &#8211; SANTA JULIANA &#8211; SERRA DO SALITRE<\/em><\/p>\n\n\n\n<p>\u27a1\ufe0f Lojas Zema<\/p>\n\n\n\n<p>Vendas online pelo site e app: Quero 2 Ingressos.<strong><\/strong><\/p>\n","protected":false},"excerpt":{"rendered":"<p>J\u00e1 \u00e9 uma tradi\u00e7\u00e3o. Quando a venda de ingressos para a Queima do Alho do Arax\u00e1 Rodeio Show se inicia,<\/p>\n","protected":false},"author":2,"featured_media":4405,"comment_status":"open","ping_status":"open","sticky":false,"template":"","format":"standard","meta":{"footnotes":""},"categories":[9,11],"tags":[],"class_list":["post-4403","post","type-post","status-publish","format-standard","has-post-thumbnail","hentry","category-araxa","category-destaques"],"_links":{"self":[{"href":"http:\/\/blogdoarmindomaia.com.br\/index.php?rest_route=\/wp\/v2\/posts\/4403","targetHints":{"allow":["GET"]}}],"collection":[{"href":"http:\/\/blogdoarmindomaia.com.br\/index.php?rest_route=\/wp\/v2\/posts"}],"about":[{"href":"http:\/\/blogdoarmindomaia.com.br\/index.php?rest_route=\/wp\/v2\/types\/post"}],"author":[{"embeddable":true,"href":"http:\/\/blogdoarmindomaia.com.br\/index.php?rest_route=\/wp\/v2\/users\/2"}],"replies":[{"embeddable":true,"href":"http:\/\/blogdoarmindomaia.com.br\/index.php?rest_route=%2Fwp%2Fv2%2Fcomments&post=4403"}],"version-history":[{"count":1,"href":"http:\/\/blogdoarmindomaia.com.br\/index.php?rest_route=\/wp\/v2\/posts\/4403\/revisions"}],"predecessor-version":[{"id":4406,"href":"http:\/\/blogdoarmindomaia.com.br\/index.php?rest_route=\/wp\/v2\/posts\/4403\/revisions\/4406"}],"wp:featuredmedia":[{"embeddable":true,"href":"http:\/\/blogdoarmindomaia.com.br\/index.php?rest_route=\/wp\/v2\/media\/4405"}],"wp:attachment":[{"href":"http:\/\/blogdoarmindomaia.com.br\/index.php?rest_route=%2Fwp%2Fv2%2Fmedia&parent=4403"}],"wp:term":[{"taxonomy":"category","embeddable":true,"href":"http:\/\/blogdoarmindomaia.com.br\/index.php?rest_route=%2Fwp%2Fv2%2Fcategories&post=4403"},{"taxonomy":"post_tag","embeddable":true,"href":"http:\/\/blogdoarmindomaia.com.br\/index.php?rest_route=%2Fwp%2Fv2%2Ftags&post=4403"}],"curies":[{"name":"wp","href":"https:\/\/api.w.org\/{rel}","templated":true}]}}