{"id":441,"date":"2022-04-21T19:36:03","date_gmt":"2022-04-21T22:36:03","guid":{"rendered":"http:\/\/blogdoarmindomaia.com.br\/?p=441"},"modified":"2022-04-21T19:36:05","modified_gmt":"2022-04-21T22:36:05","slug":"prefeitura-atende-moradores-do-parque-das-flores-com-reforma-do-ginasio-poliesportivo","status":"publish","type":"post","link":"http:\/\/blogdoarmindomaia.com.br\/?p=441","title":{"rendered":"Prefeitura atende moradores do Parque das Flores com reforma do gin\u00e1sio poliesportivo"},"content":{"rendered":"\n<figure class=\"wp-block-image size-full is-style-default\"><img loading=\"lazy\" decoding=\"async\" width=\"1024\" height=\"683\" src=\"http:\/\/blogdoarmindomaia.com.br\/wp-content\/uploads\/2022\/04\/ginasio-pf-5.jpeg\" alt=\"\" class=\"wp-image-443\" srcset=\"http:\/\/blogdoarmindomaia.com.br\/wp-content\/uploads\/2022\/04\/ginasio-pf-5.jpeg 1024w, http:\/\/blogdoarmindomaia.com.br\/wp-content\/uploads\/2022\/04\/ginasio-pf-5-300x200.jpeg 300w, http:\/\/blogdoarmindomaia.com.br\/wp-content\/uploads\/2022\/04\/ginasio-pf-5-768x512.jpeg 768w\" sizes=\"auto, (max-width: 1024px) 100vw, 1024px\" \/><\/figure>\n\n\n\n<figure class=\"wp-block-image size-full is-style-default\"><img loading=\"lazy\" decoding=\"async\" width=\"1024\" height=\"683\" src=\"http:\/\/blogdoarmindomaia.com.br\/wp-content\/uploads\/2022\/04\/ginasio-pf-4.jpeg\" alt=\"\" class=\"wp-image-442\" srcset=\"http:\/\/blogdoarmindomaia.com.br\/wp-content\/uploads\/2022\/04\/ginasio-pf-4.jpeg 1024w, http:\/\/blogdoarmindomaia.com.br\/wp-content\/uploads\/2022\/04\/ginasio-pf-4-300x200.jpeg 300w, http:\/\/blogdoarmindomaia.com.br\/wp-content\/uploads\/2022\/04\/ginasio-pf-4-768x512.jpeg 768w\" sizes=\"auto, (max-width: 1024px) 100vw, 1024px\" \/><\/figure>\n\n\n\n<p>Esporte, cultura, lazer e melhor qualidade de vida. Uma antiga demanda de moradores do Parque das Flores est\u00e1 ganhando vida no bairro. Ap\u00f3s anos de abandono, o Gin\u00e1sio Poliesportivo Jos\u00e9 Cust\u00f3dio de Rezende est\u00e1 sendo reformado. O local ser\u00e1 revitalizado nos espa\u00e7os internos e externos e a obra tem previs\u00e3o para ser entregue no in\u00edcio do segundo semestre.<\/p>\n\n\n\n<p>A obra inclui readequa\u00e7\u00f5es de ambientes, reforma de sanit\u00e1rios e vesti\u00e1rios, pintura geral, troca de pisos e do port\u00e3o, instala\u00e7\u00e3o de equipamentos de gin\u00e1stica e brinquedos, al\u00e9m de reparos na parte el\u00e9trica e hidr\u00e1ulica. Outra mudan\u00e7a \u00e9 o alambrado que ser\u00e1 substitu\u00eddo por gradis.<\/p>\n\n\n\n<p>O secret\u00e1rio municipal de Esportes, Jos\u00e9 Antunes Soares J\u00fanior (Ded\u00e9), ressalta que o projeto do Munic\u00edpio \u00e9 recuperar todos os espa\u00e7os p\u00fablicos esportivos. \u201cTemos exemplos do gin\u00e1sio do Parque das Flores, do Barret\u00e3o, no bairro Boa Vista, e do Complexo Esportivo Nadyr Barcellos (Buracan\u00e3), no bairro Fertiza. O Buracan\u00e3, por exemplo, est\u00e1 desativado h\u00e1 mais de 10 anos. N\u00f3s queremos esses espa\u00e7os voltados para a atividade esportiva e tamb\u00e9m para atender as necessidades da comunidade, atendendo todas as idades\u201d, destaca o secret\u00e1rio.<\/p>\n\n\n\n<p>De acordo com o prefeito Robson Magela, a recupera\u00e7\u00e3o das pra\u00e7as esportivas \u00e9 uma das prioridades da Secretaria Municipal de Esportes. \u201cEstamos priorizando, neste primeiro momento, os espa\u00e7os que estavam h\u00e1 mais tempo sem condi\u00e7\u00f5es de uso. O gin\u00e1sio do Parque das Flores, por exemplo, estava em estado de abandono, com mato alto e estrutura completamente danificada. Al\u00e9m de inviabilizar qualquer atividade no local, a situa\u00e7\u00e3o do gin\u00e1sio causava inseguran\u00e7a para os moradores do bairro. Ano passado fizemos uma reuni\u00e3o com a popula\u00e7\u00e3o do bairro e a reforma no gin\u00e1sio era o principal anseio. Em breve, vamos entregar esse espa\u00e7o p\u00fablico para os moradores\u201d, ressalta o prefeito.<\/p>\n","protected":false},"excerpt":{"rendered":"<p>Esporte, cultura, lazer e melhor qualidade de vida. Uma antiga demanda de moradores do Parque das Flores est\u00e1 ganhando vida<\/p>\n","protected":false},"author":2,"featured_media":443,"comment_status":"open","ping_status":"open","sticky":false,"template":"","format":"standard","meta":{"footnotes":""},"categories":[15],"tags":[],"class_list":["post-441","post","type-post","status-publish","format-standard","has-post-thumbnail","hentry","category-esportes"],"_links":{"self":[{"href":"http:\/\/blogdoarmindomaia.com.br\/index.php?rest_route=\/wp\/v2\/posts\/441","targetHints":{"allow":["GET"]}}],"collection":[{"href":"http:\/\/blogdoarmindomaia.com.br\/index.php?rest_route=\/wp\/v2\/posts"}],"about":[{"href":"http:\/\/blogdoarmindomaia.com.br\/index.php?rest_route=\/wp\/v2\/types\/post"}],"author":[{"embeddable":true,"href":"http:\/\/blogdoarmindomaia.com.br\/index.php?rest_route=\/wp\/v2\/users\/2"}],"replies":[{"embeddable":true,"href":"http:\/\/blogdoarmindomaia.com.br\/index.php?rest_route=%2Fwp%2Fv2%2Fcomments&post=441"}],"version-history":[{"count":1,"href":"http:\/\/blogdoarmindomaia.com.br\/index.php?rest_route=\/wp\/v2\/posts\/441\/revisions"}],"predecessor-version":[{"id":444,"href":"http:\/\/blogdoarmindomaia.com.br\/index.php?rest_route=\/wp\/v2\/posts\/441\/revisions\/444"}],"wp:featuredmedia":[{"embeddable":true,"href":"http:\/\/blogdoarmindomaia.com.br\/index.php?rest_route=\/wp\/v2\/media\/443"}],"wp:attachment":[{"href":"http:\/\/blogdoarmindomaia.com.br\/index.php?rest_route=%2Fwp%2Fv2%2Fmedia&parent=441"}],"wp:term":[{"taxonomy":"category","embeddable":true,"href":"http:\/\/blogdoarmindomaia.com.br\/index.php?rest_route=%2Fwp%2Fv2%2Fcategories&post=441"},{"taxonomy":"post_tag","embeddable":true,"href":"http:\/\/blogdoarmindomaia.com.br\/index.php?rest_route=%2Fwp%2Fv2%2Ftags&post=441"}],"curies":[{"name":"wp","href":"https:\/\/api.w.org\/{rel}","templated":true}]}}