{"id":4413,"date":"2023-02-23T11:40:43","date_gmt":"2023-02-23T14:40:43","guid":{"rendered":"http:\/\/blogdoarmindomaia.com.br\/?p=4413"},"modified":"2023-02-23T11:40:46","modified_gmt":"2023-02-23T14:40:46","slug":"centro-cultural-uniaraxa-sera-entregue-para-a-comunidade-de-araxa-e-regiao","status":"publish","type":"post","link":"http:\/\/blogdoarmindomaia.com.br\/?p=4413","title":{"rendered":"<strong>Centro Cultural UNIARAX\u00c1 ser\u00e1 entregue para a \u00a0\u00a0\u00a0\u00a0\u00a0\u00a0comunidade de Arax\u00e1 e regi\u00e3o<\/strong>"},"content":{"rendered":"\n<figure class=\"wp-block-image size-large is-style-default\"><img loading=\"lazy\" decoding=\"async\" width=\"1024\" height=\"576\" src=\"http:\/\/blogdoarmindomaia.com.br\/wp-content\/uploads\/2023\/02\/Centro-Cultural-UNIARAXA-sera-entregue-para-a-comunidade-pag-07-1024x576.jpeg\" alt=\"\" class=\"wp-image-4414\" srcset=\"http:\/\/blogdoarmindomaia.com.br\/wp-content\/uploads\/2023\/02\/Centro-Cultural-UNIARAXA-sera-entregue-para-a-comunidade-pag-07-1024x576.jpeg 1024w, http:\/\/blogdoarmindomaia.com.br\/wp-content\/uploads\/2023\/02\/Centro-Cultural-UNIARAXA-sera-entregue-para-a-comunidade-pag-07-300x169.jpeg 300w, http:\/\/blogdoarmindomaia.com.br\/wp-content\/uploads\/2023\/02\/Centro-Cultural-UNIARAXA-sera-entregue-para-a-comunidade-pag-07-768x432.jpeg 768w, http:\/\/blogdoarmindomaia.com.br\/wp-content\/uploads\/2023\/02\/Centro-Cultural-UNIARAXA-sera-entregue-para-a-comunidade-pag-07-1536x864.jpeg 1536w, http:\/\/blogdoarmindomaia.com.br\/wp-content\/uploads\/2023\/02\/Centro-Cultural-UNIARAXA-sera-entregue-para-a-comunidade-pag-07.jpeg 1600w\" sizes=\"auto, (max-width: 1024px) 100vw, 1024px\" \/><\/figure>\n\n\n\n<figure class=\"wp-block-image size-large is-style-default\"><img loading=\"lazy\" decoding=\"async\" width=\"1024\" height=\"498\" src=\"http:\/\/blogdoarmindomaia.com.br\/wp-content\/uploads\/2023\/02\/Centro-Cultural-Uniaraxa-1-1024x498.jpeg\" alt=\"\" class=\"wp-image-4415\" srcset=\"http:\/\/blogdoarmindomaia.com.br\/wp-content\/uploads\/2023\/02\/Centro-Cultural-Uniaraxa-1-1024x498.jpeg 1024w, http:\/\/blogdoarmindomaia.com.br\/wp-content\/uploads\/2023\/02\/Centro-Cultural-Uniaraxa-1-300x146.jpeg 300w, http:\/\/blogdoarmindomaia.com.br\/wp-content\/uploads\/2023\/02\/Centro-Cultural-Uniaraxa-1-768x373.jpeg 768w, http:\/\/blogdoarmindomaia.com.br\/wp-content\/uploads\/2023\/02\/Centro-Cultural-Uniaraxa-1.jpeg 1280w\" sizes=\"auto, (max-width: 1024px) 100vw, 1024px\" \/><\/figure>\n\n\n\n<figure class=\"wp-block-image size-large is-style-default\"><img loading=\"lazy\" decoding=\"async\" width=\"1024\" height=\"786\" src=\"http:\/\/blogdoarmindomaia.com.br\/wp-content\/uploads\/2023\/02\/Espetaculo-Illusion-Experience-Foto-Divulgacao-3-1024x786.jpeg\" alt=\"\" class=\"wp-image-4416\" srcset=\"http:\/\/blogdoarmindomaia.com.br\/wp-content\/uploads\/2023\/02\/Espetaculo-Illusion-Experience-Foto-Divulgacao-3-1024x786.jpeg 1024w, http:\/\/blogdoarmindomaia.com.br\/wp-content\/uploads\/2023\/02\/Espetaculo-Illusion-Experience-Foto-Divulgacao-3-300x230.jpeg 300w, http:\/\/blogdoarmindomaia.com.br\/wp-content\/uploads\/2023\/02\/Espetaculo-Illusion-Experience-Foto-Divulgacao-3-768x589.jpeg 768w, http:\/\/blogdoarmindomaia.com.br\/wp-content\/uploads\/2023\/02\/Espetaculo-Illusion-Experience-Foto-Divulgacao-3.jpeg 1280w\" sizes=\"auto, (max-width: 1024px) 100vw, 1024px\" \/><\/figure>\n\n\n\n<p>No pr\u00f3ximo dia 1\u00ba de mar\u00e7o, ser\u00e3o abertas as portas do Centro Cultural UNIARAX\u00c1, espa\u00e7o destinado \u00e0 realiza\u00e7\u00e3o de eventos art\u00edsticos e atra\u00e7\u00f5es culturais e educativas para a comunidade de Arax\u00e1 e regi\u00e3o. O complexo, de 6 mil metros de \u00e1rea constru\u00edda, possui um teatro com capacidade para 632 pessoas e uma biblioteca com um acervo de mais de 50 mil livros. As obras do Centro Cultural foram conclu\u00eddas em dezembro de 2022, conforme previsto em projeto aprovado pelo Pronac e viabilizado por meio da Lei de Incentivo \u00e0 Cultura, com o apoio da CBMM, empresa araxaense especializada em tecnologia de Ni\u00f3bio.<\/p>\n\n\n\n<p>A inaugura\u00e7\u00e3o do Centro Cultural UNIARAX\u00c1 ser\u00e1 realizada em cerim\u00f4nia solene, fechada para institui\u00e7\u00f5es, empresas, autoridades e imprensa. Nos dias 3 e 4 de mar\u00e7o, o espa\u00e7o ser\u00e1 oficialmente aberto ao p\u00fablico com o espet\u00e1culo \u201c<em>Ilusion Experience\u201d, <\/em>dos ilusionistas Henry e Klaus. Na sexta-feira (3), mil crian\u00e7as das escolas p\u00fablicas de Arax\u00e1 assistir\u00e3o \u00e0 apresenta\u00e7\u00e3o, e no s\u00e1bado (4), o show ser\u00e1 aberto para a comunidade, com apresenta\u00e7\u00f5es \u00e0s 17h e \u00e0s 20h. &nbsp;<\/p>\n\n\n\n<p>O professor Jos\u00e9 Oscar de Melo, reitor do UNIARAX\u00c1, comenta que o Centro Cultural \u00e9 a concretiza\u00e7\u00e3o de um sonho para toda a comunidade acad\u00eamica do centro universit\u00e1rio, inaugurando um novo tempo para Arax\u00e1 e regi\u00e3o. \u201cEstamos muito felizes com a finaliza\u00e7\u00e3o do projeto e o in\u00edcio das atividades culturais, que marcar\u00e3o a nossa hist\u00f3ria e da nossa cidade. Nossa pretens\u00e3o \u00e9 transform\u00e1-lo em um centro de excel\u00eancia para as artes, beneficiando&nbsp;a comunidade regional com um espa\u00e7o de conhecimento ligado a educa\u00e7\u00e3o, arte e cultura, destinado a receber produ\u00e7\u00f5es culturais locais, regionais, nacionais, qui\u00e7\u00e1 internacionais, com inclus\u00e3o e acessibilidade; um projeto arrojado, comparado a grandes teatros das capitais do Brasil e que, hoje, integra as comemora\u00e7\u00f5es dos 50 anos de cria\u00e7\u00e3o desta institui\u00e7\u00e3o de ensino.\u201d<\/p>\n\n\n\n<p>O calend\u00e1rio de eventos abertos ao p\u00fablico ser\u00e1 divulgado no site do UNIARAX\u00c1, em espa\u00e7o dedicado. O complexo \u00e9 100% alinhado \u00e0s normas de acessibilidade e seguran\u00e7a para oferecer conforto e tranquilidade para todos os p\u00fablicos. Para Rog\u00e9rio Contato Guimar\u00e3es, diretor industrial da CBMM, o Centro Cultural UNIARAX\u00c1 ser\u00e1 mais uma op\u00e7\u00e3o para promo\u00e7\u00e3o de Educa\u00e7\u00e3o e Cultura. \u201cA CBMM e o UNIARAX\u00c1 compartilham os compromissos de contribui\u00e7\u00e3o para o desenvolvimento da comunidade de Arax\u00e1. Esperamos que o espa\u00e7o proporcione transforma\u00e7\u00e3o real na comunidade.&#8221;<\/p>\n\n\n\n<p>Com arquitetura imponente e paredes inclinadas, inspiradas nos pared\u00f5es da Serra da Canastra, o Centro Cultural est\u00e1 localizado ao lado do campus universit\u00e1rio, no bairro S\u00e3o Geraldo, setor oeste de Arax\u00e1, e tem entrada pela avenida Ministro Olavo Drummond.<\/p>\n\n\n\n<p>\u201cAcreditamos que o Centro Cultural do UNIARAX\u00c1 ser\u00e1 mais um Equipamento Cultural diferencial e refinado, capaz de promover esta constante transforma\u00e7\u00e3o. Neste espa\u00e7o crian\u00e7as, adolescentes e toda a comunidade araxaense ter\u00e3o contato com a educa\u00e7\u00e3o, a arte e a cultura de forma permanente, e principalmente, diferenciada e de qualidade, com pluralidade e acessibilidade de forma democr\u00e1tica as diversas manifesta\u00e7\u00f5es, contribuindo assim nas diversas formas de pensar, agir, entender&nbsp; e compreender o novo mundo por meio da arte, da cultura e educa\u00e7\u00e3o\u201d, comenta Fabr\u00edcio Borges, presidente da Funda\u00e7\u00e3o Cultural de Arax\u00e1 e Pr\u00f3-reitor de Ensino, Pesquisa e Extens\u00e3o do UNIARAX\u00c1.<\/p>\n\n\n\n<p><strong>Teatro<\/strong><\/p>\n\n\n\n<p>Moderno, em estilo italiano, com capacidade para 632 pessoas, tem estrutura din\u00e2mica e flex\u00edvel, que, aliada a modernos equipamentos, torna poss\u00edvel a realiza\u00e7\u00e3o de variados tipos de espet\u00e1culos e eventos. O palco, em madeira, tem 25 metros de largura e 14 metros de profundidade. Para dar suporte aos artistas, s\u00e3o dois camarins coletivos no primeiro piso e dois individuais no n\u00edvel do palco, todos com banheiro e chuveiro.<\/p>\n\n\n\n<p><strong>Biblioteca<\/strong><\/p>\n\n\n\n<p>Centro de converg\u00eancia com op\u00e7\u00f5es para todas as gera\u00e7\u00f5es, composto por dois pavimentos com capacidade para 550 pessoas, com sala multiuso, brinquedoteca, \u00e1rea de estudo, acesso a computadores e um acervo atual de mais de 50 mil livros, que ser\u00e1 enriquecido com a inclus\u00e3o da Biblioteca Municipal Jo\u00e3o Rios Montandon. A biblioteca tem como patrono Atanagildo Cortes, jornalista que fez hist\u00f3ria e deu importantes contribui\u00e7\u00f5es para a cultura local. O mesmo pr\u00e9dio abrigar\u00e1 ainda a sede da Academia Araxaense de Letras, tornando-se fonte geradora de conhecimento, cultura e entretenimento.<\/p>\n\n\n\n<p><strong>Retirada dos ingressos para o espet\u00e1culo de s\u00e1bado (4)<\/strong><\/p>\n\n\n\n<p><strong>Dias<\/strong> <strong>23, 24<\/strong> e <strong>28\/02<\/strong> \u2013 das 11h \u00e0s 13h e das 17h \u00e0s 19h&nbsp;&nbsp;&nbsp;&nbsp;&nbsp;&nbsp;&nbsp;&nbsp;&nbsp;&nbsp;&nbsp;&nbsp;&nbsp;&nbsp;&nbsp;&nbsp;&nbsp;&nbsp;&nbsp;&nbsp;&nbsp;&nbsp;&nbsp;&nbsp;&nbsp;&nbsp;&nbsp;&nbsp;&nbsp;&nbsp;&nbsp;&nbsp;&nbsp;&nbsp;&nbsp;&nbsp;&nbsp;&nbsp;&nbsp;&nbsp;&nbsp;&nbsp;&nbsp;&nbsp;&nbsp;&nbsp;&nbsp;&nbsp;&nbsp;&nbsp;&nbsp;&nbsp;&nbsp;&nbsp;&nbsp;&nbsp;&nbsp;&nbsp;&nbsp;&nbsp;&nbsp;&nbsp;&nbsp;&nbsp;&nbsp;&nbsp; <strong>27\/02<\/strong> \u2013 das 11h \u00e0s 13h<\/p>\n\n\n\n<p><strong>Local &#8211; <\/strong>Centro Cultural UNIARAX\u00c1<br>Avenida Ministro Olavo Drummond, n\u00b0 15, bairro S\u00e3o Geraldo<\/p>\n\n\n\n<p><strong>Limite de convites por CPF:<\/strong> 2 unidades<\/p>\n\n\n\n<p><strong>Obs.: <\/strong>Quem quiser poder\u00e1 trocar o ingresso por um quilo de alimento n\u00e3o perec\u00edvel, que ser\u00e1 doado a entidades da cidade.<\/p>\n\n\n\n<p><strong>Sobre o espet\u00e1culo \u201c<\/strong><strong><em>Ilusion Experience\u201d<\/em><\/strong><\/p>\n\n\n\n<p>Com intera\u00e7\u00f5es digitais e grandes ilus\u00f5es, o espet\u00e1culo far\u00e1 o p\u00fablico se render \u00e0 divers\u00e3o e se surpreender com sentimentos \u00fanicos por meio do ilusionismo e de efeitos interativos.Com mais de 15 anos de carreira, os brasileiros Henry e Klauss v\u00eam surpreendendo o mundo com seus impressionantes n\u00fameros de ilusionismo. Com shows em todo o Brasil, \u201c<em>Ilusion Experience<\/em>\u201d chega a Arax\u00e1 para proporcionar uma experi\u00eancia \u00fanica para o p\u00fablico no Centro Cultural Uniarax\u00e1, no Teatro CBMM. A dupla, que ficou famosa devido ao quadro no Fant\u00e1stico (TV Globo), promete grandes emo\u00e7\u00f5es, interatividade com a plateia, m\u00e1gicas utilizando tecnologia e muita inova\u00e7\u00e3o para levar o melhor do ilusionismo para o p\u00fablico.&nbsp;Colecionando pr\u00eamios nacionais e internacionais, Henry e Klauss tamb\u00e9m s\u00e3o recordistas mundiais ap\u00f3s ficarem 4 horas levitando em um dos pontos mais movimentados do mundo: a Avenida Paulista, em S\u00e3o Paulo. Os artistas s\u00e3o mestres em desafiar o imposs\u00edvel de forma inteligente e tecnol\u00f3gica, com estilo moderno, diferente da imagem cl\u00e1ssica e tradicional do m\u00e1gico. Eles j\u00e1 se apresentaram em mais de 20 pa\u00edses e impactaram mais de 2,5 milh\u00f5es de pessoas por meio da sua arte.<\/p>\n\n\n\n<p><strong>Sobre a CBMM<\/strong><\/p>\n\n\n\n<p>L\u00edder mundial na produ\u00e7\u00e3o e comercializa\u00e7\u00e3o de produtos de Ni\u00f3bio, a CBMM possui mais de 400 clientes, em 50 pa\u00edses. Sediada no Brasil, com escrit\u00f3rios e subsidi\u00e1rias na China, Pa\u00edses Baixos, Singapura, Su\u00ed\u00e7a e Estados Unidos, a companhia fornece produtos e tecnologia de ponta aos setores de infraestrutura, mobilidade, aeroespacial, sa\u00fade e energia. Em 2019, investiu na 2DM, empresa dedicada ao Grafeno e, em 2021, nas startups Echion e Battery Streak. Os investimentos visam novos desenvolvimentos em materiais para baterias de \u00edons de l\u00edtio. Desde a sua funda\u00e7\u00e3o, a CBMM desenvolve projetos no Brasil e em diversos pa\u00edses do mundo para fomentar a ado\u00e7\u00e3o de materiais avan\u00e7ados com Ni\u00f3bio por diversas ind\u00fastrias. Para mais informa\u00e7\u00f5es, visite o <a href=\"https:\/\/cbmm.com\/pt\/Media-Center\">media center<\/a>.<\/p>\n\n\n\n<p><strong>Informa\u00e7\u00f5es \u00e0 imprensa<\/strong><\/p>\n\n\n\n<p>Comunica\u00e7\u00e3o local &#8211; CBMM<\/p>\n\n\n\n<p>Thiago Felix \u2013 <a href=\"mailto:thiago.felix@cbmm.com\">thiago.felix@cbmm.com<\/a><\/p>\n\n\n\n<p><strong>Informa\u00e7\u00f5es \u00e0 imprensa<\/strong><\/p>\n\n\n\n<p>Comunica\u00e7\u00e3o Regional &#8211;<strong> <\/strong>Rede Comunica\u00e7\u00e3o de Resultado Marina Lima \u2013 (31) 97177.3351 \u2013 <a href=\"mailto:marina.lima@redecomunicacao.com\">marina.lima@redecomunicacao.com<\/a><\/p>\n","protected":false},"excerpt":{"rendered":"<p>No pr\u00f3ximo dia 1\u00ba de mar\u00e7o, ser\u00e3o abertas as portas do Centro Cultural UNIARAX\u00c1, espa\u00e7o destinado \u00e0 realiza\u00e7\u00e3o de eventos<\/p>\n","protected":false},"author":2,"featured_media":4414,"comment_status":"open","ping_status":"open","sticky":false,"template":"","format":"standard","meta":{"footnotes":""},"categories":[9,11],"tags":[],"class_list":["post-4413","post","type-post","status-publish","format-standard","has-post-thumbnail","hentry","category-araxa","category-destaques"],"_links":{"self":[{"href":"http:\/\/blogdoarmindomaia.com.br\/index.php?rest_route=\/wp\/v2\/posts\/4413","targetHints":{"allow":["GET"]}}],"collection":[{"href":"http:\/\/blogdoarmindomaia.com.br\/index.php?rest_route=\/wp\/v2\/posts"}],"about":[{"href":"http:\/\/blogdoarmindomaia.com.br\/index.php?rest_route=\/wp\/v2\/types\/post"}],"author":[{"embeddable":true,"href":"http:\/\/blogdoarmindomaia.com.br\/index.php?rest_route=\/wp\/v2\/users\/2"}],"replies":[{"embeddable":true,"href":"http:\/\/blogdoarmindomaia.com.br\/index.php?rest_route=%2Fwp%2Fv2%2Fcomments&post=4413"}],"version-history":[{"count":1,"href":"http:\/\/blogdoarmindomaia.com.br\/index.php?rest_route=\/wp\/v2\/posts\/4413\/revisions"}],"predecessor-version":[{"id":4417,"href":"http:\/\/blogdoarmindomaia.com.br\/index.php?rest_route=\/wp\/v2\/posts\/4413\/revisions\/4417"}],"wp:featuredmedia":[{"embeddable":true,"href":"http:\/\/blogdoarmindomaia.com.br\/index.php?rest_route=\/wp\/v2\/media\/4414"}],"wp:attachment":[{"href":"http:\/\/blogdoarmindomaia.com.br\/index.php?rest_route=%2Fwp%2Fv2%2Fmedia&parent=4413"}],"wp:term":[{"taxonomy":"category","embeddable":true,"href":"http:\/\/blogdoarmindomaia.com.br\/index.php?rest_route=%2Fwp%2Fv2%2Fcategories&post=4413"},{"taxonomy":"post_tag","embeddable":true,"href":"http:\/\/blogdoarmindomaia.com.br\/index.php?rest_route=%2Fwp%2Fv2%2Ftags&post=4413"}],"curies":[{"name":"wp","href":"https:\/\/api.w.org\/{rel}","templated":true}]}}