{"id":4418,"date":"2023-02-23T11:46:48","date_gmt":"2023-02-23T14:46:48","guid":{"rendered":"http:\/\/blogdoarmindomaia.com.br\/?p=4418"},"modified":"2023-02-23T11:46:50","modified_gmt":"2023-02-23T14:46:50","slug":"araxa-realiza-segunda-audiencia-publica-de-para-revisao-do-plano-diretor-estrategico","status":"publish","type":"post","link":"http:\/\/blogdoarmindomaia.com.br\/?p=4418","title":{"rendered":"Arax\u00e1 realiza segunda audi\u00eancia p\u00fablica de para revis\u00e3o do Plano Diretor Estrat\u00e9gico"},"content":{"rendered":"\n<figure class=\"wp-block-image size-full is-style-default\"><img loading=\"lazy\" decoding=\"async\" width=\"1024\" height=\"683\" src=\"http:\/\/blogdoarmindomaia.com.br\/wp-content\/uploads\/2023\/02\/Araxa-realiza-segunda-audiencia-publica-pag-08.jpeg\" alt=\"\" class=\"wp-image-4419\" srcset=\"http:\/\/blogdoarmindomaia.com.br\/wp-content\/uploads\/2023\/02\/Araxa-realiza-segunda-audiencia-publica-pag-08.jpeg 1024w, http:\/\/blogdoarmindomaia.com.br\/wp-content\/uploads\/2023\/02\/Araxa-realiza-segunda-audiencia-publica-pag-08-300x200.jpeg 300w, http:\/\/blogdoarmindomaia.com.br\/wp-content\/uploads\/2023\/02\/Araxa-realiza-segunda-audiencia-publica-pag-08-768x512.jpeg 768w\" sizes=\"auto, (max-width: 1024px) 100vw, 1024px\" \/><\/figure>\n\n\n\n<p>A 2\u00aa Audi\u00eancia P\u00fablica para a Revis\u00e3o do Plano Diretor Estrat\u00e9gico de Arax\u00e1 foi realizada na noite do dia 15, no Clube Arax\u00e1, e contou com a presen\u00e7a da popula\u00e7\u00e3o e de representantes de segmentos organizados. Os principais temas pontuados foram a mobilidade urbana, infraestrutura, meio ambiente e atualiza\u00e7\u00e3o da legisla\u00e7\u00e3o em atendimento \u00e0s atuais necessidades do Munic\u00edpio.<br><br>Na ocasi\u00e3o, foram abordadas pela equipe t\u00e9cnica, formada pelo Instituto de Planejamento e Desenvolvimento Sustent\u00e1vel de Arax\u00e1 (IPDSA) e a empresa licitada para realizar a revis\u00e3o, a DRZ Geotecnologia e Consultoria, as atividades consistentes na defini\u00e7\u00e3o das diretrizes e propostas da revis\u00e3o, caracterizadas como de curto, m\u00e9dio e longo prazo, em continuidade \u00e0 primeira audi\u00eancia que foi de levantamento de dados e participa\u00e7\u00e3o popular.<br><br>O Plano Diretor \u00e9, de acordo com a Constitui\u00e7\u00e3o Federal, o instrumento b\u00e1sico da pol\u00edtica de desenvolvimento e expans\u00e3o urbana. Ele \u00e9 o principal instrumento da pol\u00edtica de desenvolvimento urbano e ambiental de Arax\u00e1, aplic\u00e1vel a todo o territ\u00f3rio municipal e \u00e9 refer\u00eancia obrigat\u00f3ria para os agentes p\u00fablicos e privados que atuam no Munic\u00edpio.<br><br>\u201cPor isso, a revis\u00e3o do Plano, tem como objetivo geral representar a pol\u00edtica de planejamento municipal e adequ\u00e1-la \u00e0 nova realidade do Munic\u00edpio, se fundamentando na Agenda 2030, e seus Objetivos de Desenvolvimento Sustent\u00e1veis (ODS), e na Nova Agenda Urbana\u201d, afirma o superintendente do IPDSA, Vin\u00edcius Martins.<br><br>Ele acrescenta que a revis\u00e3o objetiva o desenvolvimento sustent\u00e1vel, incentivando a implementa\u00e7\u00e3o do conceito de Cidades Inteligentes. \u201cE dentro desse prop\u00f3sito, a Prefeitura de Arax\u00e1 lan\u00e7ou recentemente o aplicativo Colab Cidad\u00e3o, justamente para dar mais intera\u00e7\u00e3o da popula\u00e7\u00e3o por meio de suas demandas junto \u00e0 Administra\u00e7\u00e3o P\u00fablica, contanto com mais de oitenta servi\u00e7os\u201d, diz Vin\u00edcius.<br><br>O superintendente ressalta a participa\u00e7\u00e3o popular como decisiva para a revis\u00e3o do Plano Diretor. \u201cEsta segunda rodada de contribui\u00e7\u00f5es \u00e9 um momento de grande import\u00e2ncia. Destaco a relev\u00e2ncia da participa\u00e7\u00e3o de todos, pois este momento \u00e9 prop\u00edcio para escutar e levantar quest\u00f5es que s\u00e3o consideradas mais importantes em seu bairro. Esta comunidade \u00e9 parte integrante da constru\u00e7\u00e3o da lei que trata do desenvolvimento sustent\u00e1vel do munic\u00edpio\u201d, afirma.<br><br>Uma terceira audi\u00eancia p\u00fablica ainda ser\u00e1 realizada para apresenta\u00e7\u00e3o do esbo\u00e7o do novo plano diretor estrat\u00e9gico e as altera\u00e7\u00f5es legislativas que disciplinar\u00e3o o desenvolvimento e expans\u00e3o urbana nos aspectos econ\u00f4micos, f\u00edsicos, ambientais e sociais.<\/p>\n","protected":false},"excerpt":{"rendered":"<p>A 2\u00aa Audi\u00eancia P\u00fablica para a Revis\u00e3o do Plano Diretor Estrat\u00e9gico de Arax\u00e1 foi realizada na noite do dia 15,<\/p>\n","protected":false},"author":2,"featured_media":4419,"comment_status":"open","ping_status":"open","sticky":false,"template":"","format":"standard","meta":{"footnotes":""},"categories":[9,11],"tags":[],"class_list":["post-4418","post","type-post","status-publish","format-standard","has-post-thumbnail","hentry","category-araxa","category-destaques"],"_links":{"self":[{"href":"http:\/\/blogdoarmindomaia.com.br\/index.php?rest_route=\/wp\/v2\/posts\/4418","targetHints":{"allow":["GET"]}}],"collection":[{"href":"http:\/\/blogdoarmindomaia.com.br\/index.php?rest_route=\/wp\/v2\/posts"}],"about":[{"href":"http:\/\/blogdoarmindomaia.com.br\/index.php?rest_route=\/wp\/v2\/types\/post"}],"author":[{"embeddable":true,"href":"http:\/\/blogdoarmindomaia.com.br\/index.php?rest_route=\/wp\/v2\/users\/2"}],"replies":[{"embeddable":true,"href":"http:\/\/blogdoarmindomaia.com.br\/index.php?rest_route=%2Fwp%2Fv2%2Fcomments&post=4418"}],"version-history":[{"count":1,"href":"http:\/\/blogdoarmindomaia.com.br\/index.php?rest_route=\/wp\/v2\/posts\/4418\/revisions"}],"predecessor-version":[{"id":4420,"href":"http:\/\/blogdoarmindomaia.com.br\/index.php?rest_route=\/wp\/v2\/posts\/4418\/revisions\/4420"}],"wp:featuredmedia":[{"embeddable":true,"href":"http:\/\/blogdoarmindomaia.com.br\/index.php?rest_route=\/wp\/v2\/media\/4419"}],"wp:attachment":[{"href":"http:\/\/blogdoarmindomaia.com.br\/index.php?rest_route=%2Fwp%2Fv2%2Fmedia&parent=4418"}],"wp:term":[{"taxonomy":"category","embeddable":true,"href":"http:\/\/blogdoarmindomaia.com.br\/index.php?rest_route=%2Fwp%2Fv2%2Fcategories&post=4418"},{"taxonomy":"post_tag","embeddable":true,"href":"http:\/\/blogdoarmindomaia.com.br\/index.php?rest_route=%2Fwp%2Fv2%2Ftags&post=4418"}],"curies":[{"name":"wp","href":"https:\/\/api.w.org\/{rel}","templated":true}]}}