{"id":4421,"date":"2023-02-23T11:49:14","date_gmt":"2023-02-23T14:49:14","guid":{"rendered":"http:\/\/blogdoarmindomaia.com.br\/?p=4421"},"modified":"2023-02-23T11:49:16","modified_gmt":"2023-02-23T14:49:16","slug":"michele-viegas-assume-presidencia-da-camara-da-mulher-empreendedora-da-acia","status":"publish","type":"post","link":"http:\/\/blogdoarmindomaia.com.br\/?p=4421","title":{"rendered":"<strong>Michele Viegas assume presid\u00eancia da C\u00e2mara da Mulher Empreendedora da Acia<\/strong>"},"content":{"rendered":"\n<figure class=\"wp-block-image size-large is-style-default\"><img loading=\"lazy\" decoding=\"async\" width=\"1024\" height=\"683\" src=\"http:\/\/blogdoarmindomaia.com.br\/wp-content\/uploads\/2023\/02\/Michele-Viegas-assume-presidencia-da-Camara-da-Mulher-Empreendedora-da-Acia-pag-09-1024x683.jpeg\" alt=\"\" class=\"wp-image-4422\" srcset=\"http:\/\/blogdoarmindomaia.com.br\/wp-content\/uploads\/2023\/02\/Michele-Viegas-assume-presidencia-da-Camara-da-Mulher-Empreendedora-da-Acia-pag-09-1024x683.jpeg 1024w, http:\/\/blogdoarmindomaia.com.br\/wp-content\/uploads\/2023\/02\/Michele-Viegas-assume-presidencia-da-Camara-da-Mulher-Empreendedora-da-Acia-pag-09-300x200.jpeg 300w, http:\/\/blogdoarmindomaia.com.br\/wp-content\/uploads\/2023\/02\/Michele-Viegas-assume-presidencia-da-Camara-da-Mulher-Empreendedora-da-Acia-pag-09-768x512.jpeg 768w, http:\/\/blogdoarmindomaia.com.br\/wp-content\/uploads\/2023\/02\/Michele-Viegas-assume-presidencia-da-Camara-da-Mulher-Empreendedora-da-Acia-pag-09.jpeg 1500w\" sizes=\"auto, (max-width: 1024px) 100vw, 1024px\" \/><\/figure>\n\n\n\n<p>A empres\u00e1ria Michele Cristina Moraes Viegas assumiu, a presid\u00eancia da C\u00e2mara da Mulher Empreendedora da Acia \u2013 CME para o tri\u00eanio 2023\/2025. A solenidade, realizada no anfiteatro da entidade, reuniu empres\u00e1rias, associados e autoridades locais. Em seu discurso de posse, a nova presidente relembrou sua hist\u00f3ria com o \u00f3rg\u00e3o orbital. \u201cEntrei na C\u00e2mara da Mulher em 2012, na gest\u00e3o da ex-presidente Val\u00e9ria Santos Sena de Oliveira, e ela tornou-se a minha madrinha no associativismo. Agrade\u00e7o a Deus por poder viver esta noite quando assumo a oportunidade de trabalhar pelo empreendedorismo feminino e o empoderamento da mulher\u201d, ressaltou.&nbsp;<\/p>\n\n\n\n<p>Michele Viegas tamb\u00e9m fez quest\u00e3o de parabenizar as ex-presidentes, em especial a Cl\u00e1udia Castro que comandou a CME no mandato 2020\/2022, al\u00e9m de agradecer a todas que comp\u00f5em sua chapa. \u201cUm agradecimento muito especial a Cl\u00e1udia, por sua confian\u00e7a e pelo aprendizado que me proporcionou, seu legado fez toda a diferen\u00e7a para que eu aceitasse esse desafio. Agrade\u00e7o tamb\u00e9m a todas as empres\u00e1rias que aceitaram esse desafio junto comigo\u201d, afirmou.<\/p>\n\n\n\n<p>Por \u00faltimo a nova presidente agradeceu \u00e0 Acia em nome do presidente Leonardo Drummond, e adiantou como deve ser sua gest\u00e3o \u00e0 frente da CME. \u201cAgrade\u00e7o ao presidente Leonardo Drummond de Ara\u00fajo pela confian\u00e7a em mim depositada. Acredito que o associativismo \u00e9 uma forma de participa\u00e7\u00e3o social que objetiva provocar o debate, a troca de ideias, sobre as possibilidades de organiza\u00e7\u00e3o e os benef\u00edcios resultantes da atua\u00e7\u00e3o coletiva.&nbsp;\u00c9 poss\u00edvel ser empreendedora, atuar na comunidade, al\u00e9m de ser m\u00e3e, esposa e gestora do lar.&nbsp;Assim, seremos n\u00f3s, sempre em busca de uma conjuntura mais favor\u00e1vel para a mulher\u201d, concluiu.<\/p>\n\n\n\n<p><strong>Conhe\u00e7a a nova diretoria da CME:<\/strong><\/p>\n\n\n\n<p><strong>Presidente:&nbsp;<\/strong>Michele Cristina Moraes Viegas \u2013 Bileve Uniformes<\/p>\n\n\n\n<p><strong>1\u00b0 vice-presidente:<\/strong>&nbsp;Junia Cristina Silva Machado &#8211; Decorar, M\u00f3veis e Decora\u00e7\u00e3o<\/p>\n\n\n\n<p><strong>2\u00b0 vice-presidente:<\/strong>&nbsp;Geovania Carla Moura \u2013 Gi\u00f4 Moura Desenvolvimento Humano<\/p>\n\n\n\n<p><strong>Demais diretoras:<\/strong><\/p>\n\n\n\n<p>Augusta de Oliveira Batista &#8211; Biscoitos Sempri<\/p>\n\n\n\n<p>Belchiorina Cardoso Ferreira &#8211; Ateli\u00ea de Bel<\/p>\n\n\n\n<p>Edv\u00e2nia Aparecida Ribeiro Chaves &#8211; Lojas Cross<\/p>\n\n\n\n<p>Jossiane Garcia da Silva &#8211; Cuidaree Cl\u00ednica Est\u00e9tica<\/p>\n\n\n\n<p>Juliana Gon\u00e7alves Machado e Silva &#8211; Consultoria de Projetos Sociais<\/p>\n\n\n\n<p>Karluci dos Santos Noleto Rocha &#8211; Mana Mel Confeitaria<\/p>\n\n\n\n<p>Luciany Cristina Ferreira Alves &#8211; Pillar Arquitetura<\/p>\n\n\n\n<p>Luciene Diniz Queiroz Ferreira &#8211; Manfil Ferro e A\u00e7o<\/p>\n\n\n\n<p>Priscilla Teixeira Gomes da Costa &#8211; Terapeuta Energ\u00e9tica e Life Coach<\/p>\n\n\n\n<p>Regina Aparecida Gaspar de Souza Lima &#8211; Ouvidor Comunica\u00e7\u00e3o<\/p>\n\n\n\n<p>Vilma Severo Te\u00f3filo Silva &#8211; Sudeste Seguro<\/p>\n\n\n\n<p><strong>Sobre a CME<\/strong><\/p>\n\n\n\n<p>A C\u00e2mara da Mulher Empreendedora da Associa\u00e7\u00e3o Comercial e Industrial de Arax\u00e1 \u00e9 um \u00f3rg\u00e3o orbital criado em 1999, sem fins lucrativos que representa a mulher empreendedora nos diversos segmentos sociais, econ\u00f4micos e empresariais de Arax\u00e1. Al\u00e9m de desenvolver a conscientiza\u00e7\u00e3o da responsabilidade pelo processo econ\u00f4mico, pol\u00edtico e social.<\/p>\n","protected":false},"excerpt":{"rendered":"<p>A empres\u00e1ria Michele Cristina Moraes Viegas assumiu, a presid\u00eancia da C\u00e2mara da Mulher Empreendedora da Acia \u2013 CME para o<\/p>\n","protected":false},"author":2,"featured_media":4422,"comment_status":"open","ping_status":"open","sticky":false,"template":"","format":"standard","meta":{"footnotes":""},"categories":[9,11],"tags":[],"class_list":["post-4421","post","type-post","status-publish","format-standard","has-post-thumbnail","hentry","category-araxa","category-destaques"],"_links":{"self":[{"href":"http:\/\/blogdoarmindomaia.com.br\/index.php?rest_route=\/wp\/v2\/posts\/4421","targetHints":{"allow":["GET"]}}],"collection":[{"href":"http:\/\/blogdoarmindomaia.com.br\/index.php?rest_route=\/wp\/v2\/posts"}],"about":[{"href":"http:\/\/blogdoarmindomaia.com.br\/index.php?rest_route=\/wp\/v2\/types\/post"}],"author":[{"embeddable":true,"href":"http:\/\/blogdoarmindomaia.com.br\/index.php?rest_route=\/wp\/v2\/users\/2"}],"replies":[{"embeddable":true,"href":"http:\/\/blogdoarmindomaia.com.br\/index.php?rest_route=%2Fwp%2Fv2%2Fcomments&post=4421"}],"version-history":[{"count":1,"href":"http:\/\/blogdoarmindomaia.com.br\/index.php?rest_route=\/wp\/v2\/posts\/4421\/revisions"}],"predecessor-version":[{"id":4423,"href":"http:\/\/blogdoarmindomaia.com.br\/index.php?rest_route=\/wp\/v2\/posts\/4421\/revisions\/4423"}],"wp:featuredmedia":[{"embeddable":true,"href":"http:\/\/blogdoarmindomaia.com.br\/index.php?rest_route=\/wp\/v2\/media\/4422"}],"wp:attachment":[{"href":"http:\/\/blogdoarmindomaia.com.br\/index.php?rest_route=%2Fwp%2Fv2%2Fmedia&parent=4421"}],"wp:term":[{"taxonomy":"category","embeddable":true,"href":"http:\/\/blogdoarmindomaia.com.br\/index.php?rest_route=%2Fwp%2Fv2%2Fcategories&post=4421"},{"taxonomy":"post_tag","embeddable":true,"href":"http:\/\/blogdoarmindomaia.com.br\/index.php?rest_route=%2Fwp%2Fv2%2Ftags&post=4421"}],"curies":[{"name":"wp","href":"https:\/\/api.w.org\/{rel}","templated":true}]}}