{"id":4434,"date":"2023-02-23T14:27:56","date_gmt":"2023-02-23T17:27:56","guid":{"rendered":"http:\/\/blogdoarmindomaia.com.br\/?p=4434"},"modified":"2023-02-23T14:27:58","modified_gmt":"2023-02-23T17:27:58","slug":"prefeitura-de-araxa-amplia-o-projeto-educacao-em-tempo-integral","status":"publish","type":"post","link":"http:\/\/blogdoarmindomaia.com.br\/?p=4434","title":{"rendered":"Prefeitura de Arax\u00e1 amplia o Projeto Educa\u00e7\u00e3o em Tempo Integral"},"content":{"rendered":"\n<figure class=\"wp-block-image size-full is-style-default\"><img loading=\"lazy\" decoding=\"async\" width=\"1024\" height=\"683\" src=\"http:\/\/blogdoarmindomaia.com.br\/wp-content\/uploads\/2023\/02\/Tempo-Integral-5.jpeg\" alt=\"\" class=\"wp-image-4435\" srcset=\"http:\/\/blogdoarmindomaia.com.br\/wp-content\/uploads\/2023\/02\/Tempo-Integral-5.jpeg 1024w, http:\/\/blogdoarmindomaia.com.br\/wp-content\/uploads\/2023\/02\/Tempo-Integral-5-300x200.jpeg 300w, http:\/\/blogdoarmindomaia.com.br\/wp-content\/uploads\/2023\/02\/Tempo-Integral-5-768x512.jpeg 768w\" sizes=\"auto, (max-width: 1024px) 100vw, 1024px\" \/><\/figure>\n\n\n\n<p>Para agregar novos conhecimentos, saberes e experi\u00eancias e promover pontes entre o aprendizado e o cotidiano, a Prefeitura de Arax\u00e1 contempla as atividades de Educa\u00e7\u00e3o Integral para mais de 1.400 alunos da Rede Municipal de Ensino em 2023.<br><br>S\u00e3o estudantes com idades entre 6 e 15 anos matriculados nas turmas das s\u00e9ries iniciais e finais do Ensino Fundamental. Neste ano, houve um aumento de, aproximadamente, 150 alunos atendidos em rela\u00e7\u00e3o ao ano de 2022.<br><br>Na Educa\u00e7\u00e3o Integral em Arax\u00e1, os alunos permanecem na escola por nove horas, duas horas a mais do que o m\u00ednimo definido em lei. As atividades acontecem em 11 unidades escolares, al\u00e9m de tr\u00eas institui\u00e7\u00f5es parceiras. S\u00e3o mais de 130 profissionais envolvidos diretamente com a oferta da Educa\u00e7\u00e3o Integral, dentre eles, 56 professores regentes e 54 professores de apoio.<br><br>Os estudantes contam com atividades pedag\u00f3gicas que priorizam a forma\u00e7\u00e3o integral de cada um, o desenvolvimento do protagonismo, a recomposi\u00e7\u00e3o dos conte\u00fados de L\u00edngua Portuguesa e Matem\u00e1tica.<br><br>As a\u00e7\u00f5es de Educa\u00e7\u00e3o Integral buscam implementar forma\u00e7\u00e3o em diversas \u00e1reas, como esporte, arte, literatura, m\u00fasica, tecnologia, inova\u00e7\u00e3o, educa\u00e7\u00e3o fiscal e forma\u00e7\u00e3o cidad\u00e3, que complementam o conhecimento tradicional acessado pelos estudantes, por meio da amplia\u00e7\u00e3o da jornada escolar.<br><br>De acordo com a secret\u00e1ria municipal de Educa\u00e7\u00e3o, Zulma Moreira, o Ensino Integral vai muito al\u00e9m de otimizar o hor\u00e1rio ampliado para os estudos. \u201cOs alunos contam com materiais pedag\u00f3gicos diferenciados e acesso \u00e0 alimenta\u00e7\u00e3o balanceada, oferecida quatro vezes ao dia. Al\u00e9m disso, j\u00e1 existem parcerias com diversas entidades do Terceiro Setor para a diversifica\u00e7\u00e3o da rotina dos saberes a que cada crian\u00e7a ter\u00e1 acesso. Esse projeto pedag\u00f3gico busca atender a demanda da comunidade escolar e integra as diferentes \u00e1reas do conhecimento, com propostas interdisciplinares e temas contempor\u00e2neos\u201d, destaca.<br><br>O Tempo Integral \u00e9 executado nas escolas Lia Salgado, Professor Nelson Gomes, Pio XII, Padre Jo\u00e3o Botelho, Escola de Aplica\u00e7\u00e3o L\u00e9lia Guimar\u00e3es, Professora Rom\u00e1lia Porf\u00edrio de Azevedo Leite, Professora Leonilda Montandon (Caic), Dr. Eduardo Montandon, Alice Moura, Dona Gabriela, Aziz J. Chaer, Orat\u00f3rio Nossa Senhora Auxiliadora, AABB Comunidade e Centro Educacional J\u00falio D\u00e1rio.<\/p>\n","protected":false},"excerpt":{"rendered":"<p>Para agregar novos conhecimentos, saberes e experi\u00eancias e promover pontes entre o aprendizado e o cotidiano, a Prefeitura de Arax\u00e1<\/p>\n","protected":false},"author":2,"featured_media":4436,"comment_status":"open","ping_status":"open","sticky":false,"template":"","format":"standard","meta":{"footnotes":""},"categories":[9,13],"tags":[],"class_list":["post-4434","post","type-post","status-publish","format-standard","has-post-thumbnail","hentry","category-araxa","category-educacao"],"_links":{"self":[{"href":"http:\/\/blogdoarmindomaia.com.br\/index.php?rest_route=\/wp\/v2\/posts\/4434","targetHints":{"allow":["GET"]}}],"collection":[{"href":"http:\/\/blogdoarmindomaia.com.br\/index.php?rest_route=\/wp\/v2\/posts"}],"about":[{"href":"http:\/\/blogdoarmindomaia.com.br\/index.php?rest_route=\/wp\/v2\/types\/post"}],"author":[{"embeddable":true,"href":"http:\/\/blogdoarmindomaia.com.br\/index.php?rest_route=\/wp\/v2\/users\/2"}],"replies":[{"embeddable":true,"href":"http:\/\/blogdoarmindomaia.com.br\/index.php?rest_route=%2Fwp%2Fv2%2Fcomments&post=4434"}],"version-history":[{"count":1,"href":"http:\/\/blogdoarmindomaia.com.br\/index.php?rest_route=\/wp\/v2\/posts\/4434\/revisions"}],"predecessor-version":[{"id":4437,"href":"http:\/\/blogdoarmindomaia.com.br\/index.php?rest_route=\/wp\/v2\/posts\/4434\/revisions\/4437"}],"wp:featuredmedia":[{"embeddable":true,"href":"http:\/\/blogdoarmindomaia.com.br\/index.php?rest_route=\/wp\/v2\/media\/4436"}],"wp:attachment":[{"href":"http:\/\/blogdoarmindomaia.com.br\/index.php?rest_route=%2Fwp%2Fv2%2Fmedia&parent=4434"}],"wp:term":[{"taxonomy":"category","embeddable":true,"href":"http:\/\/blogdoarmindomaia.com.br\/index.php?rest_route=%2Fwp%2Fv2%2Fcategories&post=4434"},{"taxonomy":"post_tag","embeddable":true,"href":"http:\/\/blogdoarmindomaia.com.br\/index.php?rest_route=%2Fwp%2Fv2%2Ftags&post=4434"}],"curies":[{"name":"wp","href":"https:\/\/api.w.org\/{rel}","templated":true}]}}