{"id":4438,"date":"2023-02-23T14:30:20","date_gmt":"2023-02-23T17:30:20","guid":{"rendered":"http:\/\/blogdoarmindomaia.com.br\/?p=4438"},"modified":"2023-02-23T14:32:53","modified_gmt":"2023-02-23T17:32:53","slug":"prefeitura-de-araxa-firma-convenio-com-a-casa-de-nazare","status":"publish","type":"post","link":"http:\/\/blogdoarmindomaia.com.br\/?p=4438","title":{"rendered":"<strong>Prefeitura de Arax\u00e1 firma conv\u00eanio com a Casa de Nazar\u00e9<\/strong>"},"content":{"rendered":"\n<figure class=\"wp-block-image size-full is-style-default\"><img loading=\"lazy\" decoding=\"async\" width=\"1024\" height=\"683\" src=\"http:\/\/blogdoarmindomaia.com.br\/wp-content\/uploads\/2023\/02\/CONVENIO-CASA-DE-NAZARE-4.jpeg\" alt=\"\" class=\"wp-image-4439\" srcset=\"http:\/\/blogdoarmindomaia.com.br\/wp-content\/uploads\/2023\/02\/CONVENIO-CASA-DE-NAZARE-4.jpeg 1024w, http:\/\/blogdoarmindomaia.com.br\/wp-content\/uploads\/2023\/02\/CONVENIO-CASA-DE-NAZARE-4-300x200.jpeg 300w, http:\/\/blogdoarmindomaia.com.br\/wp-content\/uploads\/2023\/02\/CONVENIO-CASA-DE-NAZARE-4-768x512.jpeg 768w\" sizes=\"auto, (max-width: 1024px) 100vw, 1024px\" \/><\/figure>\n\n\n\n<p>A Prefeitura de Arax\u00e1 firmou conv\u00eanio no valor de R$ 50.000,00 com a Casa de Nazar\u00e9. O termo foi assinado pelo prefeito Robson Magela e ser\u00e1 repassado em parcela \u00fanica por meio de recursos pr\u00f3prios da Administra\u00e7\u00e3o Municipal.<br><br>Participaram do ato de assinatura a presidente da Casa de Nazar\u00e9, Irm\u00e3 Joana Darc Domingos, colaboradores da entidade e o vereador Jo\u00e3o Veras, autor da indica\u00e7\u00e3o do conv\u00eanio, que ser\u00e1 utilizado para manuten\u00e7\u00e3o e custeio das a\u00e7\u00f5es da entidade.<br><br>A presidente Joana Darc ressalta que o apoio da Administra\u00e7\u00e3o Municipal \u00e9 muito importante. \u201cAgrade\u00e7o \u00e0 Prefeitura de Arax\u00e1 o apoio e o carinho com a nossa institui\u00e7\u00e3o. Com esse recurso n\u00f3s conseguimos oferecer um servi\u00e7o de qualidade para as centenas de crian\u00e7as que atendemos\u201d, afirma.<br><br>O prefeito Robson Magela reafirma a import\u00e2ncia do trabalho realizado pela Casa de Nazar\u00e9. \u201cEsse conv\u00eanio \u00e9 fundamental para que a entidade continue prestando um servi\u00e7o de excel\u00eancia para as nossas crian\u00e7as. \u00c9 uma parceria que faz a diferen\u00e7a na cidade e auxilia nas despesas da entidade\u201d, conclui.<\/p>\n","protected":false},"excerpt":{"rendered":"<p>A Prefeitura de Arax\u00e1 firmou conv\u00eanio no valor de R$ 50.000,00 com a Casa de Nazar\u00e9. O termo foi assinado<\/p>\n","protected":false},"author":2,"featured_media":4439,"comment_status":"open","ping_status":"open","sticky":false,"template":"","format":"standard","meta":{"footnotes":""},"categories":[9,11],"tags":[],"class_list":["post-4438","post","type-post","status-publish","format-standard","has-post-thumbnail","hentry","category-araxa","category-destaques"],"_links":{"self":[{"href":"http:\/\/blogdoarmindomaia.com.br\/index.php?rest_route=\/wp\/v2\/posts\/4438","targetHints":{"allow":["GET"]}}],"collection":[{"href":"http:\/\/blogdoarmindomaia.com.br\/index.php?rest_route=\/wp\/v2\/posts"}],"about":[{"href":"http:\/\/blogdoarmindomaia.com.br\/index.php?rest_route=\/wp\/v2\/types\/post"}],"author":[{"embeddable":true,"href":"http:\/\/blogdoarmindomaia.com.br\/index.php?rest_route=\/wp\/v2\/users\/2"}],"replies":[{"embeddable":true,"href":"http:\/\/blogdoarmindomaia.com.br\/index.php?rest_route=%2Fwp%2Fv2%2Fcomments&post=4438"}],"version-history":[{"count":1,"href":"http:\/\/blogdoarmindomaia.com.br\/index.php?rest_route=\/wp\/v2\/posts\/4438\/revisions"}],"predecessor-version":[{"id":4440,"href":"http:\/\/blogdoarmindomaia.com.br\/index.php?rest_route=\/wp\/v2\/posts\/4438\/revisions\/4440"}],"wp:featuredmedia":[{"embeddable":true,"href":"http:\/\/blogdoarmindomaia.com.br\/index.php?rest_route=\/wp\/v2\/media\/4439"}],"wp:attachment":[{"href":"http:\/\/blogdoarmindomaia.com.br\/index.php?rest_route=%2Fwp%2Fv2%2Fmedia&parent=4438"}],"wp:term":[{"taxonomy":"category","embeddable":true,"href":"http:\/\/blogdoarmindomaia.com.br\/index.php?rest_route=%2Fwp%2Fv2%2Fcategories&post=4438"},{"taxonomy":"post_tag","embeddable":true,"href":"http:\/\/blogdoarmindomaia.com.br\/index.php?rest_route=%2Fwp%2Fv2%2Ftags&post=4438"}],"curies":[{"name":"wp","href":"https:\/\/api.w.org\/{rel}","templated":true}]}}